{"id":1781,"date":"2025-04-04T01:25:16","date_gmt":"2025-04-04T01:25:16","guid":{"rendered":"https:\/\/www.europesays.com\/fr\/1781\/"},"modified":"2025-04-04T01:25:16","modified_gmt":"2025-04-04T01:25:16","slug":"washington-evalue-le-prix-que-lui-couterait-le-groenland","status":"publish","type":"post","link":"https:\/\/www.europesays.com\/fr\/1781\/","title":{"rendered":"Washington \u00e9value le prix que lui co\u00fbterait le Groenland"},"content":{"rendered":"<p>Le Groenland n&rsquo;est pas \u00e0 vendre, mais Donald Trump compte bien l&rsquo;acqu\u00e9rir. Depuis son retour \u00e0 la Maison-Blanche, le pr\u00e9sident des \u00c9tats-Unis n&rsquo;a pas cach\u00e9 son souhait de prendre le contr\u00f4le de ce territoire autonome du Danemark, estimant notamment que <a class=\"link \" href=\"https:\/\/www.lepoint.fr\/monde\/nous-devons-avoir-le-groenland-pour-trump-les-etats-unis-ne-peuvent-pas-vivre-sans-lui-28-03-2025-2585961_24.php\" rel=\"nofollow noopener\" target=\"_blank\" data-ylk=\"slk:son pays ne pourrait \u00ab\u00a0pas vivre sans lui\u00a0\u00bb;elm:context_link;itc:0;sec:content-canvas\">son pays ne pourrait \u00ab\u00a0pas vivre sans lui\u00a0\u00bb<\/a>. Apr\u00e8s de multiples d\u00e9clarations fracassantes, des avanc\u00e9es concr\u00e8tes dans l&rsquo;\u00e9laboration du projet ont \u00e9t\u00e9 ex\u00e9cut\u00e9es ces derni\u00e8res semaines.<\/p>\n<p>Selon le\u00a0<a class=\"link \" href=\"https:\/\/www.washingtonpost.com\/politics\/2025\/04\/01\/trump-greenland-us-territory-cost\/\" rel=\"nofollow noopener\" target=\"_blank\" data-ylk=\"slk:Washington Post;elm:context_link;itc:0;sec:content-canvas\">Washington Post<\/a>, qui cite trois sources proches du dossier, la Maison-Blanche pr\u00e9pare des estimations sur ce que co\u00fbterait <a class=\"link \" href=\"https:\/\/www.lepoint.fr\/monde\/quel-serait-le-prix-de-vente-du-groenland-aux-etats-unis-14-01-2025-2579898_24.php\" rel=\"nofollow noopener\" target=\"_blank\" data-ylk=\"slk:l&#039;achat du\u00a0Groenland;elm:context_link;itc:0;sec:content-canvas\">l&rsquo;achat du\u00a0Groenland<\/a>\u00a0pour le gouvernement f\u00e9d\u00e9ral.\u00a0Les cons\u00e9quences financi\u00e8res \u00e0 ce qu&rsquo;il devienne le 51e\u00a0\u00c9tat am\u00e9ricain ont \u00e9t\u00e9 analys\u00e9es, dont le co\u00fbt des services publics pour ses 58\u00a0000 habitants.\u00a0Le d\u00e9partement du Budget tente\u00a0\u00e9galement d&rsquo;estimer les recettes que le Tr\u00e9sor am\u00e9ricain pourrait tirer des ressources naturelles du Groenland, <a class=\"link \" href=\"https:\/\/www.lepoint.fr\/monde\/pourquoi-donald-trump-convoite-t-il-autant-le-groenland-26-12-2024-2578684_24.php\" rel=\"nofollow noopener\" target=\"_blank\" data-ylk=\"slk:tant convoit\u00e9es par Donald Trump;elm:context_link;itc:0;sec:content-canvas\">tant convoit\u00e9es par Donald Trump<\/a>.<\/p>\n<p>Selon le journal am\u00e9ricain, l&rsquo;une des options envisag\u00e9es\u00a0consiste \u00e0 proposer au gouvernement du Groenland une offre plus avantageuse que celle des Danois, qui subventionnent actuellement les services sur l&rsquo;\u00eele \u00e0 hauteur d&rsquo;environ 600\u00a0millions de dollars par an.\u00a0L&rsquo;id\u00e9e est de dire \u00ab\u00a0nous vous paierons plus que le Danemark\u00a0\u00bb, assure un fonctionnaire sous couvert d&rsquo;anonymat aupr\u00e8s du Washington Post. Et de pr\u00e9ciser\u00a0: \u00ab\u00a0Le d\u00e9bat porte sur le rapport co\u00fbt-b\u00e9n\u00e9fice pour les \u00c9tats-Unis d&rsquo;Am\u00e9rique de l&rsquo;acquisition du Groenland.\u00a0\u00bb<\/p>\n","protected":false},"excerpt":{"rendered":"Le Groenland n&rsquo;est pas \u00e0 vendre, mais Donald Trump compte bien l&rsquo;acqu\u00e9rir. Depuis son retour \u00e0 la Maison-Blanche,&hellip;\n","protected":false},"author":2,"featured_media":1782,"comment_status":"","ping_status":"","sticky":false,"template":"","format":"standard","meta":{"footnotes":""},"categories":[5],"tags":[11,75,1011,27,1326,146,14,1324,12,1325,1327,28],"class_list":{"0":"post-1781","1":"post","2":"type-post","3":"status-publish","4":"format-standard","5":"has-post-thumbnail","7":"category-international","8":"tag-actualites","9":"tag-donald-trump","10":"tag-fr","11":"tag-france","12":"tag-gouvernement-federal","13":"tag-groenland","14":"tag-international","15":"tag-la-maison-blanche","16":"tag-news","17":"tag-president-des-etats-unis","18":"tag-washington-post","19":"tag-world"},"share_on_mastodon":{"url":"https:\/\/pubeurope.com\/@fr\/114277090757357045","error":""},"_links":{"self":[{"href":"https:\/\/www.europesays.com\/fr\/wp-json\/wp\/v2\/posts\/1781","targetHints":{"allow":["GET"]}}],"collection":[{"href":"https:\/\/www.europesays.com\/fr\/wp-json\/wp\/v2\/posts"}],"about":[{"href":"https:\/\/www.europesays.com\/fr\/wp-json\/wp\/v2\/types\/post"}],"author":[{"embeddable":true,"href":"https:\/\/www.europesays.com\/fr\/wp-json\/wp\/v2\/users\/2"}],"replies":[{"embeddable":true,"href":"https:\/\/www.europesays.com\/fr\/wp-json\/wp\/v2\/comments?post=1781"}],"version-history":[{"count":0,"href":"https:\/\/www.europesays.com\/fr\/wp-json\/wp\/v2\/posts\/1781\/revisions"}],"wp:featuredmedia":[{"embeddable":true,"href":"https:\/\/www.europesays.com\/fr\/wp-json\/wp\/v2\/media\/1782"}],"wp:attachment":[{"href":"https:\/\/www.europesays.com\/fr\/wp-json\/wp\/v2\/media?parent=1781"}],"wp:term":[{"taxonomy":"category","embeddable":true,"href":"https:\/\/www.europesays.com\/fr\/wp-json\/wp\/v2\/categories?post=1781"},{"taxonomy":"post_tag","embeddable":true,"href":"https:\/\/www.europesays.com\/fr\/wp-json\/wp\/v2\/tags?post=1781"}],"curies":[{"name":"wp","href":"https:\/\/api.w.org\/{rel}","templated":true}]}}