{"id":178101,"date":"2025-06-15T09:59:08","date_gmt":"2025-06-15T09:59:08","guid":{"rendered":"https:\/\/www.europesays.com\/fr\/178101\/"},"modified":"2025-06-15T09:59:08","modified_gmt":"2025-06-15T09:59:08","slug":"atp-novak-djokovic-pour-financer-une-partie-du-debut-de-ma-carriere-mon-pere-a-du-faire-appel-a-la-mafia","status":"publish","type":"post","link":"https:\/\/www.europesays.com\/fr\/178101\/","title":{"rendered":"ATP > Novak Djokovic : \u00ab\u00a0Pour financer une partie du d\u00e9but de ma carri\u00e8re, mon p\u00e8re a du faire appel \u00e0 la mafia\u00a0\u00bb"},"content":{"rendered":"<p>Dans l\u2019in\u00adter\u00adview longue et passion\u00adnante accord\u00e9 \u00e0 un m\u00e9dia serbe, Novak Djokovic \u00e9voque un \u00e9v\u00e8ne\u00adment de sa jeunesse quand il devait abso\u00adlu\u00adment se rendre aux Etats\u2010Unis pour conti\u00adnuer sa carri\u00e8re de joueur de tennis. Pour pouvoir traverser l\u2019Atlantique il fallait une grosse somme d\u2019argent et les parents de Novak n\u2019avaient donc pas vrai\u00adment les moyens.<\/p>\n<p>La suite c\u2019est Nole qui l\u2019a raconte le mieux\u00a0: <strong>\u00ab\u202fLe voyage a co\u00fbt\u00e9 environ 5\u00a0000 dollars\u202f; c\u2019\u00e9tait impos\u00adsible d\u2019avoir une telle somme \u00e0 l\u2019\u00e9poque. Mon p\u00e8re a d\u00fb se tourner vers des usuriers, la mafia. Il a expliqu\u00e9 la situa\u00adtion, a admis que nous \u00e9tions press\u00e9s, et ils lui ont fait payer 30\u202f% d\u2019int\u00e9r\u00eats. Mon p\u00e8re a accept\u00e9, mais il y a des histoires incroyables de cette \u00e9poque. Nous avons eu beau\u00adcoup de probl\u00e8mes\u202f; il a m\u00eame eu un acci\u00addent de voiture, mais il a fina\u00adle\u00adment pu\u00a0payer\u202f\u00bb<\/strong><\/p>\n<p class=\"post-published-date\" style=\"color: silver; font-size: 75%; text-align: left;\">Publi\u00e9 le dimanche 15 juin 2025 \u00e0 10:20<\/p>\n","protected":false},"excerpt":{"rendered":"Dans l\u2019in\u00adter\u00adview longue et passion\u00adnante accord\u00e9 \u00e0 un m\u00e9dia serbe, Novak Djokovic \u00e9voque un \u00e9v\u00e8ne\u00adment de sa jeunesse&hellip;\n","protected":false},"author":2,"featured_media":178102,"comment_status":"","ping_status":"","sticky":false,"template":"","format":"standard","meta":{"footnotes":""},"categories":[1415],"tags":[105,1011,27,60,1467],"class_list":{"0":"post-178101","1":"post","2":"type-post","3":"status-publish","4":"format-standard","5":"has-post-thumbnail","7":"category-tennis","8":"tag-djokovic","9":"tag-fr","10":"tag-france","11":"tag-sports","12":"tag-tennis"},"share_on_mastodon":{"url":"https:\/\/pubeurope.com\/@fr\/114686798248244269","error":""},"_links":{"self":[{"href":"https:\/\/www.europesays.com\/fr\/wp-json\/wp\/v2\/posts\/178101","targetHints":{"allow":["GET"]}}],"collection":[{"href":"https:\/\/www.europesays.com\/fr\/wp-json\/wp\/v2\/posts"}],"about":[{"href":"https:\/\/www.europesays.com\/fr\/wp-json\/wp\/v2\/types\/post"}],"author":[{"embeddable":true,"href":"https:\/\/www.europesays.com\/fr\/wp-json\/wp\/v2\/users\/2"}],"replies":[{"embeddable":true,"href":"https:\/\/www.europesays.com\/fr\/wp-json\/wp\/v2\/comments?post=178101"}],"version-history":[{"count":0,"href":"https:\/\/www.europesays.com\/fr\/wp-json\/wp\/v2\/posts\/178101\/revisions"}],"wp:featuredmedia":[{"embeddable":true,"href":"https:\/\/www.europesays.com\/fr\/wp-json\/wp\/v2\/media\/178102"}],"wp:attachment":[{"href":"https:\/\/www.europesays.com\/fr\/wp-json\/wp\/v2\/media?parent=178101"}],"wp:term":[{"taxonomy":"category","embeddable":true,"href":"https:\/\/www.europesays.com\/fr\/wp-json\/wp\/v2\/categories?post=178101"},{"taxonomy":"post_tag","embeddable":true,"href":"https:\/\/www.europesays.com\/fr\/wp-json\/wp\/v2\/tags?post=178101"}],"curies":[{"name":"wp","href":"https:\/\/api.w.org\/{rel}","templated":true}]}}