{"id":178125,"date":"2025-06-15T10:11:10","date_gmt":"2025-06-15T10:11:10","guid":{"rendered":"https:\/\/www.europesays.com\/fr\/178125\/"},"modified":"2025-06-15T10:11:10","modified_gmt":"2025-06-15T10:11:10","slug":"pour-la-premiere-fois-une-etude-sinteresse-a-ce-que-lendometriose-coute-aux-femmes-liberation","status":"publish","type":"post","link":"https:\/\/www.europesays.com\/fr\/178125\/","title":{"rendered":"pour la premi\u00e8re fois, une \u00e9tude s\u2019int\u00e9resse \u00e0 ce que l\u2019endom\u00e9triose co\u00fbte aux femmes \u2013 Lib\u00e9ration"},"content":{"rendered":"<p class=\"sc-ksZaOG ehjQrN text-element\">Les associations de patientes le r\u00e9p\u00e8tent depuis des ann\u00e9es : l\u2019endom\u00e9triose d\u00e9clenche de multiples souffrances mais co\u00fbte \u00e9galement cher aux femmes. Leurs alertes r\u00e9p\u00e9t\u00e9es aupr\u00e8s des pouvoirs publics ont port\u00e9 leurs fruits : en r\u00e9ponse \u00e0 ces t\u00e9moignages, la Caisse nationale d\u2019assurance maladie (Cnam) a command\u00e9, \u00e0 la demande du minist\u00e8re de la Sant\u00e9, une premi\u00e8re grande \u00e9tude sur le sujet. Objectif : estimer le co\u00fbt financier de cette maladie gyn\u00e9cologique inflammatoire, qui touche <a href=\"https:\/\/www.enseignementsup-recherche.gouv.fr\/fr\/endometriose-point-sur-les-avancees-de-la-recherche-90002#:~:text=T%C3%A9moignages%20de%20chercheurs-,L&#039;endom%C3%A9triose%2C%20qu&#039;est%2Dce%20que%20c&#039;,touche%201%20femme%20sur%2010.\" target=\"_blank\" rel=\"noreferrer noopener\" title=\"https:\/\/www.enseignementsup-recherche.gouv.fr\/fr\/endometriose-point-sur-les-avancees-de-la-recherche-90002#:~:text=T%C3%A9moignages%20de%20chercheurs-,L&#039;endom%C3%A9triose%2C%20qu&#039;est%2Dce%20que%20c&#039;,touche%201%20femme%20sur%2010.\">2 millions de personnes en France<\/a>. La plateforme collaborative de recherche sur les maladies chroniques ComPaRe, qui dispose d\u2019une cohorte d\u00e9di\u00e9e \u00e0 l\u2019endom\u00e9triose, a lanc\u00e9 trois questionnaires ce jeudi 5 juin.<\/p>\n","protected":false},"excerpt":{"rendered":"Les associations de patientes le r\u00e9p\u00e8tent depuis des ann\u00e9es : l\u2019endom\u00e9triose d\u00e9clenche de multiples souffrances mais co\u00fbte \u00e9galement&hellip;\n","protected":false},"author":2,"featured_media":178126,"comment_status":"","ping_status":"","sticky":false,"template":"","format":"standard","meta":{"footnotes":""},"categories":[10],"tags":[31456,1011,27,72,100,71],"class_list":{"0":"post-178125","1":"post","2":"type-post","3":"status-publish","4":"format-standard","5":"has-post-thumbnail","7":"category-sante","8":"tag-endometriose","9":"tag-fr","10":"tag-france","11":"tag-health","12":"tag-hopital","13":"tag-sante"},"share_on_mastodon":{"url":"https:\/\/pubeurope.com\/@fr\/114686845516428962","error":""},"_links":{"self":[{"href":"https:\/\/www.europesays.com\/fr\/wp-json\/wp\/v2\/posts\/178125","targetHints":{"allow":["GET"]}}],"collection":[{"href":"https:\/\/www.europesays.com\/fr\/wp-json\/wp\/v2\/posts"}],"about":[{"href":"https:\/\/www.europesays.com\/fr\/wp-json\/wp\/v2\/types\/post"}],"author":[{"embeddable":true,"href":"https:\/\/www.europesays.com\/fr\/wp-json\/wp\/v2\/users\/2"}],"replies":[{"embeddable":true,"href":"https:\/\/www.europesays.com\/fr\/wp-json\/wp\/v2\/comments?post=178125"}],"version-history":[{"count":0,"href":"https:\/\/www.europesays.com\/fr\/wp-json\/wp\/v2\/posts\/178125\/revisions"}],"wp:featuredmedia":[{"embeddable":true,"href":"https:\/\/www.europesays.com\/fr\/wp-json\/wp\/v2\/media\/178126"}],"wp:attachment":[{"href":"https:\/\/www.europesays.com\/fr\/wp-json\/wp\/v2\/media?parent=178125"}],"wp:term":[{"taxonomy":"category","embeddable":true,"href":"https:\/\/www.europesays.com\/fr\/wp-json\/wp\/v2\/categories?post=178125"},{"taxonomy":"post_tag","embeddable":true,"href":"https:\/\/www.europesays.com\/fr\/wp-json\/wp\/v2\/tags?post=178125"}],"curies":[{"name":"wp","href":"https:\/\/api.w.org\/{rel}","templated":true}]}}