{"id":178143,"date":"2025-06-15T10:20:08","date_gmt":"2025-06-15T10:20:08","guid":{"rendered":"https:\/\/www.europesays.com\/fr\/178143\/"},"modified":"2025-06-15T10:20:08","modified_gmt":"2025-06-15T10:20:08","slug":"deux-adolescents-de-14-et-15-ans-meurent-noyes-dans-la-loire","status":"publish","type":"post","link":"https:\/\/www.europesays.com\/fr\/178143\/","title":{"rendered":"deux adolescents de 14 et 15 ans meurent noy\u00e9s dans la Loire"},"content":{"rendered":"<p>            Par<br \/>\n        <strong><br \/>\n            <a href=\"https:\/\/actu.fr\/auteur\/redaction-saint-etienne\" title=\"Consulter tous les articles de R\u00e9daction Saint-\u00c9tienne\" rel=\"nofollow noopener\" target=\"_blank\">R\u00e9daction Saint-\u00c9tienne<\/a><br \/>\n        <\/strong><\/p>\n<p>        Publi\u00e9 le<\/p>\n<p>            15 juin 2025 \u00e0 10h47        <\/p>\n<p>Deux adolescents \u00e2g\u00e9s de 14 et 15\u00a0ans sont morts noy\u00e9s samedi 14\u00a0juin 2025 dans une zone sauvage des bords de <a href=\"https:\/\/actu.fr\/auvergne-rhone-alpes\/loire_42\" rel=\"nofollow noopener\" target=\"_blank\">Loire<\/a> interdite \u00e0 la baignade, pr\u00e8s de <a href=\"https:\/\/actu.fr\/saint-etienne\/\" rel=\"nofollow noopener\" target=\"_blank\">Saint-Etienne<\/a> (Loire), a-t-on appris aupr\u00e8s de la pr\u00e9fecture et du maire de la ville.<\/p>\n<p>L\u2019une des deux victimes a p\u00e9ri en tentant de \u00ab\u2009venir au secours\u2009\u00bb de la premi\u00e8re<\/p>\n<p class=\" wall-content\">Les deux adolescents faisaient partie d\u2019un groupe d\u2019une quinzaine de gar\u00e7ons, selon la pr\u00e9fecture de la Loire, venus se baigner pr\u00e8s de la commune d\u2019Unieux, dans une zone isol\u00e9e (chemin de la noierie), \u00e9loign\u00e9e d\u2019une base nautique, et alors que la r\u00e9gion connaissait de fortes chaleurs.<\/p>\n<p class=\" wall-content\">L\u2019une des deux victimes a p\u00e9ri en tentant de \u00ab\u2009venir au secours\u2009\u00bb de la premi\u00e8re, qui peinait \u00e0 \u00ab\u2009regagner la rive\u2009\u00bb apr\u00e8s avoir \u00ab\u2009plong\u00e9 depuis un rocher\u2009\u00bb, a indiqu\u00e9 \u00e0 l\u2019AFP le maire de Saint-Etienne Ga\u00ebl Perdriau, confirmant une information du quotidien Le Progr\u00e8s.<\/p>\n<p>Les corps rep\u00each\u00e9s \u00e0 sept et dix m\u00e8tres de profondeur<\/p>\n<p class=\" wall-content\">Les corps des deux adolescents ont \u00e9t\u00e9 rep\u00each\u00e9s \u00e0 sept et dix m\u00e8tres de profondeur par les sapeurs-pompiers appel\u00e9s par les jeunes. L\u2019un n\u2019a pas pu \u00eatre ranim\u00e9 sur place, le second est d\u00e9c\u00e9d\u00e9 lors de son transfert vers l\u2019h\u00e9licopt\u00e8re du Samu, selon l\u2019\u00e9lu, qui s\u2019est rendu sur place.<\/p>\n<p>    <a href=\"https:\/\/www.google.com\/maps\/embed?pb=!1m18!1m12!1m3!1d11202.128476611975!2d4.242805268925606!3d45.41877374880258!2m3!1f0!2f0!3f0!3m2!1i1024!2i768!4f13.1!3m3!1m2!1s0x47f5b111aca17f63%3A0x39e87349d6942ca!2sLa%20Noirie%2C%2042240%20Unieux!5e0!3m2!1sfr!2sfr!4v1749977012757!5m2!1sfr!2sfr\" title=\"Ouvrie le lien\" rel=\"nofollow noopener\" target=\"_blank\">Cliquez ici pour visualiser le contenu<\/a><\/p>\n<p>Vid\u00e9os : en ce moment sur Actu<\/p>\n<p class=\" wall-content\">\u00ab\u2009Ce drame suscite une tr\u00e8s forte \u00e9motion et rappelle, en cette p\u00e9riode de fortes chaleurs propices \u00e0 la baignade, que celle-ci comporte des risques et n\u00e9cessite d\u2019adopter les bons r\u00e9flexes pour les pr\u00e9venir\u2009\u00bb, a rappel\u00e9 sur X le pr\u00e9fet de la Loire.<\/p>\n<p class=\" wall-content\">Une cellule psychologique a \u00e9t\u00e9 mise en place par le CHU de Saint-Etienne.<\/p>\n<p class=\" wall-content\"><strong>AFP<\/strong><\/p>\n<p class=\" wall-content\">Suivez toute l\u2019actualit\u00e9 de vos villes et m\u00e9dias favoris en vous inscrivant \u00e0 <a href=\"https:\/\/moncompte.actu.fr\" title=\"D\u00e9couvez Mon Actu\" rel=\"nofollow noopener\" data-trk=\"{&quot;cta&quot;:{&quot;action&quot;:&quot;https:\\\/\\\/moncompte.actu.fr&quot;,&quot;category&quot;:&quot;mon compte&quot;,&quot;from&quot;:&quot;article footer&quot;,&quot;name&quot;:&quot;Mon actu&quot;,&quot;type&quot;:&quot;cta&quot;}}\" target=\"_blank\">Mon Actu<\/a>.<\/p>\n","protected":false},"excerpt":{"rendered":"Par R\u00e9daction Saint-\u00c9tienne Publi\u00e9 le 15 juin 2025 \u00e0 10h47 Deux adolescents \u00e2g\u00e9s de 14 et 15\u00a0ans sont&hellip;\n","protected":false},"author":2,"featured_media":178144,"comment_status":"","ping_status":"","sticky":false,"template":"","format":"standard","meta":{"footnotes":""},"categories":[9653],"tags":[1111,11,2430,1777,674,118,1011,27,12,1311,25,4001],"class_list":{"0":"post-178143","1":"post","2":"type-post","3":"status-publish","4":"format-standard","5":"has-post-thumbnail","7":"category-saint-etienne","8":"tag-actu","9":"tag-actualites","10":"tag-auvergne-rhone-alpes","11":"tag-eu","12":"tag-europe","13":"tag-faits-divers","14":"tag-fr","15":"tag-france","16":"tag-news","17":"tag-pompiers","18":"tag-republique-francaise","19":"tag-saint-etienne"},"share_on_mastodon":{"url":"https:\/\/pubeurope.com\/@fr\/114686880967721164","error":""},"_links":{"self":[{"href":"https:\/\/www.europesays.com\/fr\/wp-json\/wp\/v2\/posts\/178143","targetHints":{"allow":["GET"]}}],"collection":[{"href":"https:\/\/www.europesays.com\/fr\/wp-json\/wp\/v2\/posts"}],"about":[{"href":"https:\/\/www.europesays.com\/fr\/wp-json\/wp\/v2\/types\/post"}],"author":[{"embeddable":true,"href":"https:\/\/www.europesays.com\/fr\/wp-json\/wp\/v2\/users\/2"}],"replies":[{"embeddable":true,"href":"https:\/\/www.europesays.com\/fr\/wp-json\/wp\/v2\/comments?post=178143"}],"version-history":[{"count":0,"href":"https:\/\/www.europesays.com\/fr\/wp-json\/wp\/v2\/posts\/178143\/revisions"}],"wp:featuredmedia":[{"embeddable":true,"href":"https:\/\/www.europesays.com\/fr\/wp-json\/wp\/v2\/media\/178144"}],"wp:attachment":[{"href":"https:\/\/www.europesays.com\/fr\/wp-json\/wp\/v2\/media?parent=178143"}],"wp:term":[{"taxonomy":"category","embeddable":true,"href":"https:\/\/www.europesays.com\/fr\/wp-json\/wp\/v2\/categories?post=178143"},{"taxonomy":"post_tag","embeddable":true,"href":"https:\/\/www.europesays.com\/fr\/wp-json\/wp\/v2\/tags?post=178143"}],"curies":[{"name":"wp","href":"https:\/\/api.w.org\/{rel}","templated":true}]}}