{"id":178168,"date":"2025-06-15T10:36:11","date_gmt":"2025-06-15T10:36:11","guid":{"rendered":"https:\/\/www.europesays.com\/fr\/178168\/"},"modified":"2025-06-15T10:36:11","modified_gmt":"2025-06-15T10:36:11","slug":"on-sait-quand-laire-marine-protegee-de-nice-devrait-entrer-en-vigueur","status":"publish","type":"post","link":"https:\/\/www.europesays.com\/fr\/178168\/","title":{"rendered":"On sait quand l&rsquo;aire marine prot\u00e9g\u00e9e de Nice devrait entrer en vigueur"},"content":{"rendered":"<p>C&rsquo;est ce qu&rsquo;on appelle un serpent de mer. Dans la partie ni\u00e7oise de la Baie des anges, une aire marine prot\u00e9g\u00e9e est en projet depuis 2020, port\u00e9e par la municipalit\u00e9 avec le concours de scientifiques locaux.\u00a0<\/p>\n<p><a href=\"https:\/\/www.nicematin.com\/sciences\/agir-dans-une-zone-de-tres-fortes-pressions--983510?t=1749919349\" target=\"_blank\" rel=\"noopener\">Objectif: mieux prot\u00e9ger poulpes, seiches, raies, mollusques et autres gast\u00e9ropodes peuplant ces eaux<\/a>. Mais aussi des\u00a0herbiers de cymodoc\u00e9es, ces plantes \u00e0 fleurs qui servent d\u2019habitat aux jeunes poissons et stockent le carbone. Et m\u00eame <a href=\"https:\/\/www.nicematin.com\/environnement\/comment-proteger-la-biodiversite-des-grottes-marines-les-3-propositions-dun-chercheur-azureen-49763\" target=\"_blank\" rel=\"noopener\">une grotte \u00e0 corail, \u00e0 l&rsquo;Est, au Cap de Nice<\/a>, en cours de cartographie.\u00a0\u00ab\u00a0Un concentr\u00e9 de M\u00e9diterran\u00e9e devant une grande ville c\u00f4ti\u00e8re\u00a0\u00bb, r\u00e9sume Christian Estrosi, maire de Nice.<\/p>\n<p>Comment sanctuariser cet \u00e9cosyst\u00e8me? En y contr\u00f4lant plus strictement les usages, avec des degr\u00e9s diff\u00e9rents selon les zones: p\u00eaches, activit\u00e9s maritimes, de loisirs, etc. \u00ab\u00a0La police municipale sera l\u00e0 pour la sillonner, et le pr\u00e9fet maritime, pour toute la zone au-del\u00e0 de la bande des 300 m\u00e8tres, a garanti qu&rsquo;il mettrait aussi les moyens nationaux n\u00e9cessaires\u00a0\u00bb, indique l&rsquo;\u00e9lu.\u00a0<\/p>\n<p><strong>Feu vert du gouvernement pour l&rsquo;automne 2025<\/strong><\/p>\n<p>Reste une question en suspend: quand l&rsquo;aire marine prot\u00e9g\u00e9e ni\u00e7oise sera concr\u00e8tement mise en \u0153uvre. \u00ab\u00a0Probablement d&rsquo;ici le 15 novembre. Le dossier est d\u00e9pos\u00e9, il est en fin d&rsquo;expertise. Le pr\u00e9fet maritime, ainsi que la ministre [de la Transition \u00e9cologique] Agn\u00e8s Pannier-Runacher m&rsquo;ont confirm\u00e9 [lors de l&rsquo;Unoc] que nous nous acheminions vers une conclusion \u00e0 l&rsquo;automne\u00a0\u00bb, annonce Christian Estrosi.\u00a0<\/p>\n<p><a href=\"https:\/\/www.nicematin.com\/environnement\/sommet-de-l-ocean-les-aires-marines-protegees-un-enjeu-mondial--989495\" target=\"_blank\" rel=\"noopener\">Un enjeu de taille<\/a> alors que les engagements de la France \u00e0 augmenter sa surface d&rsquo;aires marines prot\u00e9g\u00e9es sont rest\u00e9s <a href=\"https:\/\/www.nicematin.com\/environnement\/le-sommet-de-l-ocean-a-t-il-permis-de-reelles-avancees-des-experts-repondent-990077\" target=\"_blank\" rel=\"noopener\">en de\u00e7\u00e0 des attentes de la communaut\u00e9 scientifique lors de la 3e Conf\u00e9rence des Nations unies sur l&rsquo;Oc\u00e9an<\/a>.\u00a0<\/p>\n","protected":false},"excerpt":{"rendered":"C&rsquo;est ce qu&rsquo;on appelle un serpent de mer. Dans la partie ni\u00e7oise de la Baie des anges, une&hellip;\n","protected":false},"author":2,"featured_media":178169,"comment_status":"","ping_status":"","sticky":false,"template":"","format":"standard","meta":{"footnotes":""},"categories":[2819],"tags":[1111,11,436,1777,674,332,1011,27,12,2401,882,25],"class_list":{"0":"post-178168","1":"post","2":"type-post","3":"status-publish","4":"format-standard","5":"has-post-thumbnail","7":"category-nice","8":"tag-actu","9":"tag-actualites","10":"tag-environnement","11":"tag-eu","12":"tag-europe","13":"tag-faits-de-societe","14":"tag-fr","15":"tag-france","16":"tag-news","17":"tag-nice","18":"tag-provence-alpes-cote-dazur","19":"tag-republique-francaise"},"share_on_mastodon":{"url":"https:\/\/pubeurope.com\/@fr\/114686943751277368","error":""},"_links":{"self":[{"href":"https:\/\/www.europesays.com\/fr\/wp-json\/wp\/v2\/posts\/178168","targetHints":{"allow":["GET"]}}],"collection":[{"href":"https:\/\/www.europesays.com\/fr\/wp-json\/wp\/v2\/posts"}],"about":[{"href":"https:\/\/www.europesays.com\/fr\/wp-json\/wp\/v2\/types\/post"}],"author":[{"embeddable":true,"href":"https:\/\/www.europesays.com\/fr\/wp-json\/wp\/v2\/users\/2"}],"replies":[{"embeddable":true,"href":"https:\/\/www.europesays.com\/fr\/wp-json\/wp\/v2\/comments?post=178168"}],"version-history":[{"count":0,"href":"https:\/\/www.europesays.com\/fr\/wp-json\/wp\/v2\/posts\/178168\/revisions"}],"wp:featuredmedia":[{"embeddable":true,"href":"https:\/\/www.europesays.com\/fr\/wp-json\/wp\/v2\/media\/178169"}],"wp:attachment":[{"href":"https:\/\/www.europesays.com\/fr\/wp-json\/wp\/v2\/media?parent=178168"}],"wp:term":[{"taxonomy":"category","embeddable":true,"href":"https:\/\/www.europesays.com\/fr\/wp-json\/wp\/v2\/categories?post=178168"},{"taxonomy":"post_tag","embeddable":true,"href":"https:\/\/www.europesays.com\/fr\/wp-json\/wp\/v2\/tags?post=178168"}],"curies":[{"name":"wp","href":"https:\/\/api.w.org\/{rel}","templated":true}]}}