{"id":178206,"date":"2025-06-15T10:58:10","date_gmt":"2025-06-15T10:58:10","guid":{"rendered":"https:\/\/www.europesays.com\/fr\/178206\/"},"modified":"2025-06-15T10:58:10","modified_gmt":"2025-06-15T10:58:10","slug":"etats-unis-le-defile-militaire-de-donald-trump-conteste-par-ses-opposants","status":"publish","type":"post","link":"https:\/\/www.europesays.com\/fr\/178206\/","title":{"rendered":"\u00c9tats-Unis : le d\u00e9fil\u00e9 militaire de Donald Trump contest\u00e9 par ses opposants"},"content":{"rendered":"<p>\n  Par&amp;nbsp<b>euronews<\/b>&amp;nbspavec&amp;nbsp<b>AP<\/b><\/p>\n<p>\n         Publi\u00e9 le<br \/>\n            15\/06\/2025 &#8211; 12:53 UTC+2<\/p>\n<p><img decoding=\"async\" class=\"c-ad__placeholder__logo\" src=\"https:\/\/static.euronews.com\/website\/images\/logos\/logo-euronews-grey-6-180x22.svg\" width=\"180\" height=\"22\" alt=\"\" loading=\"lazy\"\/>PUBLICIT\u00c9<\/p>\n<p>6 000 soldats et 128 chars d&rsquo;assaut, le tout pour un budget de 45 millions d&rsquo;euros. <\/p>\n<p>\u00c0 l&rsquo;occasion du 250\u00e8me anniversaire de l&rsquo;arm\u00e9e am\u00e9ricaine, Donald Trump a orchestr\u00e9 une d\u00e9monstration de force quelque peu inhabituelle aux \u00c9tats-Unis : une parade militaire sur l&rsquo;avenue de la Constitution \u00e0 Washington, organis\u00e9e le jour m\u00eame de son propre 79\u00e8me anniversaire. <\/p>\n<p>Selon la Maison Blanche, pr\u00e8s de 250 000 spectateurs se sont joints \u00e0 l&rsquo;\u00e9v\u00e8nement.<\/p>\n<p>C&rsquo;est apr\u00e8s avoir assist\u00e9 \u00e0 la parade militaire fran\u00e7aise, le 14 juillet 2017, \u00e0 Paris que le pr\u00e9sident am\u00e9ricain a souhait\u00e9 mettre en place un d\u00e9fil\u00e9 similaire aux \u00c9tats-Unis. <\/p>\n<p>Le slogan \u00ab\u00a0No Kings\u00a0\u00bb scand\u00e9 dans tout le pays<\/p>\n<p>Quelques heures avant le d\u00e9but du d\u00e9fil\u00e9, des milliers d&rsquo;opposants \u00e0 Donald Trump ont manifest\u00e9 dans des centaines de villes du pays, en scandant le mot d&rsquo;ordre \u00ab\u00a0No Kings\u00a0\u00bb\u00a0pour d\u00e9noncer ce qu&rsquo;ils consid\u00e8rent comme une d\u00e9rive dictatoriale du pr\u00e9sident et \u00ab\u00a0la militarisation de la d\u00e9mocratie\u00a0\u00bb am\u00e9ricaine.<\/p>\n<p>\u00c0 Washington, non loin d&rsquo;une exposition de v\u00e9hicules blind\u00e9s, d&rsquo;h\u00e9licopt\u00e8res et d&rsquo;\u00e9quipements militaires sur le National Mall organis\u00e9e pour l&rsquo;occasion, des manifestants anti-guerre ont d\u00e9ploy\u00e9 des pancartes sur lesquelles on pouvait lire \u00ab\u00a0Des maisons, pas des drones\u00a0\u00bb.<\/p>\n<p>Le d\u00e9fil\u00e9 suscite \u00e9galement des critiques en raison de son co\u00fbt et du risque que les chars n&rsquo;endommagent les rues Washington. <\/p>\n<p>L&rsquo;arm\u00e9e a pris diverses mesures pour prot\u00e9ger les voies, notamment en posant des plaques m\u00e9talliques le long du parcours.<\/p>\n<p>La d\u00e9monstration de force de l\u2019arm\u00e9e am\u00e9ricaine est une manifestation de plus de la volont\u00e9 de Donald Trump de faire usage de la puissance militaire du pays, rompant ainsi avec la retenue traditionnellement observ\u00e9e par ses pr\u00e9d\u00e9cesseurs.<\/p>\n<p>La semaine derni\u00e8re, le pr\u00e9sident am\u00e9ricain a activ\u00e9 la Garde nationale californienne sans l&rsquo;autorisation du gouverneur et a envoy\u00e9 les Marines am\u00e9ricains pour assurer la s\u00e9curit\u00e9 lors de manifestations \u00e0 Los Angeles li\u00e9es \u00e0 des raids contre l&rsquo;immigration, ce qui a conduit l&rsquo;\u00c9tat \u00e0 intenter une action en justice pour mettre fin \u00e0 ces d\u00e9ploiements.<\/p>\n<p>Tensions persistantes \u00e0 Los Angeles<\/p>\n<p>Une manifestation qui s&rsquo;\u00e9tait d\u00e9roul\u00e9e dans le calme dans le centre de Los Angeles a rapidement tourn\u00e9 au chaos lorsque des policiers \u00e0 cheval ont charg\u00e9 la foule, frappant certains d&rsquo;entre eux avec des barres de bois et des matraques alors qu&rsquo;ils d\u00e9gageaient la rue devant le b\u00e2timent f\u00e9d\u00e9ral.<\/p>\n<p>Les policiers ont ensuite tir\u00e9 des gaz lacrymog\u00e8nes et des projectiles de contr\u00f4le de la foule sur le grand groupe, faisant fuir les manifestants, les vendeurs ambulants et les pi\u00e9tons. <\/p>\n<p>\u00ab\u00a0L&rsquo;utilisation d&rsquo;armes moins l\u00e9tales a \u00e9t\u00e9 approuv\u00e9e. L&rsquo;utilisation d&rsquo;une arme moins meurtri\u00e8re peut causer de l&rsquo;inconfort et de la douleur. Il est conseill\u00e9 \u00e0 toutes les personnes de quitter la zone\u00a0\u00bb, a d\u00e9clar\u00e9 la police dans un message sur X.<\/p>\n<p>\u00ab\u00a0C&rsquo;\u00e9tait une r\u00e9action totalement excessive. Nous ne faisions rien d&rsquo;autre que de nous tenir debout en scandant des protestations pacifiques\u00a0\u00bb, a t\u00e9moign\u00e9 Samantha Edgerton, une barmaid de 37 ans.<\/p>\n<p>En tenue de combat, des dizaines de Marines se sont tenus aux c\u00f4t\u00e9s d&rsquo;autres forces de l\u2019ordre, parmi lesquelles des agents du D\u00e9partement de la S\u00e9curit\u00e9 int\u00e9rieure et des membres de la Garde nationale.<\/p>\n<p>Face \u00e0 eux, des centaines de manifestants ont lanc\u00e9 des invectives exhortant les troupes f\u00e9d\u00e9rales \u00e0 quitter les lieux. <\/p>\n<p>C&rsquo;est la premi\u00e8re fois que les Marines sont intervenus \u00e0 une manifestation depuis qu&rsquo;ils ont \u00e9t\u00e9 d\u00e9ploy\u00e9s dans la ville vendredi.<\/p>\n","protected":false},"excerpt":{"rendered":"Par&amp;nbspeuronews&amp;nbspavec&amp;nbspAP Publi\u00e9 le 15\/06\/2025 &#8211; 12:53 UTC+2 PUBLICIT\u00c9 6 000 soldats et 128 chars d&rsquo;assaut, le tout pour&hellip;\n","protected":false},"author":2,"featured_media":178207,"comment_status":"","ping_status":"","sticky":false,"template":"","format":"standard","meta":{"footnotes":""},"categories":[1589],"tags":[11,17274,31466,75,73,1866,12,1864,1865,1863,308],"class_list":{"0":"post-178206","1":"post","2":"type-post","3":"status-publish","4":"format-standard","5":"has-post-thumbnail","7":"category-etats-unis","8":"tag-actualites","9":"tag-armee-americaine","10":"tag-defile-militaire","11":"tag-donald-trump","12":"tag-etats-unis","13":"tag-etats-unis-damerique","14":"tag-news","15":"tag-united-states","16":"tag-united-states-of-america","17":"tag-us","18":"tag-usa"},"share_on_mastodon":{"url":"https:\/\/pubeurope.com\/@fr\/114687030375868405","error":""},"_links":{"self":[{"href":"https:\/\/www.europesays.com\/fr\/wp-json\/wp\/v2\/posts\/178206","targetHints":{"allow":["GET"]}}],"collection":[{"href":"https:\/\/www.europesays.com\/fr\/wp-json\/wp\/v2\/posts"}],"about":[{"href":"https:\/\/www.europesays.com\/fr\/wp-json\/wp\/v2\/types\/post"}],"author":[{"embeddable":true,"href":"https:\/\/www.europesays.com\/fr\/wp-json\/wp\/v2\/users\/2"}],"replies":[{"embeddable":true,"href":"https:\/\/www.europesays.com\/fr\/wp-json\/wp\/v2\/comments?post=178206"}],"version-history":[{"count":0,"href":"https:\/\/www.europesays.com\/fr\/wp-json\/wp\/v2\/posts\/178206\/revisions"}],"wp:featuredmedia":[{"embeddable":true,"href":"https:\/\/www.europesays.com\/fr\/wp-json\/wp\/v2\/media\/178207"}],"wp:attachment":[{"href":"https:\/\/www.europesays.com\/fr\/wp-json\/wp\/v2\/media?parent=178206"}],"wp:term":[{"taxonomy":"category","embeddable":true,"href":"https:\/\/www.europesays.com\/fr\/wp-json\/wp\/v2\/categories?post=178206"},{"taxonomy":"post_tag","embeddable":true,"href":"https:\/\/www.europesays.com\/fr\/wp-json\/wp\/v2\/tags?post=178206"}],"curies":[{"name":"wp","href":"https:\/\/api.w.org\/{rel}","templated":true}]}}