{"id":178210,"date":"2025-06-15T11:00:13","date_gmt":"2025-06-15T11:00:13","guid":{"rendered":"https:\/\/www.europesays.com\/fr\/178210\/"},"modified":"2025-06-15T11:00:13","modified_gmt":"2025-06-15T11:00:13","slug":"la-guerre-apres-la-guerre-lallemagne-en-fait-elle-assez-pour-ses-anciens-combattants","status":"publish","type":"post","link":"https:\/\/www.europesays.com\/fr\/178210\/","title":{"rendered":"La guerre apr\u00e8s la guerre : l&rsquo;Allemagne en fait-elle assez pour ses anciens combattants\u00a0?"},"content":{"rendered":"<p><img decoding=\"async\" class=\"c-ad__placeholder__logo\" src=\"https:\/\/static.euronews.com\/website\/images\/logos\/logo-euronews-grey-6-180x22.svg\" width=\"180\" height=\"22\" alt=\"\" loading=\"lazy\"\/>PUBLICIT\u00c9<\/p>\n<p>Le 15 juin, l&rsquo;Allemagne c\u00e9l\u00e8brera pour la premi\u00e8re fois la journ\u00e9e des v\u00e9t\u00e9rans. Il s&rsquo;agit de \u00ab\u00a0reconna\u00eetre ceux qui, en dernier ressort, sont pr\u00eats \u00e0 donner le maximum pour les autres et qui mettent leur corps et leur vie au service de notre pays\u00a0\u00bb, a d\u00e9clar\u00e9 le ministre de la D\u00e9fense Boris Pistorius (SPD).<\/p>\n<p>Cette journ\u00e9e a toutefois fait l&rsquo;objet d&rsquo;un long combat. \u00ab\u00a0Cela fait maintenant pr\u00e8s de 15 ans que nous r\u00e9clamons cette journ\u00e9e des v\u00e9t\u00e9rans\u00a0\u00bb, explique Andreas Eggert, secr\u00e9taire g\u00e9n\u00e9ral de l&rsquo;association des v\u00e9t\u00e9rans, \u00e0 Euronews.<\/p>\n<p>Selon lui, il doit y avoir quelque chose o\u00f9 les v\u00e9t\u00e9rans sont reconnus pour ce qu&rsquo;ils ont accompli. Mais pour en arriver l\u00e0, l&rsquo;association des v\u00e9t\u00e9rans a d\u00fb travailler \u00e0 la r\u00e9introduction du terme en Allemagne.<\/p>\n<p>Le terme \u00e9tait fortement charg\u00e9 de la Seconde Guerre mondiale, ajoute David Hallbauer, vice-pr\u00e9sident f\u00e9d\u00e9ral de l&rsquo;association. On a voulu cr\u00e9er une nouvelle compr\u00e9hension : Que la Bundeswehr en Allemagne avait d\u00e9velopp\u00e9 sa propre tradition, dont d\u00e9coulait une culture des v\u00e9t\u00e9rans \u00e0 part enti\u00e8re.<\/p>\n<p>Lorsqu&rsquo;ils ont fond\u00e9 l&rsquo;association des v\u00e9t\u00e9rans allemands en 2010, ils ont \u00e9t\u00e9 confront\u00e9s \u00e0 de nombreux vents contraires. \u00ab\u00a0On nous comparait \u00e0 des personnes d&rsquo;un autre \u00e2ge\u00a0\u00bb, explique Hallbauer.<\/p>\n<p>\u00ab\u00a0Nous avons alors d\u00fb expliquer qu&rsquo;il s&rsquo;agissait ici de personnes qui avaient rendu un service particulier \u00e0 la soci\u00e9t\u00e9 pour l&rsquo;Allemagne dans l&rsquo;arm\u00e9e f\u00e9d\u00e9rale\u00a0\u00bb.<\/p>\n<p>La guerre apr\u00e8s la guerre<\/p>\n<p>Pour l&rsquo;association des anciens combattants allemands, il ne s&rsquo;agit cependant pas seulement de reconnaissance et d&rsquo;estime, mais aussi de prendre soin de ceux qui ont subi des dommages en op\u00e9ration.<\/p>\n<p>La Journ\u00e9e nationale des anciens combattants permettrait \u00e9galement d&rsquo;attirer l&rsquo;attention sur ces th\u00e8mes et de mettre en \u00e9vidence les dysfonctionnements qui doivent encore \u00eatre am\u00e9lior\u00e9s.<\/p>\n<p>La sant\u00e9 mentale et le soutien des soldats qui souffrent d&rsquo;un trouble de stress post-traumatique <a href=\"https:\/\/de.euronews.com\/gesundheit\/2024\/10\/11\/die-psychischen-probleme-von-entwicklungshelfern\" target=\"_blank\" rel=\"noopener\">(<\/a>PTSD) en font \u00e9galement partie. Pour obtenir de l&rsquo;aide, les personnes concern\u00e9es doivent souvent attendre des ann\u00e9es. Le cas le plus long connu, selon Eggert, est de 13 ans.<\/p>\n<p>\u00ab\u00a0Nous avons le probl\u00e8me que la bureaucratie qui y est li\u00e9e retarde \u00e9norm\u00e9ment les choses\u00a0\u00bb, ajoute Hallbauer. Pour les personnes concern\u00e9es, cela ressemble \u00e0 une guerre apr\u00e8s la guerre.<\/p>\n<p>\u00ab\u00a0On pourrait \u00e9viter cela en acc\u00e9l\u00e9rant les processus de d\u00e9cision. Si quelqu&rsquo;un attend douze ans avant d&rsquo;\u00eatre reconnu, cela ne favorise pas les choses\u00a0\u00bb, dit-il.<\/p>\n<p>Dans la proc\u00e9dure, il faut d\u00e9terminer s&rsquo;il existe un lien de cause \u00e0 effet entre l&rsquo;engagement et la maladie. \u00ab\u00a0Il faut d&rsquo;abord prouver que l&rsquo;on \u00e9tait en mission. En tant que personne l\u00e9s\u00e9e, il faut prouver que l&rsquo;on \u00e9tait sur place et que l&rsquo;on a v\u00e9cu une exp\u00e9rience qui a d\u00e9truit sa sant\u00e9\u00a0\u00bb, explique Hallbauer.<\/p>\n<p>Eggert ajoute qu&rsquo;en Allemagne, on v\u00e9rifie en outre si l&rsquo;\u00e9v\u00e9nement traumatique remplit tous les crit\u00e8res pour justifier une th\u00e9rapie ou des soins.<\/p>\n<p>La proc\u00e9dure dite d&rsquo;indemnisation du service militaire permet de d\u00e9terminer le degr\u00e9 de pr\u00e9judice &#8211; d&rsquo;o\u00f9 d\u00e9coulent ensuite les \u00e9ventuels droits \u00e0 l&rsquo;assistance.<\/p>\n<p>\u00ab\u00a0La proc\u00e9dure donne souvent l&rsquo;impression qu&rsquo;il s&rsquo;agit avant tout de repousser les revendications. C&rsquo;est pourquoi tous les cas sont sch\u00e9matiquement trait\u00e9s de la m\u00eame mani\u00e8re\u00a0\u00bb, explique Eggert.<\/p>\n<p>Les aspects biographiques tels que les exp\u00e9riences v\u00e9cues dans l&rsquo;enfance sont \u00e9galement pris en compte &#8211; ce qui, du point de vue de l&rsquo;association des anciens combattants, ne m\u00e8ne \u00e0 rien : \u00ab\u00a0Au lieu d&rsquo;aborder les empreintes personnelles ind\u00e9pendamment du traumatisme, l&rsquo;accent devrait \u00eatre clairement mis sur l&rsquo;accident op\u00e9rationnel et les contraintes qui y sont li\u00e9es. Un renversement de la charge de la preuve serait ici un v\u00e9ritable progr\u00e8s : ce n&rsquo;est pas \u00e0 la personne concern\u00e9e de prouver que l&rsquo;intervention l&rsquo;a rendue malade &#8211; mais \u00e0 la Bundeswehr de prouver que ce n&rsquo;\u00e9tait pas le cas. C&rsquo;est exactement ce qui manque jusqu&rsquo;\u00e0 pr\u00e9sent &#8211; et ce n&rsquo;est apparemment pas ce que l&rsquo;on cherche \u00e0 faire\u00a0\u00bb, a d\u00e9clar\u00e9 le secr\u00e9taire g\u00e9n\u00e9ral de l&rsquo;association allemande des v\u00e9t\u00e9rans des missions (Bund Deutscher Einsatz Veteranen e.V.).<\/p>\n<p>\u00ab\u00a0Il serait souhaitable qu&rsquo;un soldat puisse partir en mission avec la conscience tranquille, car il sait qu&rsquo;il sera bien soign\u00e9 en cas de blessure\u00a0\u00bb, explique Hallbauer.<\/p>\n<p>Selon lui, cette s\u00e9curit\u00e9 n&rsquo;existe pas actuellement en Allemagne.<\/p>\n<p>Plus d&rsquo;argent pour la d\u00e9fense. Et qu&rsquo;en est-il des v\u00e9t\u00e9rans ?<\/p>\n<p>Depuis l&rsquo;invasion \u00e0 grande \u00e9chelle de la Russie, le th\u00e8me de la d\u00e9fense est revenu sur le devant de la sc\u00e8ne dans de nombreux pays europ\u00e9ens. En Allemagne, l&rsquo;ancien chancelier Olaf Scholz (SPD) a annonc\u00e9 un\u00a0\u00bbchangement d&rsquo;\u00e9poque\u00a0\u00bb. Depuis, les <a href=\"https:\/\/fr.euronews.com\/my-europe\/2025\/03\/18\/le-parlement-allemand-donne-son-feu-vert-a-la-bazooka-de-merz-en-faveur-de-la-defense\" target=\"_blank\" rel=\"noopener\">d\u00e9penses de d\u00e9fense <\/a>ont \u00e9galement<a href=\"https:\/\/fr.euronews.com\/my-europe\/2025\/03\/18\/le-parlement-allemand-donne-son-feu-vert-a-la-bazooka-de-merz-en-faveur-de-la-defense\" target=\"_blank\" rel=\"noopener\"> augment\u00e9<\/a> afin de rendre l&rsquo;Allemagne \u00e0 nouveau \u00ab\u00a0apte \u00e0 la guerre\u00a0\u00bb.<\/p>\n<p>Pour rendre un pays apte \u00e0 se d\u00e9fendre, on met bien s\u00fbr d&rsquo;abord l&rsquo;accent sur le r\u00e9armement, selon Eggert.<\/p>\n<p>\u00ab\u00a0Nous manquons de mat\u00e9riel et de personnel. Beaucoup d&rsquo;argent y est consacr\u00e9. Il aurait \u00e9t\u00e9 souhaitable de prendre environ 10 millions sur les 100 milliards pour bien s&rsquo;occuper de ceux qui sont bless\u00e9s, mutil\u00e9s ou malades en mission\u00a0\u00bb.<\/p>\n","protected":false},"excerpt":{"rendered":"PUBLICIT\u00c9 Le 15 juin, l&rsquo;Allemagne c\u00e9l\u00e8brera pour la premi\u00e8re fois la journ\u00e9e des v\u00e9t\u00e9rans. Il s&rsquo;agit de \u00ab\u00a0reconna\u00eetre&hellip;\n","protected":false},"author":2,"featured_media":178211,"comment_status":"","ping_status":"","sticky":false,"template":"","format":"standard","meta":{"footnotes":""},"categories":[1587],"tags":[11,672,31467,1804,1805,1803,1777,674,1801,12,1802,71],"class_list":{"0":"post-178210","1":"post","2":"type-post","3":"status-publish","4":"format-standard","5":"has-post-thumbnail","7":"category-allemagne","8":"tag-actualites","9":"tag-allemagne","10":"tag-armee-allemande","11":"tag-bundesrepublik-deutschland","12":"tag-de","13":"tag-deutschland","14":"tag-eu","15":"tag-europe","16":"tag-germany","17":"tag-news","18":"tag-republique-federale-dallemagne","19":"tag-sante"},"share_on_mastodon":{"url":"https:\/\/pubeurope.com\/@fr\/114687038195970208","error":""},"_links":{"self":[{"href":"https:\/\/www.europesays.com\/fr\/wp-json\/wp\/v2\/posts\/178210","targetHints":{"allow":["GET"]}}],"collection":[{"href":"https:\/\/www.europesays.com\/fr\/wp-json\/wp\/v2\/posts"}],"about":[{"href":"https:\/\/www.europesays.com\/fr\/wp-json\/wp\/v2\/types\/post"}],"author":[{"embeddable":true,"href":"https:\/\/www.europesays.com\/fr\/wp-json\/wp\/v2\/users\/2"}],"replies":[{"embeddable":true,"href":"https:\/\/www.europesays.com\/fr\/wp-json\/wp\/v2\/comments?post=178210"}],"version-history":[{"count":0,"href":"https:\/\/www.europesays.com\/fr\/wp-json\/wp\/v2\/posts\/178210\/revisions"}],"wp:featuredmedia":[{"embeddable":true,"href":"https:\/\/www.europesays.com\/fr\/wp-json\/wp\/v2\/media\/178211"}],"wp:attachment":[{"href":"https:\/\/www.europesays.com\/fr\/wp-json\/wp\/v2\/media?parent=178210"}],"wp:term":[{"taxonomy":"category","embeddable":true,"href":"https:\/\/www.europesays.com\/fr\/wp-json\/wp\/v2\/categories?post=178210"},{"taxonomy":"post_tag","embeddable":true,"href":"https:\/\/www.europesays.com\/fr\/wp-json\/wp\/v2\/tags?post=178210"}],"curies":[{"name":"wp","href":"https:\/\/api.w.org\/{rel}","templated":true}]}}