{"id":178219,"date":"2025-06-15T11:05:11","date_gmt":"2025-06-15T11:05:11","guid":{"rendered":"https:\/\/www.europesays.com\/fr\/178219\/"},"modified":"2025-06-15T11:05:11","modified_gmt":"2025-06-15T11:05:11","slug":"fete-des-peres-en-france-tout-a-commence-par-un-briquet","status":"publish","type":"post","link":"https:\/\/www.europesays.com\/fr\/178219\/","title":{"rendered":"F\u00eate des p\u00e8res : en France, tout a commenc\u00e9 par&#8230; un briquet !"},"content":{"rendered":"<ul class=\"jsx-862013697 ArticleChapo__List\">\n<li class=\"jsx-862013697 ArticleChapo__List_Item flex\">Comme tous les ans, le troisi\u00e8me dimanche de juin, les papas sont \u00e0 l&rsquo;honneur en France, \u00e0 l&rsquo;occasion de la f\u00eate des p\u00e8res.<\/li>\n<li class=\"jsx-862013697 ArticleChapo__List_Item flex\">Une tradition bien connue, qui puise ses origines dans&#8230; la commercialisation d&rsquo;un briquet \u00e0 gaz, il y a plus de soixante-dix ans par une usine de petite m\u00e9tallurgie bretonne.<\/li>\n<li class=\"jsx-862013697 ArticleChapo__List_Item flex\">On rembobine.<\/li>\n<\/ul>\n<p data-module=\"article-paragraph\" class=\"jsx-3046738180 Paragraph Paragraph__End\">Ce dimanche 15 juin, ils re\u00e7oivent une attention particuli\u00e8re. Comme tous les ans, le troisi\u00e8me dimanche de juin, les papas sont \u00e0 l&rsquo;honneur en France. \u00c0 l&rsquo;occasion de la f\u00eate des p\u00e8res, nombre d&rsquo;entre eux re\u00e7oivent des cadeaux, fleurs, lettres ou passent des moments en famille. Une tradition bien connue, qui puise ses origines dans&#8230; la commercialisation d&rsquo;un briquet \u00e0 gaz, il y a plus de soixante-dix ans.\u00a0<\/p>\n<p>\u00ab\u00a0Pour la f\u00eate des p\u00e8res, ils d\u00e9sirent tous un Flaminaire\u00a0\u00bb<\/p>\n<p data-module=\"article-paragraph\" class=\"jsx-3046738180 Paragraph\">Redon (Ille-et-Vilaine), printemps 1950. Marcel Quercia, directeur de l&rsquo;usine Flaminaire (aujourd&rsquo;hui propri\u00e9t\u00e9 de Bic), fabricant de briquets \u00e0 gaz depuis 1946, cherche \u00e0 stimuler ses ventes \u00e0 la p\u00e9riode creuse du mois de juin. L&rsquo;industriel propose alors de cr\u00e9er la f\u00eate des p\u00e8res, les <a href=\"https:\/\/www.tf1info.fr\/conso\/video-fleuristes-chocolatiers-bijoutiers-les-grands-gagnants-de-la-fete-des-meres-2259259.html\" target=\"_blank\" rel=\"noopener\">m\u00e8res ayant d\u00e9j\u00e0 leur f\u00eate<\/a> en France, depuis 1918.\u00a0<\/p>\n<p data-module=\"article-paragraph\" class=\"jsx-3046738180 Paragraph Paragraph__End\">S&rsquo;inspirant du mod\u00e8le am\u00e9ricain, il lance sa campagne de commercialisation aux quatre coins de l&rsquo;Hexagone. Le slogan \u00ab\u00a0Nos papas nous l&rsquo;ont dit, pour la f\u00eate des p\u00e8res, ils d\u00e9sirent tous un Flaminaire\u00a0\u00bb est affich\u00e9 dans de nombreux bureaux de tabac fran\u00e7ais.\u00a0<\/p>\n<p><a href=\"https:\/\/www.tf1info.fr\/societe\/video-fete-des-peres-date-dimanche-juin-origine-journee-speciale-papas-2055289.html\" rel=\"noopener\" class=\"jsx-3308031228 Link flex\" target=\"_blank\"><img decoding=\"async\" src=\"https:\/\/www.europesays.com\/fr\/wp-content\/uploads\/2025\/06\/fete-des-peres-7d5991-1@1x.jpeg\" alt=\"istock\" loading=\"lazy\" importance=\"low\" fetchpriority=\"low\" class=\"\"\/><\/p>\n<p class=\"jsx-3657663356 ReadMoreArticle__Title\">Lire aussi<\/p>\n<p class=\"jsx-3657663356\">VID\u00c9O &#8211; F\u00eate des p\u00e8res : aux origines de cette journ\u00e9e sp\u00e9ciale papas<\/p>\n<p><\/a><\/p>\n<p data-module=\"article-paragraph\" class=\"jsx-3046738180 Paragraph\">L&rsquo;op\u00e9ration commerciale conna\u00eet un grand succ\u00e8s, et est reconduite les ann\u00e9es suivantes. \u00ab\u00a0Nous faisions 50 % de notre chiffre d\u2019affaires \u00e0 compter de la fin ao\u00fbt jusqu\u2019aux f\u00eates de No\u00ebl, se souvient Jacques Renaud, l&rsquo;ancien directeur commercial de l&rsquo;usine <a href=\"https:\/\/www.ouest-france.fr\/bretagne\/redon-35600\/lhistoire-la-fete-des-peres-un-coup-de-poker-de-flaminaire-redon-3491944\" target=\"_blank\" rel=\"nofollow noopener\">interrog\u00e9 en 2015 par Ouest-France (nouvelle fen\u00eatre)<\/a>. Notre sup\u00e9rieur, Renaud Carmet, \u00e9tait un battant : il se creusait la t\u00eate pour relancer le commerce en juin, une p\u00e9riode tr\u00e8s creuse\u00a0\u00bb. \u00a0\u00ab\u00a0C\u2019est Flaminaire qui a cr\u00e9\u00e9 la f\u00eate des P\u00e8res\u00a0\u00bb, assuraient en choeur ces trois ex-salari\u00e9s retrouv\u00e9s par le quotidien. \u00a0<\/p>\n<p data-module=\"article-paragraph\" class=\"jsx-3046738180 Paragraph\">L&rsquo;id\u00e9e est \u00e9galement reprise par d&rsquo;autres soci\u00e9t\u00e9s, comme l&rsquo;imprimerie Oberthur, qui l&rsquo;affiche sur ses calendriers.\u00a0<\/p>\n<p data-module=\"article-paragraph\" class=\"jsx-3046738180 Paragraph Paragraph__End\">La coutume s&rsquo;installant, le gouvernement finit par inscrire la date de la f\u00eate des p\u00e8res au calendrier national, le troisi\u00e8me dimanche de juin, dans un d\u00e9cret paru en 1952.\u00a0<\/p>\n<p>S.M<\/p>\n","protected":false},"excerpt":{"rendered":"Comme tous les ans, le troisi\u00e8me dimanche de juin, les papas sont \u00e0 l&rsquo;honneur en France, \u00e0 l&rsquo;occasion&hellip;\n","protected":false},"author":2,"featured_media":178220,"comment_status":"","ping_status":"","sticky":false,"template":"","format":"standard","meta":{"footnotes":""},"categories":[4],"tags":[1111,11,1921,652,18808,30509,1011,27,1922,12,25,133,31468],"class_list":{"0":"post-178219","1":"post","2":"type-post","3":"status-publish","4":"format-standard","5":"has-post-thumbnail","7":"category-france","8":"tag-actu","9":"tag-actualites","10":"tag-article-video","11":"tag-famille","12":"tag-fete-des-meres","13":"tag-fete-des-peres","14":"tag-fr","15":"tag-france","16":"tag-info","17":"tag-news","18":"tag-republique-francaise","19":"tag-video","20":"tag-video-traditions-et-patrimoine"},"share_on_mastodon":{"url":"https:\/\/pubeurope.com\/@fr\/114687057792964433","error":""},"_links":{"self":[{"href":"https:\/\/www.europesays.com\/fr\/wp-json\/wp\/v2\/posts\/178219","targetHints":{"allow":["GET"]}}],"collection":[{"href":"https:\/\/www.europesays.com\/fr\/wp-json\/wp\/v2\/posts"}],"about":[{"href":"https:\/\/www.europesays.com\/fr\/wp-json\/wp\/v2\/types\/post"}],"author":[{"embeddable":true,"href":"https:\/\/www.europesays.com\/fr\/wp-json\/wp\/v2\/users\/2"}],"replies":[{"embeddable":true,"href":"https:\/\/www.europesays.com\/fr\/wp-json\/wp\/v2\/comments?post=178219"}],"version-history":[{"count":0,"href":"https:\/\/www.europesays.com\/fr\/wp-json\/wp\/v2\/posts\/178219\/revisions"}],"wp:featuredmedia":[{"embeddable":true,"href":"https:\/\/www.europesays.com\/fr\/wp-json\/wp\/v2\/media\/178220"}],"wp:attachment":[{"href":"https:\/\/www.europesays.com\/fr\/wp-json\/wp\/v2\/media?parent=178219"}],"wp:term":[{"taxonomy":"category","embeddable":true,"href":"https:\/\/www.europesays.com\/fr\/wp-json\/wp\/v2\/categories?post=178219"},{"taxonomy":"post_tag","embeddable":true,"href":"https:\/\/www.europesays.com\/fr\/wp-json\/wp\/v2\/tags?post=178219"}],"curies":[{"name":"wp","href":"https:\/\/api.w.org\/{rel}","templated":true}]}}