{"id":178273,"date":"2025-06-15T11:39:08","date_gmt":"2025-06-15T11:39:08","guid":{"rendered":"https:\/\/www.europesays.com\/fr\/178273\/"},"modified":"2025-06-15T11:39:08","modified_gmt":"2025-06-15T11:39:08","slug":"une-toute-nouvelle-brocante-au-coeur-de-cette-commune-pres-de-rouen","status":"publish","type":"post","link":"https:\/\/www.europesays.com\/fr\/178273\/","title":{"rendered":"une toute nouvelle brocante au c\u0153ur de cette commune pr\u00e8s de Rouen"},"content":{"rendered":"<p>            Par<br \/>\n        <strong><br \/>\n            <a href=\"https:\/\/actu.fr\/auteur\/isabellevilly\" title=\"Consulter tous les articles de Isabelle Villy\" target=\"_blank\" rel=\"noopener\">Isabelle Villy<\/a><br \/>\n        <\/strong><\/p>\n<p>        Publi\u00e9 le<\/p>\n<p>            15 juin 2025 \u00e0 12h58        <\/p>\n<p>Le local rest\u00e9 vacant dans le centre commercial de Saint-L\u00e9ger-du-Bourg-Denis pr\u00e8s de <a href=\"https:\/\/actu.fr\/normandie\/rouen_76540\" target=\"_blank\" rel=\"noopener\">Rouen<\/a> accueille d\u00e9sormais une nouvelle activit\u00e9 qui vient enrichir l\u2019offre commer\u00e7ante de la ville :<strong> Merveilles Divines<\/strong>, tel est le nom de cette nouvelle boutique, sp\u00e9cialis\u00e9e dans la brocante, l\u2019achat et vente de nombreux objets de collection, divers et vari\u00e9s.<\/p>\n<p class=\" wall-content\">C\u2019est S\u00e9bastien Dormesnil qui est \u00e0 la t\u00eate du commerce. Une reconversion pour cet artisan qui travaillait jusqu\u2019\u00e0 il y a quelques mois dans les diff\u00e9rents corps de m\u00e9tier du b\u00e2timent.<\/p>\n<p>Un paradis pour les collectionneurs<\/p>\n<p class=\" wall-content\">Des bibelots, de la vaisselle, des livres, des bandes dessin\u00e9es, des disques vinyles, mais aussi des petites voitures, des cartes postales, des timbres, des v\u00eatements, des petits meubles\u2026 Impossible, ici, de d\u00e9tailler l\u2019ensemble des objets de ce qu\u2019il convient d\u2019appeler un paradis pour les collectionneurs en tous genres.<\/p>\n<p class=\" wall-content\">Et tous les articles ne sont pas l\u00e0 : la boutique est en effet trop petite pour entreposer ou pr\u00e9senter les gros meubles et pi\u00e8ces plus imposantes, mais pour les personnes int\u00e9ress\u00e9es, il suffit de demander ! \u00ab Le stock est souvent renouvel\u00e9, avec des arrivages r\u00e9guliers \u00bb, pr\u00e9cise S\u00e9bastien Dormesnil, qui constate que depuis l\u2019ouverture, d\u00e9but mai dernier, la fr\u00e9quentation est satisfaisante.\u00a0<\/p>\n<p>Vente, achat et expertises possibles<\/p>\n<p class=\" wall-content\">\u00c0 l\u2019ext\u00e9rieur, il a d\u2019ailleurs install\u00e9 quelques petits meubles, chaises et bibelots qui attirent le regard, tout autant que la belle enseigne install\u00e9e il y a peu. \u00ab Nous faisons de la vente, mais nous achetons aussi et nous proposons \u00e9galement une expertise des objets que les gens veulent vendre : cela se fait sur rendez-vous \u00bb, indique S\u00e9bastien Dormesnil.<\/p>\n<p>Vid\u00e9os : en ce moment sur ActuDes id\u00e9es pour la f\u00eate des P\u00e8res<\/p>\n<p class=\" wall-content\">Il y en a en tout cas pour tous les go\u00fbts dans la boutique et alors que la f\u00eate des P\u00e8res approche (dimanche 15\u00a0juin), si vous n\u2019avez pas d\u2019id\u00e9e de cadeau, vous pouvez toujours aller chercher de l\u2019inspiration du c\u00f4t\u00e9 des Merveilles Divines, o\u00f9 il est fort probable que vous trouverez le pr\u00e9sent qu\u2019il vous faut.<\/p>\n<p>Merveilles Divines, Brocante. Centre commercial de l\u2019Aubette, route de Lyons, \u00e0 Saint-L\u00e9ger-du-Bourg-Denis. Horaires d\u2019ouverture : de 9h \u00e0 19h, du mardi au samedi, et le dimanche matin. (Ouverture sur rendez-vous possible). T\u00e9l : 06 46 02 79 44 (boutique), 07 66 27 95 83 (expertises), 06 47 02 69 73 (vide-maisons). Mail : <a href=\"https:\/\/actu.fr\/cdn-cgi\/l\/email-protection\" class=\"__cf_email__\" data-cfemail=\"3f5d4d505c5e514b5a11525a4d495a5653535a4c115b564956515a4c7f58525e5653115c5052\" target=\"_blank\" rel=\"noopener\">[email\u00a0protected]<\/a>Suivez l\u2019actualit\u00e9 de Rouen sur notre <a href=\"https:\/\/www.whatsapp.com\/channel\/0029VaKfnf99hXF2ddApFB1D\" target=\"_blank\" rel=\"noopener\">cha\u00eene WhatsApp<\/a> et sur notre <a href=\"https:\/\/www.tiktok.com\/@76actu.fr?lang=fr\" target=\"_blank\" rel=\"noopener\">compte TikTok<\/a><\/p>\n<p class=\" wall-content\">Suivez toute l\u2019actualit\u00e9 de vos villes et m\u00e9dias favoris en vous inscrivant \u00e0 <a href=\"https:\/\/moncompte.actu.fr\" title=\"D\u00e9couvez Mon Actu\" rel=\"nofollow noopener\" data-trk=\"{&quot;cta&quot;:{&quot;action&quot;:&quot;https:\\\/\\\/moncompte.actu.fr&quot;,&quot;category&quot;:&quot;mon compte&quot;,&quot;from&quot;:&quot;article footer&quot;,&quot;name&quot;:&quot;Mon actu&quot;,&quot;type&quot;:&quot;cta&quot;}}\" target=\"_blank\">Mon Actu<\/a>.<\/p>\n<p>                    <script async src=\"\/\/www.tiktok.com\/embed.js\"><\/script><\/p>\n","protected":false},"excerpt":{"rendered":"Par Isabelle Villy Publi\u00e9 le 15 juin 2025 \u00e0 12h58 Le local rest\u00e9 vacant dans le centre commercial&hellip;\n","protected":false},"author":2,"featured_media":178274,"comment_status":"","ping_status":"","sticky":false,"template":"","format":"standard","meta":{"footnotes":""},"categories":[9587],"tags":[1111,11,1477,215,1777,674,1011,27,12,5161,6046,25,9590,104],"class_list":{"0":"post-178273","1":"post","2":"type-post","3":"status-publish","4":"format-standard","5":"has-post-thumbnail","7":"category-rouen","8":"tag-actu","9":"tag-actualites","10":"tag-artisanat","11":"tag-commerce","12":"tag-eu","13":"tag-europe","14":"tag-fr","15":"tag-france","16":"tag-news","17":"tag-normandie","18":"tag-reconversion","19":"tag-republique-francaise","20":"tag-rouen","21":"tag-societe"},"share_on_mastodon":{"url":"https:\/\/pubeurope.com\/@fr\/114687191581489911","error":""},"_links":{"self":[{"href":"https:\/\/www.europesays.com\/fr\/wp-json\/wp\/v2\/posts\/178273","targetHints":{"allow":["GET"]}}],"collection":[{"href":"https:\/\/www.europesays.com\/fr\/wp-json\/wp\/v2\/posts"}],"about":[{"href":"https:\/\/www.europesays.com\/fr\/wp-json\/wp\/v2\/types\/post"}],"author":[{"embeddable":true,"href":"https:\/\/www.europesays.com\/fr\/wp-json\/wp\/v2\/users\/2"}],"replies":[{"embeddable":true,"href":"https:\/\/www.europesays.com\/fr\/wp-json\/wp\/v2\/comments?post=178273"}],"version-history":[{"count":0,"href":"https:\/\/www.europesays.com\/fr\/wp-json\/wp\/v2\/posts\/178273\/revisions"}],"wp:featuredmedia":[{"embeddable":true,"href":"https:\/\/www.europesays.com\/fr\/wp-json\/wp\/v2\/media\/178274"}],"wp:attachment":[{"href":"https:\/\/www.europesays.com\/fr\/wp-json\/wp\/v2\/media?parent=178273"}],"wp:term":[{"taxonomy":"category","embeddable":true,"href":"https:\/\/www.europesays.com\/fr\/wp-json\/wp\/v2\/categories?post=178273"},{"taxonomy":"post_tag","embeddable":true,"href":"https:\/\/www.europesays.com\/fr\/wp-json\/wp\/v2\/tags?post=178273"}],"curies":[{"name":"wp","href":"https:\/\/api.w.org\/{rel}","templated":true}]}}