{"id":178300,"date":"2025-06-15T11:54:11","date_gmt":"2025-06-15T11:54:11","guid":{"rendered":"https:\/\/www.europesays.com\/fr\/178300\/"},"modified":"2025-06-15T11:54:11","modified_gmt":"2025-06-15T11:54:11","slug":"moins-mise-en-avant-que-toulouse-cette-ville-du-tarn-seduit-les-amoureux-de-patrimoine-preserve","status":"publish","type":"post","link":"https:\/\/www.europesays.com\/fr\/178300\/","title":{"rendered":"Moins mise en avant que Toulouse, cette ville du Tarn s\u00e9duit les amoureux de patrimoine pr\u00e9serv\u00e9"},"content":{"rendered":"<p><strong>\u00c0 l\u2019ombre de sa voisine toulousaine, cette perle tarnaise s\u00e9duit par son authenticit\u00e9 pr\u00e9serv\u00e9e et son riche patrimoine. Entre ruelles m\u00e9di\u00e9vales et architecture remarquable, elle offre aux visiteurs une plong\u00e9e dans l\u2019histoire sans la foule des destinations plus connues. Une invitation \u00e0 d\u00e9couvrir un joyau o\u00f9 le temps semble s\u2019\u00eatre arr\u00eat\u00e9 pour notre plus grand plaisir.<\/strong><\/p>\n<p>Un tr\u00e9sor m\u00e9di\u00e9val pr\u00e9serv\u00e9 au c\u0153ur du Tarn<\/p>\n<p>Je me souviens encore de ma premi\u00e8re visite dans cette ville tarnaise. Apr\u00e8s avoir cherch\u00e9 Toulouse et ses attraits touristiques, j\u2019avais d\u00e9cid\u00e9 de m\u2019aventurer vers des horizons moins connus. Et quelle surprise ! Contrairement \u00e0 sa voisine toulousaine qui attire les foules, cette cit\u00e9 m\u00e9di\u00e9vale offre une exp\u00e9rience bien plus authentique et pr\u00e9serv\u00e9e.<\/p>\n<p>Ce qui m\u2019a d\u2019abord frapp\u00e9, c\u2019est cette impression de voyage dans le temps d\u00e8s que tu poses le pied dans son centre historique. Les ruelles pav\u00e9es serpentent entre des maisons \u00e0 colombages et des h\u00f4tels particuliers qui t\u00e9moignent d\u2019un riche pass\u00e9. Tu peux fl\u00e2ner pendant des heures sans jamais te lasser des d\u00e9couvertes qui se font au d\u00e9tour de chaque ruelle.<\/p>\n<p>La brique rose, caract\u00e9ristique de la r\u00e9gion, donne \u00e0 l\u2019ensemble une teinte chaleureuse qui change selon l\u2019heure du jour. Au lever du soleil ou au cr\u00e9puscule, le spectacle est tout simplement magique. Les fa\u00e7ades s\u2019embrasent et cr\u00e9ent une atmosph\u00e8re unique que je n\u2019ai retrouv\u00e9e nulle part ailleurs dans la r\u00e9gion.<\/p>\n<p>Cette cit\u00e9 poss\u00e8de un atout majeur par rapport \u00e0 Toulouse : elle a gard\u00e9 son \u00e2me m\u00e9di\u00e9vale presque intacte. Peu de villes en France peuvent se targuer d\u2019avoir conserv\u00e9 un tel ensemble architectural coh\u00e9rent. Cette pr\u00e9servation exceptionnelle lui a d\u2019ailleurs valu une reconnaissance internationale avec son inscription au patrimoine mondial de l\u2019UNESCO en 2010.<\/p>\n<p>Si tu appr\u00e9cies les lieux o\u00f9 l\u2019histoire se lit \u00e0 chaque coin de rue, tu pourrais \u00e9galement \u00eatre s\u00e9duit par <a href=\"https:\/\/www.newsofmarseille.com\/village-cache-dordogne-est-encore-plus-charmant-que-saint-emilion-pourtant-meconnu-00137012025.html\" target=\"_blank\" rel=\"noopener\">ce village cach\u00e9 de Dordogne plus charmant que Saint-\u00c9milion mais pourtant m\u00e9connu<\/a>. Les amateurs de patrimoine y trouveront le m\u00eame plaisir de d\u00e9couverte authentique.<\/p>\n<p>Une cath\u00e9drale monumentale qui domine la ville<\/p>\n<p>Comment parler de cette perle tarnaise sans \u00e9voquer sa majestueuse cath\u00e9drale ? V\u00e9ritable embl\u00e8me de la ville, elle domine le paysage urbain de sa silhouette imposante. Je reste fascin\u00e9 par ce monument exceptionnel chaque fois que je le contemple. Construite entre le XIIIe et le XVIe si\u00e8cle, cette cath\u00e9drale fortifi\u00e9e est un chef-d\u2019\u0153uvre du gothique m\u00e9ridional.<\/p>\n<p>Ce qui la rend unique, c\u2019est sa structure d\u00e9fensive. Tu remarqueras imm\u00e9diatement ses allures de forteresse avec ses murs massifs et son absence d\u2019ouvertures \u00e0 sa base. Elle t\u00e9moigne d\u2019une \u00e9poque troubl\u00e9e o\u00f9 spiritualit\u00e9 et d\u00e9fense militaire devaient cohabiter. L\u2019int\u00e9rieur contraste compl\u00e8tement avec cette apparence aust\u00e8re. Tu seras \u00e9bloui par les fresques qui ornent sa vo\u00fbte, consid\u00e9r\u00e9es comme les plus grandes et les mieux conserv\u00e9es d\u2019Europe.<\/p>\n<p>Le clo\u00eetre attenant offre un havre de paix en plein c\u0153ur de la ville. J\u2019aime m\u2019y asseoir et profiter du calme, loin de l\u2019agitation touristique qu\u2019on trouve dans des villes comme Toulouse. Les chapiteaux sculpt\u00e9s racontent des histoires bibliques et profanes que tu peux d\u00e9crypter pendant des heures.<\/p>\n<p>La visite de la cath\u00e9drale se prolonge naturellement vers l\u2019ancien palais \u00e9piscopal qui abrite aujourd\u2019hui un mus\u00e9e. J\u2019y ai d\u00e9couvert une collection impressionnante d\u2019art m\u00e9di\u00e9val et des \u0153uvres qui illustrent l\u2019histoire mouvement\u00e9e de la r\u00e9gion. L\u2019ensemble forme un complexe monumental unique en France qui justifie \u00e0 lui seul le d\u00e9placement.<\/p>\n<p>Des mus\u00e9es surprenants et une gastronomie savoureuse<\/p>\n<p>Au-del\u00e0 de son patrimoine architectural, cette ville du Tarn r\u00e9serve d\u2019autres surprises. J\u2019ai \u00e9t\u00e9 particuli\u00e8rement marqu\u00e9 par son mus\u00e9e d\u00e9di\u00e9 \u00e0 un artiste local n\u00e9 dans la r\u00e9gion. Install\u00e9 dans un ancien moulin, il pr\u00e9sente la plus grande collection au monde des \u0153uvres de ce peintre post-impressionniste. Le cadre exceptionnel et la qualit\u00e9 des \u0153uvres expos\u00e9es en font un lieu incontournable pour les amateurs d\u2019art.<\/p>\n<p>C\u00f4t\u00e9 gastronomie, tu ne seras pas d\u00e9\u00e7u ! Les restaurants de la ville proposent une cuisine du terroir g\u00e9n\u00e9reuse qui met \u00e0 l\u2019honneur les produits locaux. J\u2019adore m\u2019attabler dans les petites auberges qui bordent la rivi\u00e8re et d\u00e9guster un cassoulet accompagn\u00e9 d\u2019un vin du Gaillac. Les march\u00e9s locaux regorgent de produits frais que les restaurateurs utilisent avec talent.<\/p>\n<p>Si tu appr\u00e9cies la douceur de vivre du Sud-Ouest, tu pourrais \u00e9galement \u00eatre s\u00e9duit par <a href=\"https:\/\/www.newsofmarseille.com\/moins-visitee-que-bordeaux-ville-sud-ouest-brille-son-architecture-sa-douceur-vivre-00143052025.html\" target=\"_blank\" rel=\"noopener\">cette ville du Sud-Ouest moins visit\u00e9e que Bordeaux mais qui brille par son architecture<\/a>. On y retrouve cette m\u00eame atmosph\u00e8re d\u00e9tendue si caract\u00e9ristique de notre r\u00e9gion.<\/p>\n<p>Les berges de la rivi\u00e8re offrent un cadre id\u00e9al pour la d\u00e9tente. J\u2019aime particuli\u00e8rement y faire un pique-nique lors des chaudes soir\u00e9es d\u2019\u00e9t\u00e9. Tu verras les habitants qui viennent y chercher un peu de fra\u00eecheur, loin de l\u2019agitation touristique de Toulouse.<\/p>\n<p>L\u2019authenticit\u00e9 d\u2019Albi, joyau m\u00e9connu \u00e0 d\u00e9couvrir absolument<\/p>\n<p>Cette ville dont je te parle avec tant d\u2019enthousiasme, c\u2019est Albi ! Surnomm\u00e9e \u00ab\u00a0la ville rouge\u00a0\u00bb en raison de ses constructions en briques, elle repr\u00e9sente l\u2019\u00e9quilibre parfait entre richesse patrimoniale et tranquillit\u00e9. Contrairement \u00e0 Toulouse qui attire des millions de visiteurs chaque ann\u00e9e, Albi a su pr\u00e9server son authenticit\u00e9 tout en offrant un patrimoine tout aussi remarquable.<\/p>\n<p>Ce qui fait le charme d\u2019Albi, c\u2019est aussi sa taille humaine. Tu peux analyser l\u2019essentiel de son centre historique \u00e0 pied en une journ\u00e9e, tout en prenant le temps de t\u2019impr\u00e9gner de son atmosph\u00e8re. Les Albigeois sont accueillants et fiers de leur cit\u00e9. N\u2019h\u00e9site pas \u00e0 engager la conversation avec les commer\u00e7ants locaux qui se feront un plaisir de partager leurs bonnes adresses.<\/p>\n<p>Les \u00e9v\u00e9nements culturels rythment la vie de la cit\u00e9 tout au long de l\u2019ann\u00e9e. Du festival de musique classique aux expositions d\u2019art contemporain, Albi sait m\u00ealer tradition et modernit\u00e9. J\u2019appr\u00e9cie particuli\u00e8rement les soir\u00e9es d\u2019\u00e9t\u00e9 o\u00f9 les places s\u2019animent et o\u00f9 la musique r\u00e9sonne entre les murs centenaires.<\/p>\n<p>As-tu d\u00e9j\u00e0 visit\u00e9 Albi ou pr\u00e9vois-tu de d\u00e9couvrir cette merveille du Tarn ? Partage ton exp\u00e9rience ou tes questions en commentaire, je serais ravi d\u2019\u00e9changer avec toi sur ce joyau m\u00e9connu du Sud-Ouest ! Tu peux \u00e9galement me contacter pour des conseils personnalis\u00e9s sur les meilleures fa\u00e7ons d\u2019examiner cette ville fascinante.<\/p>\n<p><img loading=\"lazy\" decoding=\"async\" width=\"150\" height=\"150\" src=\"data:image\/svg+xml,%3Csvg%20xmlns=\" http:=\"\" class=\"attachment-150x150 size-150x150\" alt=\"\" itemprop=\"image\" data-lazy- data-lazy- data-lazy-src=\"https:\/\/www.europesays.com\/fr\/wp-content\/uploads\/2025\/04\/im6-150x150.png\"\/><\/p>\n<p>Salut \u00e0 tous, je suis Eglantine. D\u00e9couvrez mes articles sur le voyage \u00e0 travers mes conseils, astuces et lieux pr\u00e9f\u00e9r\u00e9s en exclusivit\u00e9 sur News Of Marseille.<br \/>R\u00e9dactrice de coeur, je vous guide \u00e0 travers mes \u00e9crits pour vous transmettre mon expertise sur l&rsquo;aventure du voyage. Et \u00e9videmment, allez l&rsquo;OM \ud83d\ude09<\/p>\n<p>Partagez l&rsquo;article ou suivez nous !<\/p>\n<p>\n\tNos images sont \u00e0 but illustratif et peuvent ne pas repr\u00e9senter la r\u00e9alit\u00e9<\/p>\n","protected":false},"excerpt":{"rendered":"\u00c0 l\u2019ombre de sa voisine toulousaine, cette perle tarnaise s\u00e9duit par son authenticit\u00e9 pr\u00e9serv\u00e9e et son riche patrimoine.&hellip;\n","protected":false},"author":2,"featured_media":178301,"comment_status":"","ping_status":"","sticky":false,"template":"","format":"standard","meta":{"footnotes":""},"categories":[2816],"tags":[1111,11,7603,31472,1777,674,1011,27,12,2680,31473,31474,25,2312],"class_list":{"0":"post-178300","1":"post","2":"type-post","3":"status-publish","4":"format-standard","5":"has-post-thumbnail","7":"category-toulouse","8":"tag-actu","9":"tag-actualites","10":"tag-authenticite-medievale","11":"tag-authenticite-preservee","12":"tag-eu","13":"tag-europe","14":"tag-fr","15":"tag-france","16":"tag-news","17":"tag-occitanie","18":"tag-patrimoine-medieval","19":"tag-patrimoine-preserve","20":"tag-republique-francaise","21":"tag-toulouse"},"share_on_mastodon":{"url":"https:\/\/pubeurope.com\/@fr\/114687250507372117","error":""},"_links":{"self":[{"href":"https:\/\/www.europesays.com\/fr\/wp-json\/wp\/v2\/posts\/178300","targetHints":{"allow":["GET"]}}],"collection":[{"href":"https:\/\/www.europesays.com\/fr\/wp-json\/wp\/v2\/posts"}],"about":[{"href":"https:\/\/www.europesays.com\/fr\/wp-json\/wp\/v2\/types\/post"}],"author":[{"embeddable":true,"href":"https:\/\/www.europesays.com\/fr\/wp-json\/wp\/v2\/users\/2"}],"replies":[{"embeddable":true,"href":"https:\/\/www.europesays.com\/fr\/wp-json\/wp\/v2\/comments?post=178300"}],"version-history":[{"count":0,"href":"https:\/\/www.europesays.com\/fr\/wp-json\/wp\/v2\/posts\/178300\/revisions"}],"wp:featuredmedia":[{"embeddable":true,"href":"https:\/\/www.europesays.com\/fr\/wp-json\/wp\/v2\/media\/178301"}],"wp:attachment":[{"href":"https:\/\/www.europesays.com\/fr\/wp-json\/wp\/v2\/media?parent=178300"}],"wp:term":[{"taxonomy":"category","embeddable":true,"href":"https:\/\/www.europesays.com\/fr\/wp-json\/wp\/v2\/categories?post=178300"},{"taxonomy":"post_tag","embeddable":true,"href":"https:\/\/www.europesays.com\/fr\/wp-json\/wp\/v2\/tags?post=178300"}],"curies":[{"name":"wp","href":"https:\/\/api.w.org\/{rel}","templated":true}]}}