{"id":178311,"date":"2025-06-15T12:03:12","date_gmt":"2025-06-15T12:03:12","guid":{"rendered":"https:\/\/www.europesays.com\/fr\/178311\/"},"modified":"2025-06-15T12:03:12","modified_gmt":"2025-06-15T12:03:12","slug":"orages-la-jeune-femme-heurtee-par-une-branche-a-paris-est-morte","status":"publish","type":"post","link":"https:\/\/www.europesays.com\/fr\/178311\/","title":{"rendered":"Orages\u00a0: la jeune femme heurt\u00e9e par une branche \u00e0 Paris est morte"},"content":{"rendered":"<p class=\"paragraph text_align_left\">La soir\u00e9e de fin d\u2019ann\u00e9e entre amis a vir\u00e9 au cauchemar. <a href=\"https:\/\/www.leparisien.fr\/yvelines-78\/orages-un-homme-decede-dans-les-yvelines-apres-la-chute-dun-arbre-une-femme-en-urgence-absolue-a-paris-14-06-2025-DQFNMSEPLFDB3DTGHZULHDL4YI.php\" target=\"_blank\" rel=\"noreferrer nofollow noopener\">La jeune femme touch\u00e9e \u00e0 la t\u00eate par une branche tomb\u00e9e d\u2019un arbre<\/a> \u00e0 cause de la foudre vendredi soir \u00e0 Paris n\u2019a pu \u00eatre sauv\u00e9e. Elle avait \u00e9t\u00e9 transport\u00e9e en urgence absolue \u00e0 l\u2019h\u00f4pital Henri-Mondor de Cr\u00e9teil <a href=\"https:\/\/www.leparisien.fr\/val-de-marne-94\/\" target=\"_blank\" rel=\"noreferrer nofollow noopener\">(Val-de-Marne)<\/a>.<\/p>\n<p class=\"paragraph text_align_left\">\u00c2g\u00e9e de 21\u00a0ans, l\u2019\u00e9tudiante passait la soir\u00e9e avec ses camarades en bord de Seine, sur le quai Saint-Bernard (Ve\u00a0arrondissement). Le groupe d\u2019amis buvait quelques verres pour f\u00eater la fin de l\u2019ann\u00e9e scolaire et leur dipl\u00f4me lorsque le vent s\u2019est lev\u00e9 au passage des <a href=\"https:\/\/www.leparisien.fr\/paris-75\/orages-grele-rafales-de-vent-a-quoi-sattendre-a-paris-ce-vendredi-soir-avec-lalerte-meteo-13-06-2025-T3V56S7EOFG4FFDJOJHS2D4J2E.php\" target=\"_blank\" rel=\"noreferrer nofollow noopener\">violents orages qui ont travers\u00e9 la capitale et l\u2019\u00cele-de-France<\/a> vendredi soir.<\/p>\n<p>Une victime de 68\u00a0ans dans les Yvelines<\/p>\n<p class=\"paragraph text_align_left\">C\u2019est alors que la foudre a provoqu\u00e9 la chute d\u2019une branche, le quai Saint-Bernard \u00e9tant tr\u00e8s v\u00e9g\u00e9talis\u00e9 avec des arbustes, plantes et arbres. Selon nos informations, une premi\u00e8re personne aurait \u00e9vit\u00e9 de peu la branche, mais pas la jeune femme.<\/p>\n<p class=\"paragraph text_align_left\">D\u2019apr\u00e8s une source polici\u00e8re, la victime a \u00e9t\u00e9 heurt\u00e9e au niveau de la t\u00eate puis est tomb\u00e9e au sol. D\u00e9p\u00each\u00e9s sur place, les secours l\u2019ont plong\u00e9e dans le coma et transport\u00e9e en urgence absolue \u00e0 l\u2019h\u00f4pital. Son d\u00e9c\u00e8s a \u00e9t\u00e9 annonc\u00e9 par le parquet de Paris ce dimanche.<\/p>\n<p class=\"paragraph text_align_left\">Ces violents orages ont \u00e9galement entra\u00een\u00e9 la mort d\u2019<a href=\"https:\/\/www.leparisien.fr\/yvelines-78\/orages-dans-les-yvelines-un-frene-sabat-sur-le-pavillon-de-chasse-la-soiree-vire-au-drame-14-06-2025-USDMQFITZBHYHO7KOUMMDN7DUA.php\" target=\"_blank\" rel=\"noreferrer nofollow noopener\">un homme de 68\u00a0ans dans les Yvelines<\/a>, vendredi soir. Un fr\u00eane s\u2019est abattu sur le pavillon de chasse o\u00f9 il se trouvait avec des amis dans la commune de Grandchamp. Ces derniers ont pu sortir mais lui s\u2019est retrouv\u00e9 coinc\u00e9 sous les d\u00e9combres.<\/p>\n","protected":false},"excerpt":{"rendered":"La soir\u00e9e de fin d\u2019ann\u00e9e entre amis a vir\u00e9 au cauchemar. La jeune femme touch\u00e9e \u00e0 la t\u00eate&hellip;\n","protected":false},"author":2,"featured_media":178312,"comment_status":"","ping_status":"","sticky":false,"template":"","format":"standard","meta":{"footnotes":""},"categories":[1888],"tags":[1111,1928,11,1927,1777,674,118,1011,27,1944,12,1926,626,1925,25],"class_list":{"0":"post-178311","1":"post","2":"type-post","3":"status-publish","4":"format-standard","5":"has-post-thumbnail","7":"category-paris","8":"tag-actu","9":"tag-actu-paris","10":"tag-actualites","11":"tag-actualites-paris","12":"tag-eu","13":"tag-europe","14":"tag-faits-divers","15":"tag-fr","16":"tag-france","17":"tag-ma-ville","18":"tag-news","19":"tag-news-paris","20":"tag-paris","21":"tag-paris-news","22":"tag-republique-francaise"},"share_on_mastodon":{"url":"https:\/\/pubeurope.com\/@fr\/114687285934513385","error":""},"_links":{"self":[{"href":"https:\/\/www.europesays.com\/fr\/wp-json\/wp\/v2\/posts\/178311","targetHints":{"allow":["GET"]}}],"collection":[{"href":"https:\/\/www.europesays.com\/fr\/wp-json\/wp\/v2\/posts"}],"about":[{"href":"https:\/\/www.europesays.com\/fr\/wp-json\/wp\/v2\/types\/post"}],"author":[{"embeddable":true,"href":"https:\/\/www.europesays.com\/fr\/wp-json\/wp\/v2\/users\/2"}],"replies":[{"embeddable":true,"href":"https:\/\/www.europesays.com\/fr\/wp-json\/wp\/v2\/comments?post=178311"}],"version-history":[{"count":0,"href":"https:\/\/www.europesays.com\/fr\/wp-json\/wp\/v2\/posts\/178311\/revisions"}],"wp:featuredmedia":[{"embeddable":true,"href":"https:\/\/www.europesays.com\/fr\/wp-json\/wp\/v2\/media\/178312"}],"wp:attachment":[{"href":"https:\/\/www.europesays.com\/fr\/wp-json\/wp\/v2\/media?parent=178311"}],"wp:term":[{"taxonomy":"category","embeddable":true,"href":"https:\/\/www.europesays.com\/fr\/wp-json\/wp\/v2\/categories?post=178311"},{"taxonomy":"post_tag","embeddable":true,"href":"https:\/\/www.europesays.com\/fr\/wp-json\/wp\/v2\/tags?post=178311"}],"curies":[{"name":"wp","href":"https:\/\/api.w.org\/{rel}","templated":true}]}}