{"id":178321,"date":"2025-06-15T12:08:27","date_gmt":"2025-06-15T12:08:27","guid":{"rendered":"https:\/\/www.europesays.com\/fr\/178321\/"},"modified":"2025-06-15T12:08:27","modified_gmt":"2025-06-15T12:08:27","slug":"dans-le-nord-est-de-lukraine-lavancee-russe-menace-les-alentours-de-la-ville-de-soumy-lexpress","status":"publish","type":"post","link":"https:\/\/www.europesays.com\/fr\/178321\/","title":{"rendered":"Dans le nord-est de l&rsquo;Ukraine, l&rsquo;avanc\u00e9e russe menace les alentours de la ville de Soumy \u2013 L&rsquo;Express"},"content":{"rendered":"<p class=\"paragraph article-body-paragraph article__item   article-body-paragraph--first \">Mais plus que les gouttes, ce sont les drones qui les inqui\u00e8tent, car \u00e0 17 kilom\u00e8tres au nord se trouve la fronti\u00e8re avec la Russie, qui pilonne sans cesse la zone depuis trois ans d&rsquo;une invasion meurtri\u00e8re. <\/p>\n<p class=\"paragraph article-body-paragraph article__item   \">Soumy fut le point de d\u00e9part \u00e0 l&rsquo;\u00e9t\u00e9 2024 d&rsquo;un raid ukrainien sur Koursk, territoire russe voisin, occup\u00e9 en partie par les forces de Kiev pendant huit mois, avant qu&rsquo;elles ne soient repouss\u00e9es au printemps par les forces russes, appuy\u00e9es par un contingent nord-cor\u00e9en.<\/p>\n<p><img decoding=\"async\" src=\"https:\/\/www.europesays.com\/fr\/wp-content\/uploads\/2025\/06\/ZWYD7O56TRESFEGTHSOS6D3TK4.jpg\" class=\"image-with-legend__cover-img\" alt=\"Une femme passe \u00e0 proximit\u00e9 d'un b\u00e2timent d\u00e9truit par un bombardement russe, le 12 juin 2025 \u00e0 Soumy, dans le nord-est de l'Ukraine \" width=\"883\" height=\"0\" loading=\"lazy\"\/><\/p>\n<p class=\"image-with-legend__legend\">Une femme passe \u00e0 proximit\u00e9 d&rsquo;un b\u00e2timent d\u00e9truit par un bombardement russe, le 12 juin 2025 \u00e0 Soumy, dans le nord-est de l&rsquo;Ukraine <\/p>\n<p class=\"image-with-legend__credits\"> \u00a9  \/ afp.com\/Florent VERGNES<\/p>\n<p class=\"paragraph article-body-paragraph article__item   \">Ayant d\u00e9sormais franchi la fronti\u00e8re, les troupes de Moscou progressent rapidement vers Soumy, ville qui comptait environ 255.000 habitants avant la guerre lanc\u00e9e en f\u00e9vrier 2022.<\/p>\n<p class=\"paragraph article-body-paragraph article__item   \">L&rsquo;arm\u00e9e russe a revendiqu\u00e9 la capture d&rsquo;une s\u00e9rie de villages frontalier, poussant les autorit\u00e9s ukrainiennes \u00e0 ordonner des \u00e9vacuations d&rsquo;urgence dans plusieurs localit\u00e9s.<\/p>\n<p class=\"paragraph article-body-paragraph article__item   \">Si le pr\u00e9sident ukrainien Volodymyr Zelensky a assur\u00e9 vendredi que l&rsquo;offensive russe dans cette r\u00e9gion avait \u00e9t\u00e9 stopp\u00e9e, les troupes russes n&rsquo;en sont pas moins \u00e0 une vingtaine de kilom\u00e8tres de la capitale r\u00e9gionale, \u00e0 port\u00e9e de tir de leurs canons.<\/p>\n<p> Tout a \u00e9t\u00e9 d\u00e9truit <\/p>\n<p class=\"paragraph article-body-paragraph article__item   \">Sous l&rsquo;arr\u00eat de bus, une dame \u00e2g\u00e9e confie \u00e0 l&rsquo;AFP avoir emball\u00e9 toutes ses affaires, au cas ou les troupes russes atteindraient Stetskivka, o\u00f9 les 5.500 habitants ont \u00e9t\u00e9 remplac\u00e9s par des militaires en garnison.<\/p>\n<p><img decoding=\"async\" src=\"https:\/\/www.europesays.com\/fr\/wp-content\/uploads\/2025\/06\/JTQ7YUY3UVC7NIAMFJM5SPLXHE.jpg\" class=\"image-with-legend__cover-img\" alt=\"Un chauffeur de bus attend des passagers dans la localit\u00e9 de Stetskivka, proche de la ligne de front, dans le nord-est de l'Ukraine, le 12 juin 2025 \" width=\"883\" height=\"0\" loading=\"lazy\"\/><\/p>\n<p class=\"image-with-legend__legend\">Un chauffeur de bus attend des passagers dans la localit\u00e9 de Stetskivka, proche de la ligne de front, dans le nord-est de l&rsquo;Ukraine, le 12 juin 2025 <\/p>\n<p class=\"image-with-legend__credits\"> \u00a9  \/ afp.com\/Florent VERGNES<\/p>\n<p class=\"paragraph article-body-paragraph article__item   \">Dans sa petite \u00e9choppe, Galyna Golovko, 69 ans, fulmine. J&rsquo;ai peur. Personne ne sait ce qui arrivera au bus que nous prendrons, s&#8217;emporte-t-elle contre les drones explosifs russes qui visent tous les v\u00e9hicules depuis un mois.<\/p>\n<p class=\"paragraph article-body-paragraph article__item   \">Situ\u00e9e \u00e0 dix kilom\u00e8tres d&rsquo;une ligne de front qui s&rsquo;enfonce au c\u0153ur de la r\u00e9gion, Stetskivka est, selon Galyna, la derni\u00e8re bourgade viable avant le plus fort des combats. Au-del\u00e0, tout a \u00e9t\u00e9 d\u00e9truit, il ne reste plus aucun village.<\/p>\n<p class=\"paragraph article-body-paragraph article__item   \">Pos\u00e9e sur son comptoir, quelques billets dans une bo\u00eete en plastique sont autant de donations pour une famille qui a perdu sa maison, ras\u00e9e par une bombe planante russe.<\/p>\n<p class=\"paragraph article-body-paragraph article__item   \">C&rsquo;est l&rsquo;une des raisons qui poussent Galyna \u00e0 ne plus sortir, ni le soir, ni le matin, heures o\u00f9 drones sillonnent le ciel. <\/p>\n<p> Zone tampon <\/p>\n<p class=\"paragraph article-body-paragraph article__item   \">\u00c0 dix kilom\u00e8tres plus au sud, Soumy ne semble pas s&rsquo;\u00e9mouvoir de la progression russe.<\/p>\n<p><img decoding=\"async\" src=\"https:\/\/www.europesays.com\/fr\/wp-content\/uploads\/2025\/06\/6Q5GRFDWNVDJLGPTZGWJ2YKHQI.jpg\" class=\"image-with-legend__cover-img\" alt=\"Galyna Golovko dans son \u00e9choppe \u00e0 Stetskivka, proche de la ligne de front, dans le nord-est de l'Ukraine, le 12 juin 2025 \" width=\"883\" height=\"0\" loading=\"lazy\"\/><\/p>\n<p class=\"image-with-legend__legend\">Galyna Golovko dans son \u00e9choppe \u00e0 Stetskivka, proche de la ligne de front, dans le nord-est de l&rsquo;Ukraine, le 12 juin 2025 <\/p>\n<p class=\"image-with-legend__credits\"> \u00a9  \/ afp.com\/Florent VERGNES<\/p>\n<p class=\"paragraph article-body-paragraph article__item   \">Sous d&rsquo;\u00e9l\u00e9gants parapluies, les habitants se pressent dans des restaurants cossus pour savourer un pav\u00e9 de saumon d&rsquo;exception : presque assez pour oublier la proximit\u00e9 du front. <\/p>\n<p class=\"paragraph article-body-paragraph article__item   \">Mais les griffures des bombardements sur les fa\u00e7ades rappellent cruellement que la ville est fr\u00e9quemment frapp\u00e9e par Moscou. Et malgr\u00e9 l&rsquo;apparente qui\u00e9tude, quand le bruit des klaxons se tait, les d\u00e9tonations se font entendre dans le lointain.<\/p>\n<p class=\"paragraph article-body-paragraph article__item   \">Les rues se parent de bunkers de b\u00e9ton face aux attaques a\u00e9riennes de plus en plus fr\u00e9quentes, alors que Moscou veut \u00e9tablir une zone tampon pour bloquer de futures incursions ukrainiennes sur son territoire.<\/p>\n<p><img decoding=\"async\" src=\"https:\/\/www.europesays.com\/fr\/wp-content\/uploads\/2025\/06\/IPXAZGDPUBGEXMDFPQ3I64U4BI.jpg\" class=\"image-with-legend__cover-img\" alt=\"Un soldat ukrainien du bataillon de drones du 225e r\u00e9giment d'assaut s\u00e9par\u00e9 soude un microprocesseur dans un atelier tenu secret, le 12 juin 2025 \" width=\"883\" height=\"0\" loading=\"lazy\"\/><\/p>\n<p class=\"image-with-legend__legend\">Un soldat ukrainien du bataillon de drones du 225e r\u00e9giment d&rsquo;assaut s\u00e9par\u00e9 soude un microprocesseur dans un atelier tenu secret, le 12 juin 2025 <\/p>\n<p class=\"image-with-legend__credits\"> \u00a9  \/ afp.com\/Florent VERGNES<\/p>\n<p class=\"paragraph article-body-paragraph article__item   \">Je ne comprends pas pourquoi ils font cela maintenant, s&rsquo;interroge Anvar, commandant du bataillon de drones du 225e r\u00e9giment d&rsquo;assaut s\u00e9par\u00e9, charg\u00e9 de d\u00e9fendre la r\u00e9gion et qui combat le long de la fronti\u00e8re.<\/p>\n<p class=\"paragraph article-body-paragraph article__item   \">On a toujours des troupes dans la r\u00e9gion de Koursk, ass\u00e8ne-t-il \u00e0 l&rsquo;AFP dans un appartement qui sert de base \u00e0 son unit\u00e9.<\/p>\n<p class=\"paragraph article-body-paragraph article__item   \">Face \u00e0 l&rsquo;avanc\u00e9e russe, Anvar hausse les \u00e9paules : L&rsquo;ennemi tente d&rsquo;avancer. Nous les repoussons. Parfois, nous avan\u00e7ons, parfois c&rsquo;est eux. Il \u00e9voque une guerre de positions sur cette partie du front.<\/p>\n<p> Je resterai <\/p>\n<p class=\"paragraph article-body-paragraph article__item   \">\u00c0 c\u00f4t\u00e9 de lui, un de ses hommes, les yeux coll\u00e9s au microscope, soude des microprocesseurs dans un silence monacal, seulement troubl\u00e9 par les cliquettements \u00e9lectroniques qui donne \u00e0 la pi\u00e8ce des airs de laboratoire.<\/p>\n<p class=\"paragraph article-body-paragraph article__item   \">Au milieu des imprimantes 3D et des stocks de batteries, sa brigade adapte minutieusement des drones chinois pour les transformer en armes volantes, maintenant indispensables.<\/p>\n<p><img decoding=\"async\" src=\"https:\/\/www.europesays.com\/fr\/wp-content\/uploads\/2025\/06\/GDX3GPPBXRBPDKCSIDOWWZUID4.jpg\" class=\"image-with-legend__cover-img\" alt=\"Un soldat ukrainien du bataillon de drones du 225e r\u00e9giment d'assaut s\u00e9par\u00e9 travaille dans un atelier tenu secret, le 12 juin 2025 \" width=\"883\" height=\"0\" loading=\"lazy\"\/><\/p>\n<p class=\"image-with-legend__legend\">Un soldat ukrainien du bataillon de drones du 225e r\u00e9giment d&rsquo;assaut s\u00e9par\u00e9 travaille dans un atelier tenu secret, le 12 juin 2025 <\/p>\n<p class=\"image-with-legend__credits\"> \u00a9  \/ afp.com\/Florent VERGNES<\/p>\n<p class=\"paragraph article-body-paragraph article__item   \">C&rsquo;est d\u00e9sormais une guerre des drones, l\u00e2che le commandant, qui assure que la Russie continue d&rsquo;envoyer des vagues de soldats vers une mort certaine pour tenter de noyer les troupes de Kiev.<\/p>\n<p class=\"paragraph article-body-paragraph article__item   \">Depuis Stetskivka, Galyna en est s\u00fbre : ses gars, les soldats ukrainiens, vont tenir bon, et en attendant, elle n&rsquo;ira nulle part. <\/p>\n<p class=\"paragraph article-body-paragraph article__item   \">Je resterai chez moi, l\u00e2che-t-elle, au bord des larmes, en martelant son comptoir du poing. J&rsquo;ai voyag\u00e9 en Russie. Nous avons des amis l\u00e0-bas, et de la famille. Avant tout allait bien, se souvient-elle.<\/p>\n<p class=\"paragraph article-body-paragraph article__item    article__text__endpicto\">Un jour, toute cette folie prendra fin. La folie que Poutine a d\u00e9clench\u00e9 prendra fin, conclut-elle les yeux humides et les joues tremblantes.<\/p>\n","protected":false},"excerpt":{"rendered":"Mais plus que les gouttes, ce sont les drones qui les inqui\u00e8tent, car \u00e0 17 kilom\u00e8tres au nord&hellip;\n","protected":false},"author":2,"featured_media":178322,"comment_status":"","ping_status":"","sticky":false,"template":"","format":"standard","meta":{"footnotes":""},"categories":[1590],"tags":[11,10944,1777,674,12,220],"class_list":{"0":"post-178321","1":"post","2":"type-post","3":"status-publish","4":"format-standard","5":"has-post-thumbnail","7":"category-ukraine","8":"tag-actualites","9":"tag-archives","10":"tag-eu","11":"tag-europe","12":"tag-news","13":"tag-ukraine"},"share_on_mastodon":{"url":"https:\/\/pubeurope.com\/@fr\/114687305795823601","error":""},"_links":{"self":[{"href":"https:\/\/www.europesays.com\/fr\/wp-json\/wp\/v2\/posts\/178321","targetHints":{"allow":["GET"]}}],"collection":[{"href":"https:\/\/www.europesays.com\/fr\/wp-json\/wp\/v2\/posts"}],"about":[{"href":"https:\/\/www.europesays.com\/fr\/wp-json\/wp\/v2\/types\/post"}],"author":[{"embeddable":true,"href":"https:\/\/www.europesays.com\/fr\/wp-json\/wp\/v2\/users\/2"}],"replies":[{"embeddable":true,"href":"https:\/\/www.europesays.com\/fr\/wp-json\/wp\/v2\/comments?post=178321"}],"version-history":[{"count":0,"href":"https:\/\/www.europesays.com\/fr\/wp-json\/wp\/v2\/posts\/178321\/revisions"}],"wp:featuredmedia":[{"embeddable":true,"href":"https:\/\/www.europesays.com\/fr\/wp-json\/wp\/v2\/media\/178322"}],"wp:attachment":[{"href":"https:\/\/www.europesays.com\/fr\/wp-json\/wp\/v2\/media?parent=178321"}],"wp:term":[{"taxonomy":"category","embeddable":true,"href":"https:\/\/www.europesays.com\/fr\/wp-json\/wp\/v2\/categories?post=178321"},{"taxonomy":"post_tag","embeddable":true,"href":"https:\/\/www.europesays.com\/fr\/wp-json\/wp\/v2\/tags?post=178321"}],"curies":[{"name":"wp","href":"https:\/\/api.w.org\/{rel}","templated":true}]}}