{"id":178330,"date":"2025-06-15T12:13:16","date_gmt":"2025-06-15T12:13:16","guid":{"rendered":"https:\/\/www.europesays.com\/fr\/178330\/"},"modified":"2025-06-15T12:13:16","modified_gmt":"2025-06-15T12:13:16","slug":"suisse-ue-laccord-sur-lelectricite-enflamme-le-ps","status":"publish","type":"post","link":"https:\/\/www.europesays.com\/fr\/178330\/","title":{"rendered":"Suisse- UE: l\u2019accord sur l\u2019\u00e9lectricit\u00e9 enflamme le PS"},"content":{"rendered":"<p>Relations Suisse-UE \u2013 <\/p>\n<p>L\u2019accord sur l\u2019\u00e9lectricit\u00e9 fait disjoncter les socialistes<\/p>\n<p class=\"ContentHead_lead____SsS link_regular__O0hk0 link_externalicon-big__ZdPgo link_externalicon__qcwXs\">Pierre-Yves Maillard et Eric Nussbaumer s\u2019affrontent publiquement au sujet des n\u00e9gociations avec Bruxelles. Le premier craint une catastrophe \u00e9cologique, le second y voit une opportunit\u00e9 historique.<\/p>\n<p><img loading=\"lazy\" decoding=\"async\" src=\"https:\/\/www.europesays.com\/fr\/wp-content\/uploads\/2025\/06\/9RYUgI8Pado8pT-lQtFgak.jpg\"  width=\"100\" height=\"100\"  alt=\"Mischa Aebi\" class=\"AuthorImage_root__WCxj_ ContentMetaInfo_authorimage__Mp4LD AuthorImage_-content-head__3qDob\" style=\"background-color:#7F7F7F\"\/>Publi\u00e9 aujourd\u2019hui \u00e0 13h58<img decoding=\"async\" loading=\"eager\" fetchpriority=\"high\" src=\"https:\/\/www.europesays.com\/fr\/wp-content\/uploads\/2025\/06\/0rmhgXYQ4Rh9T5RmOMOHtG.jpg\" alt=\"Deux hommes discutent, l\u2019un tenant un micro, l\u2019autre regardant au loin, tous deux portant des lunettes et des costumes.\" title=\"Deux hommes discutent, l\u2019un tenant un micro, l\u2019autre regardant au loin, tous deux portant des lunettes et des costumes.\" class=\"ResponsiveImage_root__ZDz10 responsive-image\" style=\"background-color:#D59875\"\/><\/p>\n<p>Le courant ne passe plus entre Pierre-Yves Maillard et Eric Nussbaumer.<\/p>\n<p>DR<\/p>\n<p>Abonnez-vous d\u00e8s maintenant et profitez de la fonction de lecture audio.<a href=\"https:\/\/bottalk.io\/\" class=\"BottalkPaywall_bottalklink__KDtuf\" target=\"_blank\" rel=\"noreferrer nofollow noopener\">BotTalk<\/a><strong class=\"SummaryList_title__8uifR\">En bref:<\/strong><\/p>\n<ul class=\"SummaryList_list__pEa7M\">\n<li>Eric Nussbaumer (PS\/BL) se sent provoqu\u00e9 par Pierre-Yves Maillard (PS\/VD).<\/li>\n<li>Le B\u00e2lois estime que l\u2019accord sur l\u2019\u00e9lectricit\u00e9 avec l\u2019UE est extr\u00eamement important.<\/li>\n<li>Le patron des syndicats, en revanche, s\u2019y oppose et met en garde contre les black-out.<\/li>\n<\/ul>\n<p class=\"ArticleParagraph_root__lhFZo ArticleContainer_content-width__FRl7F link_focus__0ZMwx link_externalicon-big__ZdPgo link_externalicon__qcwXs ArticleElement_article-element__q93eL\">Cette semaine, la tension \u00e9tait palpable sur X. Le conseiller national Eric Nussbaumer (PS\/BL), politicien chevronn\u00e9 dans le domaine de l\u2019\u00e9nergie, y a vivement critiqu\u00e9 certains membres de son parti: \u00abC\u2019est effrayant ce qui se raconte \u00e0 l\u2019extr\u00eame gauche de la social-d\u00e9mocratie. C\u2019est une combinaison d\u2019ignorance en mati\u00e8re d\u2019\u00e9conomie \u00e9nerg\u00e9tique et de mauvaise foi pour d\u00e9nigrer le projet europ\u00e9en.\u00bb<\/p>\n<p class=\"ArticleParagraph_root__lhFZo ArticleContainer_content-width__FRl7F link_focus__0ZMwx link_externalicon-big__ZdPgo link_externalicon__qcwXs ArticleElement_article-element__q93eL\">Eric Nussbaumer est un ardent d\u00e9fenseur de l\u2019Union europ\u00e9enne (UE). Au sein du Parti socialiste (PS), il constitue une force motrice pour un rapprochement entre la Suisse et l\u2019UE. Il pr\u00e9side \u00e9galement le <a href=\"https:\/\/www.europe.ch\/\" class=\"HtmlText_root__A1OSq\" target=\"_blank\" rel=\"noopener noreferrer nofollow\">Mouvement europ\u00e9en Suisse<\/a>, dont l\u2019objectif est l\u2019adh\u00e9sion de la Suisse \u00e0 l\u2019UE. Sa r\u00e9cente col\u00e8re exprim\u00e9e en ligne visait directement son coll\u00e8gue de parti Pierre-Yves Maillard, \u00e0 la t\u00eate de <a href=\"https:\/\/www.uss.ch\/actualite\" class=\"HtmlText_root__A1OSq\" target=\"_blank\" rel=\"noopener noreferrer nofollow\">l\u2019Union syndicale suisse (USS)<\/a>.<\/p>\n<p class=\"ArticleParagraph_root__lhFZo ArticleContainer_content-width__FRl7F link_focus__0ZMwx link_externalicon-big__ZdPgo link_externalicon__qcwXs ArticleElement_article-element__q93eL\">Le conseiller aux \u00c9tats vaudois, eurosceptique et syndicaliste dans l\u2019\u00e2me, avait pr\u00e9c\u00e9demment critiqu\u00e9 <a class=\"HtmlText_root__A1OSq\" href=\"https:\/\/www.24heures.ch\/suisse-ue-le-conseil-federal-devoile-laccord-sur-lelectricite-379713957597\" rel=\"nofollow noopener\" target=\"_blank\">l\u2019accord sur l\u2019\u00e9lectricit\u00e9<\/a> n\u00e9goci\u00e9 par le Conseil f\u00e9d\u00e9ral avec l\u2019UE. Le chef des syndicats a particuli\u00e8rement cibl\u00e9 les \u00abmilieux \u00e9cologiques\u00bb qui soutiennent cet accord. Sa critique visait \u2013 sans qu\u2019il ne mentionne de noms \u2013 notamment son coll\u00e8gue de parti Eric Nussbaumer. Ce dernier compte en effet parmi les d\u00e9fenseurs les plus ardents de cet accord. Le B\u00e2lois s\u2019est manifestement senti vis\u00e9 par les propos de Pierre-Yves Maillard.<\/p>\n<p>Foss\u00e9 dans le camp de gauche<\/p>\n<p class=\"ArticleParagraph_root__lhFZo ArticleContainer_content-width__FRl7F link_focus__0ZMwx link_externalicon-big__ZdPgo link_externalicon__qcwXs ArticleElement_article-element__q93eL\">La querelle entre ces deux figures socialistes r\u00e9v\u00e8le une scission au sein du parti sur la question europ\u00e9enne, du moins concernant l\u2019accord sur l\u2019\u00e9lectricit\u00e9. Les deux protagonistes d\u00e9fendent leurs convictions avec passion: Pierre-Yves Maillard d\u00e9fend les citoyens ordinaires, tandis qu\u2019Eric Nussbaumer se bat pour l\u2019environnement et l\u2019id\u00e9al europ\u00e9en.<\/p>\n<p class=\"ArticleParagraph_root__lhFZo ArticleContainer_content-width__FRl7F link_focus__0ZMwx link_externalicon-big__ZdPgo link_externalicon__qcwXs ArticleElement_article-element__q93eL\">Tous deux ne font pas cavalier seul. Ils dirigent chacun un camp au sein de leur parti. Derri\u00e8re Pierre-Yves Maillard, on trouve avant tout des conseillers nationaux issus du monde syndical comme Beno\u00eet Gaillard (PS\/VD), David Roth (PS\/LU) et Martine Docourt (PS\/NE), mais \u00e9galement l\u2019ex-pr\u00e9sentateur de t\u00e9l\u00e9vision Ueli Schmezer (PS\/BE).<\/p>\n<p class=\"DynamicInfobox_infoboxtext__JDA1K\">L&rsquo;accord sur l&rsquo;\u00e9lectricit\u00e9 n\u00e9goci\u00e9 entre Berne et Bruxelles pr\u00e9voit l\u2019int\u00e9gration de la Suisse au march\u00e9 europ\u00e9en de l&rsquo;\u00e9lectricit\u00e9, renfor\u00e7ant sa s\u00e9curit\u00e9 d&rsquo;approvisionnement. Principale nouveaut\u00e9 pour les consommatrices et consommateurs: tous les m\u00e9nages pourront choisir librement leur fournisseur d&rsquo;\u00e9lectricit\u00e9 au lieu d&rsquo;\u00eatre assign\u00e9s \u00e0 un distributeur local. Ceux qui pr\u00e9f\u00e8rent ne pas choisir resteront dans un syst\u00e8me d&rsquo;approvisionnement de base r\u00e9gul\u00e9. Ceux qui optent pour un op\u00e9rateur priv\u00e9 mais souhaitent revenir apr\u00e8s coup dans le syst\u00e8me r\u00e9gul\u00e9 devront respecter un d\u00e9lai d&rsquo;attente ou s&rsquo;acquitter de frais.\u00a0<\/p>\n<p class=\"DynamicInfobox_infoboxtext__JDA1K\">Cet accord ne fait pas partie <a class=\"HtmlText_root__A1OSq\" href=\"https:\/\/www.24heures.ch\/le-conseil-federal-donne-son-feu-vert-aux-accords-avec-lue-916810894650\" rel=\"nofollow noopener\" target=\"_blank\">du paquet d&rsquo;accords principal<\/a> sign\u00e9 avec l&rsquo;Union europ\u00e9enne, destin\u00e9 \u00e0 stabiliser les relations bilat\u00e9rales. Il vise \u00e0 d\u00e9velopper les relations avec l\u2019UE, tout comme deux autres accords concernant la s\u00e9curit\u00e9 des denr\u00e9es alimentaires et la sant\u00e9. L\u2019ensemble est soumis au r\u00e9f\u00e9rendum facultatif sous la forme de quatre arr\u00eat\u00e9s f\u00e9d\u00e9raux distincts, a indiqu\u00e9 vendredi le Conseil f\u00e9d\u00e9ral.<\/p>\n<p class=\"DynamicInfobox_infoboxtext__JDA1K\">Des mesures d\u2019accompagnement sp\u00e9cifiques sont pr\u00e9vues dans les domaines de la protection des salaires, de l\u2019immigration, des transports terrestres et de l\u2019\u00e9lectricit\u00e9. Le parlement devrait se saisir du dossier au d\u00e9but 2026. Les d\u00e9bats s\u2019annoncent tendus, les opposants \u2013 UDC en t\u00eate \u2013 fustigeant haut et fort un \u00abtrait\u00e9 de soumission \u00e0 l\u2019UE\u00bb.\u00a0 <strong>AGR<\/strong><\/p>\n<p class=\"ArticleParagraph_root__lhFZo ArticleContainer_content-width__FRl7F link_focus__0ZMwx link_externalicon-big__ZdPgo link_externalicon__qcwXs ArticleElement_article-element__q93eL\">La plupart des sp\u00e9cialistes en \u00e9nergie du Parti socialiste devraient en revanche soutenir Eric Nussbaumer. Le conseiller national Jon Pult (PS\/GR) a d\u00e9j\u00e0 discr\u00e8tement manifest\u00e9 son appui au camp Nussbaumer. Cette semaine, l\u2019\u00e9lue Gabriela Suter (PS\/AG) a \u00e9galement apport\u00e9 son soutien \u00e0 Eric Nussbaumer dans un article d\u2019opinion publi\u00e9 par nos confr\u00e8res du <a href=\"https:\/\/www.tagesanzeiger.ch\/energie-schweiz-stromabkommen-nuetzt-verbrauchern-und-umwelt-866829401742\" class=\"HtmlText_root__A1OSq\" target=\"_blank\" rel=\"noopener noreferrer nofollow\">\u00abTages-Anzeiger\u00bb<\/a>. Elle a notamment qualifi\u00e9 les arguments de Pierre-Yves Maillard de \u00abb\u00eatises\u00bb.<\/p>\n<p class=\"ArticleParagraph_root__lhFZo ArticleContainer_content-width__FRl7F link_focus__0ZMwx link_externalicon-big__ZdPgo link_externalicon__qcwXs ArticleElement_article-element__q93eL\">On peut supposer que les r\u00e9cents \u00e9changes anim\u00e9s n\u2019\u00e9taient que le pr\u00e9lude d\u2019un conflit plus cons\u00e9quent au sein du PS.<\/p>\n<p>La crainte de Pierre-Yves Maillard<\/p>\n<p class=\"ArticleParagraph_root__lhFZo ArticleContainer_content-width__FRl7F link_focus__0ZMwx link_externalicon-big__ZdPgo link_externalicon__qcwXs ArticleElement_article-element__q93eL\">Tout comme Eric Nussbaumer, Pierre-Yves Maillard dispose lui aussi d\u2019un sens aigu de la r\u00e9partie. La semaine derni\u00e8re, il a provoqu\u00e9 le B\u00e2lois en qualifiant l\u2019accord sur l\u2019\u00e9lectricit\u00e9 de \u00abcatastrophe \u00e9cologique\u00bb. Le Vaudois reproche aux membres de son propre parti de freiner la transition \u00e9nerg\u00e9tique en appuyant cet accord. Il les tient m\u00eame indirectement responsables du risque que, dans le pire sc\u00e9nario, on doive recourir \u00e0 nouveau \u00e0 la production d\u2019\u00e9lectricit\u00e9 \u00e0 partir de gaz, de p\u00e9trole ou m\u00eame de charbon \u2013 une cons\u00e9quence du manque d\u2019investissements des fournisseurs dans les \u00e9nergies renouvelables.<\/p>\n<p class=\"ArticleParagraph_root__lhFZo ArticleContainer_content-width__FRl7F link_focus__0ZMwx link_externalicon-big__ZdPgo link_externalicon__qcwXs ArticleElement_article-element__q93eL\">Pierre-Yves Maillard voit les choses ainsi: l\u2019accord sur l\u2019\u00e9lectricit\u00e9 obligerait la Suisse \u00e0 ouvrir le march\u00e9 aux m\u00e9nages priv\u00e9s. Sans garantie de vente, les producteurs suisses h\u00e9siteraient alors \u00e0 investir dans les \u00e9nergies renouvelables, notamment l\u2019hydro\u00e9lectricit\u00e9. Selon le patron des syndicats, cette situation repr\u00e9sente non seulement un d\u00e9sastre \u00e9cologique, mais entra\u00eenerait aussi une instabilit\u00e9 des prix et un risque accru de panne g\u00e9n\u00e9ralis\u00e9e.<\/p>\n<p><img decoding=\"async\" loading=\"lazy\" src=\"https:\/\/www.europesays.com\/fr\/wp-content\/uploads\/2025\/06\/BNY1aR4r4UV8anCjsmjfNq.jpg\" alt=\"Tuyaux g\u00e9ants color\u00e9s dans la centrale hydro\u00e9lectrique souterraine de Veytaux I, faisant partie des infrastructures de FMHL.\" title=\"Tuyaux g\u00e9ants color\u00e9s dans la centrale hydro\u00e9lectrique souterraine de Veytaux I, faisant partie des infrastructures de FMHL.\" class=\"ResponsiveImage_root__ZDz10 responsive-image\" style=\"background-color:#4D7176\"\/><\/p>\n<p>Pour Pierre Yves-Maillard, l\u2019accord sur l\u2019\u00e9lectricit\u00e9 pourrait freiner les investissements dans les \u00e9nergies renouvelables, notamment l\u2019hydro\u00e9lectricit\u00e9 (ici l\u2019am\u00e9nagement \u00e0 accumulation et de pompage-turbinage des Forces Motrices Hongrin-L\u00e9man SA, en juin 2021).<\/p>\n<p>Chantal Dervey<\/p>\n<p class=\"ArticleParagraph_root__lhFZo ArticleContainer_content-width__FRl7F link_focus__0ZMwx link_externalicon-big__ZdPgo link_externalicon__qcwXs ArticleElement_article-element__q93eL\">Mais selon Eric Nussbaumer, cette argumentation est \u00abtout simplement fausse et trompeuse\u00bb. Selon lui, l\u2019accord repr\u00e9sente \u00abune chance unique\u00bb. La Suisse n\u00e9gocierait depuis quinze ans avec l\u2019UE pour obtenir un accord stable sur l\u2019\u00e9lectricit\u00e9. L\u2019ancienne ministre de l\u2019\u00c9nergie Doris Leuthard aurait tent\u00e9 sans succ\u00e8s de conclure une telle entente. Aujourd\u2019hui, on serait enfin parvenu \u00e0 n\u00e9gocier un \u00abcontrat extr\u00eamement avantageux\u00bb.<\/p>\n<p class=\"ArticleParagraph_root__lhFZo ArticleContainer_content-width__FRl7F link_focus__0ZMwx link_externalicon-big__ZdPgo link_externalicon__qcwXs ArticleElement_article-element__q93eL\">\u00abL\u2019accord sur l\u2019\u00e9lectricit\u00e9 a pris en compte toutes les pr\u00e9occupations importantes de la Suisse\u00bb, estime Eric Nussbaumer. Cet accord permettrait \u00e0 la Suisse d\u2019assurer un approvisionnement \u00e9lectrique fiable et durable. Selon le conseiller national b\u00e2lois, la Suisse pourra continuer \u00e0 subventionner la construction de nouvelles centrales utilisant des \u00e9nergies renouvelables. Il n\u2019y aurait donc pas de risque de p\u00e9nurie d\u2019infrastructures. \u00abOn a le droit d\u2019avoir une opinion diff\u00e9rente, mais il ne faut pas affirmer des choses qui ne sont pas vraies\u00bb, conclut-il.<\/p>\n<p>Traduit de l\u2019allemand par Olivia Beuchat<\/p>\n<p class=\"DynamicTeaser_boxtitle__B6piN\">L\u2019accord sur l\u2019\u00e9lectricit\u00e9<\/p>\n<p><strong>Mischa Aebi <\/strong>est r\u00e9dacteur au Palais f\u00e9d\u00e9ral pour la \u00abSonntagsZeitung\u00bb. Auparavant, il a travaill\u00e9 comme journaliste \u00e0 la rubrique Suisse de la \u00abBerner Zeitung\u00bb. Avant de devenir journaliste, il a notamment enseign\u00e9 les math\u00e9matiques et la physique \u00e0 l&rsquo;\u00e9cole professionnelle de Berne.<a class=\"ArticleAuthorBio_moreinfo__cqyvz link_underlinelink__K5Zr0\" rel=\"author nofollow noopener\" href=\"https:\/\/www.24heures.ch\/author\/63402126\/mischa-aebi\" target=\"_blank\">Plus d&rsquo;infos<\/a><a href=\"https:\/\/twitter.com\/mischa_aebi\" rel=\"nofollow noopener\" target=\"_blank\">@mischa_aebi<\/a><\/p>\n<p class=\"Feedback_root__fr_Mi ArticleContainer_content-width__FRl7F\">Vous avez trouv\u00e9 une erreur?<a href=\"mailto:tes_correction@tamedia.ch?subject=Avis%20d'erreur%20%7C%20Mischa%20Aebi%20%7C%20L%E2%80%99accord%20sur%20l%E2%80%99%C3%A9lectricit%C3%A9%20fait%20disjoncter%20les%20socialistes&amp;body=J'ai%20trouv%C3%A9%20une%20erreur%20dans%20cet%20article%3A%20https%3A%2F%2Fwww.24heures.ch%2Fsuisse-ue-laccord-sur-lelectricite-enflamme-le-ps-780059941090\" class=\"Feedback_feedbacklink__VyDCi link_underlinelink__K5Zr0\">Merci de nous la signaler.<\/a><\/p>\n<p>0 commentaires<\/p>\n<p><script async src=\"https:\/\/platform.twitter.com\/widgets.js\" charset=\"utf-8\"><\/script><\/p>\n","protected":false},"excerpt":{"rendered":"Relations Suisse-UE \u2013 L\u2019accord sur l\u2019\u00e9lectricit\u00e9 fait disjoncter les socialistes Pierre-Yves Maillard et Eric Nussbaumer s\u2019affrontent publiquement au&hellip;\n","protected":false},"author":2,"featured_media":178331,"comment_status":"","ping_status":"","sticky":false,"template":"","format":"standard","meta":{"footnotes":""},"categories":[1586],"tags":[11,1777,674,1779,1011,27,12,25,2300,1778,364],"class_list":{"0":"post-178330","1":"post","2":"type-post","3":"status-publish","4":"format-standard","5":"has-post-thumbnail","7":"category-europe","8":"tag-actualites","9":"tag-eu","10":"tag-europe","11":"tag-european-union","12":"tag-fr","13":"tag-france","14":"tag-news","15":"tag-republique-francaise","16":"tag-stats-seo","17":"tag-ue","18":"tag-union-europeenne"},"share_on_mastodon":{"url":"https:\/\/pubeurope.com\/@fr\/114687325443353279","error":""},"_links":{"self":[{"href":"https:\/\/www.europesays.com\/fr\/wp-json\/wp\/v2\/posts\/178330","targetHints":{"allow":["GET"]}}],"collection":[{"href":"https:\/\/www.europesays.com\/fr\/wp-json\/wp\/v2\/posts"}],"about":[{"href":"https:\/\/www.europesays.com\/fr\/wp-json\/wp\/v2\/types\/post"}],"author":[{"embeddable":true,"href":"https:\/\/www.europesays.com\/fr\/wp-json\/wp\/v2\/users\/2"}],"replies":[{"embeddable":true,"href":"https:\/\/www.europesays.com\/fr\/wp-json\/wp\/v2\/comments?post=178330"}],"version-history":[{"count":0,"href":"https:\/\/www.europesays.com\/fr\/wp-json\/wp\/v2\/posts\/178330\/revisions"}],"wp:featuredmedia":[{"embeddable":true,"href":"https:\/\/www.europesays.com\/fr\/wp-json\/wp\/v2\/media\/178331"}],"wp:attachment":[{"href":"https:\/\/www.europesays.com\/fr\/wp-json\/wp\/v2\/media?parent=178330"}],"wp:term":[{"taxonomy":"category","embeddable":true,"href":"https:\/\/www.europesays.com\/fr\/wp-json\/wp\/v2\/categories?post=178330"},{"taxonomy":"post_tag","embeddable":true,"href":"https:\/\/www.europesays.com\/fr\/wp-json\/wp\/v2\/tags?post=178330"}],"curies":[{"name":"wp","href":"https:\/\/api.w.org\/{rel}","templated":true}]}}