{"id":178340,"date":"2025-06-15T12:20:13","date_gmt":"2025-06-15T12:20:13","guid":{"rendered":"https:\/\/www.europesays.com\/fr\/178340\/"},"modified":"2025-06-15T12:20:13","modified_gmt":"2025-06-15T12:20:13","slug":"atp-andre-agassi-pourquoi-je-naimais-pas-jouer-a-wimbledon-au-debut-de-ma-carriere-vous-pourriez-me-dire-de-fumer-ce-truc-et-je-comprendrais-mais-jouer-dessus","status":"publish","type":"post","link":"https:\/\/www.europesays.com\/fr\/178340\/","title":{"rendered":"ATP > Andre Agassi : \u00ab\u00a0Pourquoi je n&rsquo;aimais pas jouer \u00e0 Wimbledon au d\u00e9but de ma carri\u00e8re ? Vous pourriez me dire de fumer ce truc et je comprendrais, mais jouer dessus&#8230;\u00a0\u00bb"},"content":{"rendered":"<p>Andre Agassi a r\u00e9cem\u00adment \u00e9t\u00e9 invit\u00e9 dans <a href=\"https:\/\/www.youtube.com\/watch?v=mKTNXfOGmAA\" data-wpel-link=\"external\" target=\"_blank\" rel=\"nofollow external noopener\">le podcast d\u2019Andy Roddick<\/a>. Au micro de son compa\u00adtriote, il est revenu sur des moments marquants de sa carri\u00e8re. Apr\u00e8s avoir expliqu\u00e9 qu\u2019il a <a href=\"https:\/\/www.welovetennis.fr\/atp\/andre-agassi-je-ninvente-rien-jai-toujours-deteste-le-tennis-mais-cela-ne-veut-pas-dire-que-je-netais-pas-bon-dans-ce-domaine\" data-wpel-link=\"internal\" rel=\"nofollow noopener\" target=\"_blank\">long\u00adtemps d\u00e9test\u00e9 le tennis<\/a>, le \u2018Kid de Las Vegas\u2019 a lev\u00e9 le voile sur un myst\u00e8re de sa carri\u00e8re.<\/p>\n<p>Apr\u00e8s une premi\u00e8re parti\u00adci\u00adpa\u00adtion \u00e0 Wimbledon en 1987, il faut attendre 1991 pour voir l\u2019oc\u00adtuple cham\u00adpion en Grand Chelem fouler \u00e0 nouveau le gazon londo\u00adnien. L\u2019Am\u00e9ricain a donn\u00e9 la raison de cette longue absence.<\/p>\n<p><strong>\u00ab\u202fJe n\u2019ai pas jou\u00e9 \u00e0 Wimbledon parce que j\u2019avais l\u2019im\u00adpres\u00adsion de jouer dans une maison de poup\u00e9e g\u00e9ante, comme Bambi sur de la glace, c\u2019est comme de l\u2019herbe, vous pour\u00adriez me dire de fumer ce truc et je le compren\u00addrais, mais jouer dessus, je veux dire, comment jouer sur cette surface sur laquelle vous ne pouvez m\u00eame pas vous\u00a0tenir\u00a0debout.\u202f\u00bb<\/strong><\/p>\n<p>Un para\u00addoxe, c\u2019est pour\u00adtant bien au SW19 qu\u2019Agassi a d\u00e9croch\u00e9 \u00e0 la surprise g\u00e9n\u00e9\u00adrale, son tout premier majeur en 1992, avec une victoire contre Goran Ivanisevic.<\/p>\n<p class=\"post-published-date\" style=\"color: silver; font-size: 75%; text-align: left;\">Publi\u00e9 le dimanche 15 juin 2025 \u00e0 12:20<\/p>\n","protected":false},"excerpt":{"rendered":"Andre Agassi a r\u00e9cem\u00adment \u00e9t\u00e9 invit\u00e9 dans le podcast d\u2019Andy Roddick. Au micro de son compa\u00adtriote, il est&hellip;\n","protected":false},"author":2,"featured_media":106605,"comment_status":"","ping_status":"","sticky":false,"template":"","format":"standard","meta":{"footnotes":""},"categories":[1415],"tags":[18937,1011,27,60,1467],"class_list":{"0":"post-178340","1":"post","2":"type-post","3":"status-publish","4":"format-standard","5":"has-post-thumbnail","7":"category-tennis","8":"tag-agassi","9":"tag-fr","10":"tag-france","11":"tag-sports","12":"tag-tennis"},"share_on_mastodon":{"url":"https:\/\/pubeurope.com\/@fr\/114687353094889885","error":""},"_links":{"self":[{"href":"https:\/\/www.europesays.com\/fr\/wp-json\/wp\/v2\/posts\/178340","targetHints":{"allow":["GET"]}}],"collection":[{"href":"https:\/\/www.europesays.com\/fr\/wp-json\/wp\/v2\/posts"}],"about":[{"href":"https:\/\/www.europesays.com\/fr\/wp-json\/wp\/v2\/types\/post"}],"author":[{"embeddable":true,"href":"https:\/\/www.europesays.com\/fr\/wp-json\/wp\/v2\/users\/2"}],"replies":[{"embeddable":true,"href":"https:\/\/www.europesays.com\/fr\/wp-json\/wp\/v2\/comments?post=178340"}],"version-history":[{"count":0,"href":"https:\/\/www.europesays.com\/fr\/wp-json\/wp\/v2\/posts\/178340\/revisions"}],"wp:featuredmedia":[{"embeddable":true,"href":"https:\/\/www.europesays.com\/fr\/wp-json\/wp\/v2\/media\/106605"}],"wp:attachment":[{"href":"https:\/\/www.europesays.com\/fr\/wp-json\/wp\/v2\/media?parent=178340"}],"wp:term":[{"taxonomy":"category","embeddable":true,"href":"https:\/\/www.europesays.com\/fr\/wp-json\/wp\/v2\/categories?post=178340"},{"taxonomy":"post_tag","embeddable":true,"href":"https:\/\/www.europesays.com\/fr\/wp-json\/wp\/v2\/tags?post=178340"}],"curies":[{"name":"wp","href":"https:\/\/api.w.org\/{rel}","templated":true}]}}