{"id":178364,"date":"2025-06-15T12:34:12","date_gmt":"2025-06-15T12:34:12","guid":{"rendered":"https:\/\/www.europesays.com\/fr\/178364\/"},"modified":"2025-06-15T12:34:12","modified_gmt":"2025-06-15T12:34:12","slug":"sabrina-carpenter-se-la-joue-provoc-pour-son-nouvel-album-qui-suscite-deja-la-polemique","status":"publish","type":"post","link":"https:\/\/www.europesays.com\/fr\/178364\/","title":{"rendered":"Sabrina Carpenter se la joue provoc pour son nouvel album, qui suscite d\u00e9j\u00e0 la pol\u00e9mique"},"content":{"rendered":"<p><img decoding=\"async\" class=\"caas-img has-preview\" alt=\"Abaca\" bad-src=\"https:\/\/www.europesays.com\/fr\/wp-content\/uploads\/2025\/06\/b77d12b0b79d04073aba16dcdf66e590.jpeg\" src=\"https:\/\/www.europesays.com\/fr\/wp-content\/uploads\/2025\/06\/b77d12b0b79d04073aba16dcdf66e590.jpeg\"\/><\/p>\n<p>Abaca<\/p>\n<p>AbacaSabrina Carpenter est \u00e0 nouveau pr\u00eate \u00e0 marquer l&rsquo;\u00e9t\u00e9. Un an apr\u00e8s le tube plan\u00e9taire <a class=\"link \" href=\"https:\/\/www.chartsinfrance.net\/Sabrina-Carpenter\/news-128491.html\" rel=\"nofollow noopener\" target=\"_blank\" data-ylk=\"slk:&quot;Espresso&quot;;elm:context_link;itc:0;sec:content-canvas\">\u00ab\u00a0Espresso\u00a0\u00bb<\/a>, qui cumule plus de 2,2 milliards de streams sur Spotify, la nouvelle sensation de la pop am\u00e9ricaine esp\u00e8re faire le doubl\u00e9 avec son dernier single <a class=\"link \" href=\"https:\/\/www.chartsinfrance.net\/actualite\/news-132811.html\" rel=\"nofollow noopener\" target=\"_blank\" data-ylk=\"slk:&quot;Manchild&quot;;elm:context_link;itc:0;sec:content-canvas\">\u00ab\u00a0Manchild\u00a0\u00bb<\/a>. Avec ce titre solaire et ent\u00eatant produit par Jack Antonoff (Taylor Swift, Lana Del Rey), la star y \u00e9voque les mani\u00e8res d&rsquo;un \u00ab homme-enfant \u00bb et beaucoup y ont vu une r\u00e9f\u00e9rence \u00e0 l&rsquo;acteur Barry Keoghan, son ancien compagnon dont elle s&rsquo;est s\u00e9par\u00e9e il y a quelques mois. Si Sabrina Carpenter pr\u00e9f\u00e8re parler de sa chanson comme d&rsquo;un \u00ab souvenir m\u00e9morable \u00bb de ses \u00ab ann\u00e9es de jeunesse \u00bb, le public fond. \u00ab\u00a0Manchild\u00a0\u00bb signe le meilleur d\u00e9marrage de la semaine, aussi bien en France que dans le monde. Ayant d\u00e9j\u00e0 atteint la premi\u00e8re place du classement mondial sur Spotify, le titre y cumule d\u00e9j\u00e0 40 millions d&rsquo;\u00e9coutes en une poign\u00e9e de jours. Et son clip, aux allures de bande-annonce g\u00e9ante, d\u00e9passe les 25 millions de vues.<\/p>\n<p>\u00ab\u00a0On revient 50 ans en arri\u00e8re\u00a0\u00bb<\/p>\n<p>Ce n&rsquo;\u00e9tait que la premi\u00e8re carte dans le jeu de Sabrina Carpenter qui prend tout le monde de court en annon\u00e7ant son nouvel album \u00ab\u00a0Man&rsquo;s Best Friend\u00a0\u00bb. Celui-ci sortira le 29 ao\u00fbt prochain, soit tout juste un an apr\u00e8s <a class=\"link \" href=\"https:\/\/www.chartsinfrance.net\/actualite\/news-129906.html\" rel=\"nofollow noopener\" target=\"_blank\" data-ylk=\"slk:&quot;Short N&#039; Sweet&quot;;elm:context_link;itc:0;sec:content-canvas\">\u00ab\u00a0Short N&rsquo; Sweet\u00a0\u00bb<\/a>, \u00e9coul\u00e9 \u00e0 115.000 exemplaires en France. Un retour discographique rapide pour la star, qui joue une nouvelle fois de son c\u00f4t\u00e9 pin-up et sulfureux sur la pochette, o\u00f9 on la voit agenouill\u00e9e et les cheveux tenus par la main d&rsquo;un homme, dont elle touche la jambe du bout des doigts. Une image qui ne fait pas l&rsquo;una&#8230;<\/p>\n<p><a href=\"https:\/\/www.chartsinfrance.net\/Sabrina-Carpenter\/news-132879.html\" rel=\"nofollow noopener\" target=\"_blank\" data-ylk=\"slk:Cliquez ici pour voir la suite;elm:context_link;itc:0;sec:content-canvas\" class=\"link \">Cliquez ici pour voir la suite<\/a><\/p>\n<p>A lire aussi :<\/p>\n<p><a href=\"https:\/\/www.chartsinfrance.net\/Sabrina-Carpenter\/news-132811.html\" rel=\"nofollow noopener\" target=\"_blank\" data-ylk=\"slk:Sabrina Carpenter : le clip de &quot;Manchild&quot;;elm:context_link;itc:0;sec:content-canvas\" class=\"link \">Sabrina Carpenter : le clip de \u00ab\u00a0Manchild\u00a0\u00bb<\/a><br \/><a href=\"https:\/\/www.chartsinfrance.net\/Sabrina-Carpenter\/news-132738.html\" rel=\"nofollow noopener\" target=\"_blank\" data-ylk=\"slk:Mamma Mia 3 : Sabrina Carpenter au casting ?;elm:context_link;itc:0;sec:content-canvas\" class=\"link \">Mamma Mia 3 : Sabrina Carpenter au casting ?<\/a><br \/><a href=\"https:\/\/www.chartsinfrance.net\/Sabrina-Carpenter\/news-132240.html\" rel=\"nofollow noopener\" target=\"_blank\" data-ylk=\"slk:Sabrina Carpenter : 100.000 ventes !;elm:context_link;itc:0;sec:content-canvas\" class=\"link \">Sabrina Carpenter : 100.000 ventes !<\/a><\/p>\n","protected":false},"excerpt":{"rendered":"Abaca AbacaSabrina Carpenter est \u00e0 nouveau pr\u00eate \u00e0 marquer l&rsquo;\u00e9t\u00e9. Un an apr\u00e8s le tube plan\u00e9taire \u00ab\u00a0Espresso\u00a0\u00bb, qui&hellip;\n","protected":false},"author":2,"featured_media":178365,"comment_status":"","ping_status":"","sticky":false,"template":"","format":"standard","meta":{"footnotes":""},"categories":[8],"tags":[31336,58,59,1011,27,31478,29116,7464,31477,2713],"class_list":{"0":"post-178364","1":"post","2":"type-post","3":"status-publish","4":"format-standard","5":"has-post-thumbnail","7":"category-divertissement","8":"tag-abaca","9":"tag-divertissement","10":"tag-entertainment","11":"tag-fr","12":"tag-france","13":"tag-jack-antonoff","14":"tag-la-star","15":"tag-lana-del-rey","16":"tag-sabrina-carpenter","17":"tag-taylor-swift"},"share_on_mastodon":{"url":"https:\/\/pubeurope.com\/@fr\/114687407888942869","error":""},"_links":{"self":[{"href":"https:\/\/www.europesays.com\/fr\/wp-json\/wp\/v2\/posts\/178364","targetHints":{"allow":["GET"]}}],"collection":[{"href":"https:\/\/www.europesays.com\/fr\/wp-json\/wp\/v2\/posts"}],"about":[{"href":"https:\/\/www.europesays.com\/fr\/wp-json\/wp\/v2\/types\/post"}],"author":[{"embeddable":true,"href":"https:\/\/www.europesays.com\/fr\/wp-json\/wp\/v2\/users\/2"}],"replies":[{"embeddable":true,"href":"https:\/\/www.europesays.com\/fr\/wp-json\/wp\/v2\/comments?post=178364"}],"version-history":[{"count":0,"href":"https:\/\/www.europesays.com\/fr\/wp-json\/wp\/v2\/posts\/178364\/revisions"}],"wp:featuredmedia":[{"embeddable":true,"href":"https:\/\/www.europesays.com\/fr\/wp-json\/wp\/v2\/media\/178365"}],"wp:attachment":[{"href":"https:\/\/www.europesays.com\/fr\/wp-json\/wp\/v2\/media?parent=178364"}],"wp:term":[{"taxonomy":"category","embeddable":true,"href":"https:\/\/www.europesays.com\/fr\/wp-json\/wp\/v2\/categories?post=178364"},{"taxonomy":"post_tag","embeddable":true,"href":"https:\/\/www.europesays.com\/fr\/wp-json\/wp\/v2\/tags?post=178364"}],"curies":[{"name":"wp","href":"https:\/\/api.w.org\/{rel}","templated":true}]}}