{"id":178370,"date":"2025-06-15T12:38:11","date_gmt":"2025-06-15T12:38:11","guid":{"rendered":"https:\/\/www.europesays.com\/fr\/178370\/"},"modified":"2025-06-15T12:38:11","modified_gmt":"2025-06-15T12:38:11","slug":"un-combat-acharne-en-irlande-vers-lexhumation-de-796-bebes-morts-dans-un-foyer-religieux-actualites","status":"publish","type":"post","link":"https:\/\/www.europesays.com\/fr\/178370\/","title":{"rendered":"\u00ab\u00a0Un combat acharn\u00e9\u00a0\u00bb: en Irlande, vers l&rsquo;exhumation de 796 b\u00e9b\u00e9s morts dans un foyer religieux : Actualit\u00e9s"},"content":{"rendered":"<p class=\"lead \">\u00ab\u00a0Quand j\u2019ai commenc\u00e9, personne ne voulait \u00e9couter\u00a0\u00bb, se rem\u00e9more Catherine Corless. En 2014, elle r\u00e9v\u00e9lait que 796 enfants avaient \u00e9t\u00e9 inhum\u00e9s anonymement dans un foyer en Irlande. Plus de dix ans plus tard, les premi\u00e8res exhumations vont commencer.<\/p>\n<p class=\"lead \">\u00ab\u00a0Ce fut un combat acharn\u00e9\u00a0\u00bb, se souvient cette femme aujourd&rsquo;hui \u00e2g\u00e9e de 71 ans que l&rsquo;AFP \u00e0 rencontr\u00e9 \u00e0 Tuam, dans l&rsquo;Ouest de l&rsquo;Irlande, pr\u00e8s de site o\u00f9 les exhumations vont se d\u00e9rouler. <\/p>\n<p class=\"lead \">Lundi, des experts boucleront le p\u00e9rim\u00e8tre de l&rsquo;ancienne fosse sceptique du foyer St Mary des s\u0153urs du Bon Secours. Objectif: proc\u00e9der aux recherches d\u00e8s le mois de juillet.<\/p>\n<p class=\"lead \">Tout commence en 2014. Cette ann\u00e9e-l\u00e0, Catherine Corless met au jour des preuves attestant du d\u00e9c\u00e8s de 796 enfants \u2013 des nouveau-n\u00e9s jusqu\u2019\u00e0 l\u2019\u00e2ge de neuf ans \u2013 dans ce foyer situ\u00e9e dans une petite ville situ\u00e9e \u00e0 220 kilom\u00e8tres de Dublin.<\/p>\n<p class=\"lead \">Ses recherches ont conduit \u00e0 une d\u00e9couverte macabre : une fosse commune.<\/p>\n<p class=\"lead \">\u00ab\u00a0Il n\u2019y avait aucun registre d\u2019enterrement, pas de cimeti\u00e8re, pas de statue, pas de croix, absolument rien\u00a0\u00bb, se rappelle-t-elle.<\/p>\n<p class=\"lead \">Surtout \u00ab\u00a0quand j\u2019ai commenc\u00e9, personne ne voulait \u00e9couter (&#8230;) je suppliais: sortez ces b\u00e9b\u00e9s de ces \u00e9gouts, offrez-leur l\u2019enterrement chr\u00e9tien digne qu\u2019on leur a refus\u00e9\u00a0\u00bb, raconte-t-elle. En vain.<\/p>\n<p class=\"lead \">L\u2019institution a \u00e9t\u00e9 ras\u00e9e en 1972 et a laiss\u00e9 place \u00e0 un lotissement. La fosse sceptique, elle, est rest\u00e9e intacte.<\/p>\n<p class=\"lead \">&#8211; \u00ab\u00a0Ill\u00e9gitimes\u00a0\u00bb &#8211;<\/p>\n<p class=\"lead \">Lorsque les recherches de Catherine Corless ont \u00e9t\u00e9 publi\u00e9es, elles ont provoqu\u00e9 une onde de choc en Irlande, r\u00e9v\u00e9lant de mani\u00e8re brutale le traitement r\u00e9serv\u00e9 aux enfants n\u00e9s hors mariage.<\/p>\n<p class=\"lead \">Pendant des d\u00e9cennies, la soci\u00e9t\u00e9, l\u2019\u00c9tat et l\u2019\u00c9glise catholique \u2013 qui a historiquement eu une main de fer sur les comportements en Irlande &#8211;  ont rel\u00e9gu\u00e9 les femmes enceintes non mari\u00e9es dans des \u00ab\u00a0maisons m\u00e8re et enfant\u00a0\u00bb. <\/p>\n<p class=\"lead \">Apr\u00e8s l&rsquo;accouchement dans ces institutions, les enfants \u00e9taient s\u00e9par\u00e9s de leur m\u00e8re, puis souvent adopt\u00e9s.<\/p>\n<p class=\"lead \">A la suite des r\u00e9v\u00e9lations de Mme Corless, des enqu\u00eates ont \u00e9t\u00e9 lanc\u00e9es dans le pays. Elles ont \u00e9tabli que 56.000 femmes c\u00e9libataires et 57.000 enfants sont pass\u00e9s par 18 foyers de ce type entre 1922 et 1998. <\/p>\n<p class=\"lead \">Parmi eux, environ 9.000 enfants sont morts.<\/p>\n<p class=\"lead \">Certaines de ces maisons \u00e9taient financ\u00e9es et g\u00e9r\u00e9es par les autorit\u00e9s sanitaires locales, d&rsquo;autres par les ordres religieux catholiques. <\/p>\n<p class=\"lead \">Le foyer de Tuam, lui, \u00e9tait administr\u00e9 par les s\u0153urs du Bon Secours.<\/p>\n<p class=\"lead \">\u00ab\u00a0Tous ces b\u00e9b\u00e9s \u00e9taient baptis\u00e9s, et pourtant l\u2019\u00c9glise a d\u00e9tourn\u00e9 le regard. Pour elle, cela ne comptait pas : ils \u00e9taient ill\u00e9gitimes, point final\u00a0\u00bb, accuse-t-elle.<\/p>\n<p class=\"lead \">&#8211; \u00ab\u00a0Sales petits secrets\u00a0\u00bb &#8211;<\/p>\n<p class=\"lead \">Malgr\u00e9 la d\u00e9couverte de premiers restes humains en 2016 et 2017, il a fallu attendre 2022 pour qu\u2019une loi autorise officiellement les fouilles.<\/p>\n<p class=\"lead \">Une lenteur que d\u00e9nonce Anna Corrigan, \u00e9trillant ce qu&rsquo;elle appelle une \u00ab\u00a0justice \u00e0 l\u2019irlandaise\u00a0\u00bb. <\/p>\n<p class=\"lead \">Elle avait une cinquantaine d\u2019ann\u00e9es lorsqu\u2019elle a d\u00e9couvert que sa m\u00e8re, d\u00e9c\u00e9d\u00e9e en 2012, avait donn\u00e9 naissance \u00e0 Tuam \u00e0 deux gar\u00e7ons: John et William.<\/p>\n<p class=\"lead \">Aucun certificat de d\u00e9c\u00e8s n\u2019a \u00e9t\u00e9 \u00e9tabli pour William, et celui de John n\u2019a pas fait l&rsquo;objet d&rsquo;une supervision m\u00e9dicale. Les rares documents auxquels Anna a pu acc\u00e9der laissent planer de nombreuses zones d\u2019ombre.<\/p>\n<p class=\"lead \">Dans sa cuisine, elle montre \u00e0 l\u2019AFP un rapport de 1947, qui indique que John \u00e9tait \u00ab\u00a0un enfant triste et \u00e9maci\u00e9\u00a0\u00bb, alors qu\u2019il \u00e9tait n\u00e9 en bonne sant\u00e9 un an plus t\u00f4t.<\/p>\n<p class=\"lead \">William,lui, aurait pu faire l&rsquo;objet d\u2019une adoption ill\u00e9gale \u00e0 l\u2019\u00e9tranger.<\/p>\n<p class=\"lead \">\u00ab\u00a0Il y a en Irlande de sales petits secrets qu\u2019on pr\u00e9f\u00e8re cacher. Le pays a une image vertueuse \u00e0 l\u2019\u00e9tranger, mais il a aussi un c\u00f4t\u00e9 sombre, sinistre\u00a0\u00bb, l\u00e2che-t-elle, accusant les autorit\u00e9s de \u00ab\u00a0tergiversations\u00a0\u00bb.<\/p>\n<p class=\"lead \">En 2023, une \u00e9quipe a enfin \u00e9t\u00e9 nomm\u00e9e pour mener les op\u00e9rations \u00e0 Tuam. Sa mission: retrouver, identifier et inhumer dignement les restes qui seront exhum\u00e9s.<\/p>\n<p class=\"lead \">Des \u00e9chantillons ADN seront pr\u00e9lev\u00e9s aupr\u00e8s de personnes capables d&rsquo;attester un lien familial avec les b\u00e9b\u00e9s morts dans ce foyer.<\/p>\n<p class=\"lead \">\u00ab\u00a0Je n\u2019aurais jamais cru voir ce jour arriver. Tant d\u2019obstacles ont \u00e9t\u00e9 franchis\u00a0\u00bb, confie Catherine Corless.<\/p>\n<p class=\"lead \">Mais, lucide, elle sait, que les fouilles ne fourniront pas toutes les r\u00e9ponses. \u00ab\u00a0M\u00eame si on parvient \u00e0 identifier quelques restes, cela n&rsquo;apportera pas la paix \u00e0 tout le monde\u00a0\u00bb, souffle-t-elle.<\/p>\n","protected":false},"excerpt":{"rendered":"\u00ab\u00a0Quand j\u2019ai commenc\u00e9, personne ne voulait \u00e9couter\u00a0\u00bb, se rem\u00e9more Catherine Corless. En 2014, elle r\u00e9v\u00e9lait que 796 enfants&hellip;\n","protected":false},"author":2,"featured_media":178371,"comment_status":"","ping_status":"","sticky":false,"template":"","format":"standard","meta":{"footnotes":""},"categories":[5],"tags":[13744,11,1719,1011,27,14,516,19232,12,316,4020,13791,31480,28],"class_list":{"0":"post-178370","1":"post","2":"type-post","3":"status-publish","4":"format-standard","5":"has-post-thumbnail","7":"category-international","8":"tag-glise","9":"tag-actualites","10":"tag-enfants","11":"tag-fr","12":"tag-france","13":"tag-international","14":"tag-irlande","15":"tag-maltraitance","16":"tag-news","17":"tag-politique","18":"tag-religion","19":"tag-socit","20":"tag-tuam","21":"tag-world"},"share_on_mastodon":{"url":"","error":""},"_links":{"self":[{"href":"https:\/\/www.europesays.com\/fr\/wp-json\/wp\/v2\/posts\/178370","targetHints":{"allow":["GET"]}}],"collection":[{"href":"https:\/\/www.europesays.com\/fr\/wp-json\/wp\/v2\/posts"}],"about":[{"href":"https:\/\/www.europesays.com\/fr\/wp-json\/wp\/v2\/types\/post"}],"author":[{"embeddable":true,"href":"https:\/\/www.europesays.com\/fr\/wp-json\/wp\/v2\/users\/2"}],"replies":[{"embeddable":true,"href":"https:\/\/www.europesays.com\/fr\/wp-json\/wp\/v2\/comments?post=178370"}],"version-history":[{"count":0,"href":"https:\/\/www.europesays.com\/fr\/wp-json\/wp\/v2\/posts\/178370\/revisions"}],"wp:featuredmedia":[{"embeddable":true,"href":"https:\/\/www.europesays.com\/fr\/wp-json\/wp\/v2\/media\/178371"}],"wp:attachment":[{"href":"https:\/\/www.europesays.com\/fr\/wp-json\/wp\/v2\/media?parent=178370"}],"wp:term":[{"taxonomy":"category","embeddable":true,"href":"https:\/\/www.europesays.com\/fr\/wp-json\/wp\/v2\/categories?post=178370"},{"taxonomy":"post_tag","embeddable":true,"href":"https:\/\/www.europesays.com\/fr\/wp-json\/wp\/v2\/tags?post=178370"}],"curies":[{"name":"wp","href":"https:\/\/api.w.org\/{rel}","templated":true}]}}