{"id":178390,"date":"2025-06-15T12:55:20","date_gmt":"2025-06-15T12:55:20","guid":{"rendered":"https:\/\/www.europesays.com\/fr\/178390\/"},"modified":"2025-06-15T12:55:20","modified_gmt":"2025-06-15T12:55:20","slug":"doyonnax-a-perpignan-retour-sur-les-six-defaites-en-trois-ans-qui-ont-coute-laccession-au-top-14","status":"publish","type":"post","link":"https:\/\/www.europesays.com\/fr\/178390\/","title":{"rendered":"d&rsquo;Oyonnax \u00e0 Perpignan, retour sur les six d\u00e9faites en trois ans qui ont co\u00fbt\u00e9 l&rsquo;accession au Top 14"},"content":{"rendered":"<p>Avant le match de samedi, le FCG et l&rsquo;Usap s&rsquo;\u00e9tait d\u00e9j\u00e0 affront\u00e9s en access match Top 14 au Stade des Alpes. Cette ann\u00e9e-l\u00e0, la rencontre avait \u00e9t\u00e9 moins serr\u00e9e, les Perpignanais, 13e de Top 14,<a href=\"https:\/\/www.ledauphine.com\/sport\/2023\/06\/04\/le-fcg-est-tombe-les-armes-a-la-main\" target=\"_blank\" rel=\"nofollow noopener\"> l&#8217;emportant 33 \u00e0 19<\/a>.<\/p>\n<p>H\u00e9ro\u00efques en demi-finale de Pro D2 chez le leader Provence Rugby (22-23), les Grenoblois acc\u00e9daient \u00e0 leur deuxi\u00e8me finale en deux ans, apr\u00e8s une 4e place en saison r\u00e9guli\u00e8re. Face au deuxi\u00e8me du classement, le RC Vannes, le FCG repartait une nouvelle fois du stade Ernest-Wallon avec des regrets et <a href=\"https:\/\/www.ledauphine.com\/sport\/2024\/06\/09\/une-vague-grenobloise-des-larmes-du-combat-revivez-la-defaite-du-fcg-en-finale-de-pro-d2\" target=\"_blank\" rel=\"nofollow noopener\">une d\u00e9faite, 16 \u00e0 9.<\/a><\/p>\n<p>Comme cette ann\u00e9e, c&rsquo;est une d\u00e9faite de deux points qui emp\u00eachait le FCG d&rsquo;acc\u00e9der en Top 14. Et comme cette ann\u00e9e, les Grenoblois menaient \u00e0 la mi-temps avant de conc\u00e9der une p\u00e9nalit\u00e9 en toute fin de match qui scellait <a href=\"https:\/\/www.ledauphine.com\/sport\/2024\/06\/16\/grenoble-isere-et-le-rideau-est-tombe-brutalement-sur-le-stade-des-alpes\" target=\"_blank\" rel=\"nofollow noopener\">la victoire de Montpellier au Stade des Alpes<\/a>&#8230;<\/p>\n<p>Pour la troisi\u00e8me finale de Pro D2 en trois ans, c&rsquo;est cette fois en qualit\u00e9 de leader de la saison r\u00e9guli\u00e8re que le FCG se pr\u00e9sente au stade Ernest-Wallon de Toulouse. Malheureusement, <a href=\"https:\/\/www.ledauphine.com\/sport\/2025\/06\/07\/le-fcg-echoue-encore-au-pied-de-son-graal\" target=\"_blank\" rel=\"nofollow noopener\">le sort s&rsquo;acharne<\/a>, et Montauban, 6e de saison r\u00e9guli\u00e8re, s&rsquo;envole en Top 14, laissant Grenoble disputer un nouvel access match face au 13e de l&rsquo;\u00e9lite.<\/p>\n<p>Comme en 2023, l&rsquo;Usap est venue affronter le FCG au Stade des Alpes. Et comme en 2023, l&rsquo;Usap l&rsquo;a emport\u00e9. Un score plus serr\u00e9, mais m\u00eame r\u00e9sultat\u00a0: <a href=\"https:\/\/www.ledauphine.com\/sport\/2025\/06\/14\/rugby-le-fcg-echoue-a-3-points-du-top-14\" target=\"_blank\" rel=\"nofollow noopener\">le FCG reste en Pro D2<\/a>&#8230;<\/p>\n","protected":false},"excerpt":{"rendered":"Avant le match de samedi, le FCG et l&rsquo;Usap s&rsquo;\u00e9tait d\u00e9j\u00e0 affront\u00e9s en access match Top 14 au&hellip;\n","protected":false},"author":2,"featured_media":178391,"comment_status":"","ping_status":"","sticky":false,"template":"","format":"standard","meta":{"footnotes":""},"categories":[9566],"tags":[1111,11,2430,112,1777,674,2727,107,1701,1011,27,2731,108,12,2308,25,479,517,478],"class_list":{"0":"post-178390","1":"post","2":"type-post","3":"status-publish","4":"format-standard","5":"has-post-thumbnail","7":"category-grenoble","8":"tag-actu","9":"tag-actualites","10":"tag-auvergne-rhone-alpes","11":"tag-edition-grenoble-agglomeration","12":"tag-eu","13":"tag-europe","14":"tag-fcg-fc-grenoble-rugby","15":"tag-fil-info","16":"tag-fil-info-sport","17":"tag-fr","18":"tag-france","19":"tag-grenoble","20":"tag-isere","21":"tag-news","22":"tag-pro-d2","23":"tag-republique-francaise","24":"tag-rugby","25":"tag-sport","26":"tag-top-14"},"share_on_mastodon":{"url":"https:\/\/pubeurope.com\/@fr\/114687490641593125","error":""},"_links":{"self":[{"href":"https:\/\/www.europesays.com\/fr\/wp-json\/wp\/v2\/posts\/178390","targetHints":{"allow":["GET"]}}],"collection":[{"href":"https:\/\/www.europesays.com\/fr\/wp-json\/wp\/v2\/posts"}],"about":[{"href":"https:\/\/www.europesays.com\/fr\/wp-json\/wp\/v2\/types\/post"}],"author":[{"embeddable":true,"href":"https:\/\/www.europesays.com\/fr\/wp-json\/wp\/v2\/users\/2"}],"replies":[{"embeddable":true,"href":"https:\/\/www.europesays.com\/fr\/wp-json\/wp\/v2\/comments?post=178390"}],"version-history":[{"count":0,"href":"https:\/\/www.europesays.com\/fr\/wp-json\/wp\/v2\/posts\/178390\/revisions"}],"wp:featuredmedia":[{"embeddable":true,"href":"https:\/\/www.europesays.com\/fr\/wp-json\/wp\/v2\/media\/178391"}],"wp:attachment":[{"href":"https:\/\/www.europesays.com\/fr\/wp-json\/wp\/v2\/media?parent=178390"}],"wp:term":[{"taxonomy":"category","embeddable":true,"href":"https:\/\/www.europesays.com\/fr\/wp-json\/wp\/v2\/categories?post=178390"},{"taxonomy":"post_tag","embeddable":true,"href":"https:\/\/www.europesays.com\/fr\/wp-json\/wp\/v2\/tags?post=178390"}],"curies":[{"name":"wp","href":"https:\/\/api.w.org\/{rel}","templated":true}]}}