{"id":178400,"date":"2025-06-15T13:00:20","date_gmt":"2025-06-15T13:00:20","guid":{"rendered":"https:\/\/www.europesays.com\/fr\/178400\/"},"modified":"2025-06-15T13:00:20","modified_gmt":"2025-06-15T13:00:20","slug":"a-nice-lincroyable-mobilisation-de-tout-un-quartier-pour-aider-un-sans-abri-de-71-ans","status":"publish","type":"post","link":"https:\/\/www.europesays.com\/fr\/178400\/","title":{"rendered":"\u00c0 Nice, l&rsquo;incroyable mobilisation de tout un quartier pour aider un sans-abri de 71 ans"},"content":{"rendered":"<p>C\u2019est le genre d\u2019histoire qui redonne foi en l\u2019humanit\u00e9. Elle commence par une bouteille \u00e0 la mer. Un message envoy\u00e9 \u00e0 notre r\u00e9daction le 10 juin.<\/p>\n<p>\u00ab\u00a0Cela fait plus d\u2019une semaine que la mascotte de notre quartier, un monsieur \u00e2g\u00e9 toujours assis sous le pont de la rue Diderot \u00e0 faire ses mots crois\u00e9s, a disparu, ainsi que tous ses effets personnels. Nous sommes tr\u00e8s inquiets\u00a0\u00bb, \u00e9crit une habitante.<\/p>\n<p>Sur place, un restaurateur de la rue Miron confirme: \u00ab\u00a0On connaissait bien ce monsieur. C\u2019est triste de ne plus le voir.\u00a0\u00bb<\/p>\n<p>Renseignements pris, l\u2019int\u00e9ress\u00e9 va bien. Il a \u00e9t\u00e9 pris en charge par les services sociaux. L\u2019histoire aurait pu s\u2019arr\u00eater l\u00e0 et ne pas m\u00e9riter d\u2019article.<\/p>\n<p>Mais ce serait occulter la formidable cha\u00eene de solidarit\u00e9 que nous avons d\u00e9couverte \u00e0 cette occasion.<\/p>\n<p>Une figure du quartier<\/p>\n<p>Dans le secteur Miron-Diderot-Raimbaldi, Eduardo est tr\u00e8s consid\u00e9r\u00e9. \u00ab\u00a0Il est un personnage important ici\u2005; tout le monde le conna\u00eet\u00a0\u00bb, introduit Sylvie, l\u2019habitante qui nous a contact\u00e9s.<\/p>\n<p>Calme, silencieux, toujours un livre \u00e0 la main, l\u2019homme d\u2019origine espagnole est unanimement d\u00e9crit comme une figure du quartier, sympathique et sans histoire.<\/p>\n<p>\u00c0 71 ans, il est install\u00e9 dans le quartier depuis une bonne dizaine d\u2019ann\u00e9es. Et au fil du temps, une vraie mobilisation s\u2019est organis\u00e9e autour de lui.<\/p>\n<p>Babette, par exemple, lui pr\u00e9pare \u00e0 manger tous les jours, lave son linge, l\u2019accueille chez elle pour une douche, lui apporte de l\u2019eau fra\u00eeche l\u2019\u00e9t\u00e9\u2026<\/p>\n<p>\u00ab\u00a0Tout a commenc\u00e9 par une cigarette fum\u00e9e ensemble, rembobine la septuag\u00e9naire. Et puis un jour, il m\u2019a arr\u00eat\u00e9e dans la rue pour proposer \u00e0 mon chien son biscuit, qui \u00e9tait trop dur pour ses dents. C\u2019\u00e9tait tellement gentil d\u2019y penser alors qu\u2019il aurait pu simplement le jeter\u2026 Depuis, je l\u2019ai pris en affection. Il me paraissait diff\u00e9rent avec son humour, sa gentillesse, ses sudokus et son air intelligent.\u00a0\u00bb<\/p>\n<p>Une cagnotte \u00e0 la boulangerie<\/p>\n<p>Et Babette n\u2019est pas la seule. \u00ab\u00a0Il a une cagnotte dans ma boulangerie, glisse, avec bienveillance, Nadine, propri\u00e9taire de la boulangerie Michel Fiori. Les clients lui laissent de l\u2019argent pour qu\u2019il s\u2019ach\u00e8te \u00e0 manger ou un caf\u00e9.\u00a0\u00bb<\/p>\n<p>La pharmacie La Salamandre, \u00e0 l\u2019angle des rues Assalit et de L\u00e9pante, veille aussi sur Eduardo. En lui trouvant un m\u00e9decin ou en lui d\u00e9gotant des compl\u00e9ments alimentaires \u00e0 bas prix.<\/p>\n<p>\u00ab\u00a0Nous nous occupons de son suivi m\u00e9dical\u00a0\u00bb, disent pudiquement les employ\u00e9s de l\u2019officine.<\/p>\n<p>\u00ab\u00a0Quand il s\u2019est fait &lsquo;virer&rsquo; deux fois en trois semaines par la police, nous nous sommes d\u00e9brouill\u00e9s pour lui retrouver des palettes et un matelas\u00a0\u00bb, abonde Julie, d\u2019Espace \u00e0 vendre, rue Assalit.<\/p>\n<p>\u00ab\u00a0Ce monsieur n\u2019a jamais emb\u00eat\u00e9 personne. Son seul vice, c\u2019est de fumer\u00a0\u00bb, sourit la galeriste.<\/p>\n<p>Mais les ann\u00e9es dans la rue p\u00e8sent de plus en plus sur le septuag\u00e9naire. D\u00e9j\u00e0 op\u00e9r\u00e9 de la cataracte il y a quelque temps, Eduardo a \u00e9t\u00e9 affaibli l\u2019hiver dernier par une vilaine pneumonie.<\/p>\n<p>De quoi d\u00e9cupler les efforts de Babette pour lui trouver un toit et un revenu. \u00ab\u00a0Je ne peux pas le laisser comme \u00e7a\u2026\u00a0\u00bb<\/p>\n","protected":false},"excerpt":{"rendered":"C\u2019est le genre d\u2019histoire qui redonne foi en l\u2019humanit\u00e9. Elle commence par une bouteille \u00e0 la mer. Un&hellip;\n","protected":false},"author":2,"featured_media":178401,"comment_status":"","ping_status":"","sticky":false,"template":"","format":"standard","meta":{"footnotes":""},"categories":[2819],"tags":[1111,11,11130,1777,674,1011,27,12,2401,882,25],"class_list":{"0":"post-178400","1":"post","2":"type-post","3":"status-publish","4":"format-standard","5":"has-post-thumbnail","7":"category-nice","8":"tag-actu","9":"tag-actualites","10":"tag-belle-histoire","11":"tag-eu","12":"tag-europe","13":"tag-fr","14":"tag-france","15":"tag-news","16":"tag-nice","17":"tag-provence-alpes-cote-dazur","18":"tag-republique-francaise"},"share_on_mastodon":{"url":"https:\/\/pubeurope.com\/@fr\/114687510173541642","error":""},"_links":{"self":[{"href":"https:\/\/www.europesays.com\/fr\/wp-json\/wp\/v2\/posts\/178400","targetHints":{"allow":["GET"]}}],"collection":[{"href":"https:\/\/www.europesays.com\/fr\/wp-json\/wp\/v2\/posts"}],"about":[{"href":"https:\/\/www.europesays.com\/fr\/wp-json\/wp\/v2\/types\/post"}],"author":[{"embeddable":true,"href":"https:\/\/www.europesays.com\/fr\/wp-json\/wp\/v2\/users\/2"}],"replies":[{"embeddable":true,"href":"https:\/\/www.europesays.com\/fr\/wp-json\/wp\/v2\/comments?post=178400"}],"version-history":[{"count":0,"href":"https:\/\/www.europesays.com\/fr\/wp-json\/wp\/v2\/posts\/178400\/revisions"}],"wp:featuredmedia":[{"embeddable":true,"href":"https:\/\/www.europesays.com\/fr\/wp-json\/wp\/v2\/media\/178401"}],"wp:attachment":[{"href":"https:\/\/www.europesays.com\/fr\/wp-json\/wp\/v2\/media?parent=178400"}],"wp:term":[{"taxonomy":"category","embeddable":true,"href":"https:\/\/www.europesays.com\/fr\/wp-json\/wp\/v2\/categories?post=178400"},{"taxonomy":"post_tag","embeddable":true,"href":"https:\/\/www.europesays.com\/fr\/wp-json\/wp\/v2\/tags?post=178400"}],"curies":[{"name":"wp","href":"https:\/\/api.w.org\/{rel}","templated":true}]}}