{"id":178411,"date":"2025-06-15T13:06:18","date_gmt":"2025-06-15T13:06:18","guid":{"rendered":"https:\/\/www.europesays.com\/fr\/178411\/"},"modified":"2025-06-15T13:06:18","modified_gmt":"2025-06-15T13:06:18","slug":"pres-de-toulouse-bagarre-a-coups-de-ciseaux-sur-le-parking-dun-supermarche-lagresseur-emprisonne","status":"publish","type":"post","link":"https:\/\/www.europesays.com\/fr\/178411\/","title":{"rendered":"Pr\u00e8s de Toulouse. Bagarre \u00e0 coups de ciseaux sur le parking d&rsquo;un supermarch\u00e9 : l&rsquo;agresseur emprisonn\u00e9"},"content":{"rendered":"<p>            Par<br \/>\n        <strong><br \/>\n            <a href=\"https:\/\/actu.fr\/auteur\/mareva-laville-actu-fr\" title=\"Consulter tous les articles de Mar\u00e9va Laville\" rel=\"nofollow noopener\" target=\"_blank\">Mar\u00e9va Laville<\/a><br \/>\n        <\/strong><\/p>\n<p>        Publi\u00e9 le<\/p>\n<p>            15 juin 2025 \u00e0 11h54        <\/p>\n<p>Ce 28\u00a0avril 2025, le plus simple appareil, gagn\u00e9 par la rage, s\u2019\u00e9tait converti en v\u00e9ritable arme. <a href=\"https:\/\/actu.fr\/occitanie\/portet-sur-garonne_31433\/pres-de-toulouse-la-bagarre-sur-le-parking-de-l-hypermarche-se-termine-a-coups-de-ciseaux_62588248.html\" rel=\"nofollow noopener\" target=\"_blank\">En col\u00e8re, un homme s\u2019en est pris \u00e0 deux autres,<\/a> sur le parking du drive de <strong>Carrefour<\/strong>, au <strong>centre commercial de Portet-sur-Garonne<\/strong>, au sud de <a href=\"http:\/\/www.actu.fr\/toulouse\" rel=\"nofollow noopener\" target=\"_blank\">Toulouse<\/a>. Muni d\u2019une paire de <strong>ciseaux en m\u00e9tal<\/strong>, le <strong>protagoniste de 32\u00a0ans<\/strong>, de nationalit\u00e9 alg\u00e9rienne sans ant\u00e9c\u00e9dents judiciaires, avait alors attaqu\u00e9 deux autres hommes de nationalit\u00e9 nig\u00e9riane, \u00e2g\u00e9s de 36 et 37\u00a0ans. D\u2019apr\u00e8s son audition, le duo aurait eu des mots d\u00e9plac\u00e9s envers l\u2019\u00e9pouse de l\u2019assaillant, doubl\u00e9 d\u2019insultes \u00e0 caract\u00e8re raciste \u00e0 son encontre. Valant donc, \u00e0 l\u2019un des deux, plusieurs coups derri\u00e8re la t\u00eate, au dos, au coude, \u00e0 l\u2019\u00e9paule et \u00e0 la main. Les deux hommes bless\u00e9s, spectaculairement mais pas gravement, parlaient quant \u00e0 eux d\u2019une agression sans raison. Plus d\u2019un mois apr\u00e8s les faits, c\u2019est la Justice qui a tranch\u00e9.<\/p>\n<p>Dix mois de prison ferme<\/p>\n<p class=\" wall-content\">Pr\u00e9sent\u00e9 devant les juges et le parquet de Toulouse en <strong>comparution imm\u00e9diate<\/strong> \u00e0 la mi-juin\u00a02025, le pr\u00e9venu de 32\u00a0ans a \u00e9t\u00e9 reconnu coupable d\u2019une \u00ab\u2009agression sans raison\u2009\u00bb\u2026 Et pas seulement\u2009! Si le trentenaire ne pr\u00e9sentait pas d\u2019ant\u00e9c\u00e9dents, un dossier de <strong>violences conjugales<\/strong> datant de juillet\u00a02024 a \u00e9t\u00e9 rajout\u00e9 \u00e0 la proc\u00e9dure.<\/p>\n<p class=\" wall-content\">Pour tous ces faits, il \u00e9cope alors d\u2019une peine <strong>de 24\u00a0mois d\u2019emprisonnement,<\/strong> dont <strong>14\u00a0mois de sursis probatoire<\/strong>, avec mandat de d\u00e9p\u00f4t. Apr\u00e8s ses 10\u00a0mois de prison ferme, le reste de sa peine sera contraint par une obligation de travailler, d\u2019effectuer des soins et par l\u2019interdiction de se rendre au domicile de la victime. La sentence s\u2019accompagne d\u2019une i<strong>nterdiction de porter une arme<\/strong> pendant cinq ans.<\/p>\n<p class=\" wall-content\">Le pr\u00e9venu dispose de dix jours pour faire appel de cette d\u00e9cision.<\/p>\n<p class=\" wall-content\">Suivez toute l\u2019actualit\u00e9 de vos villes et m\u00e9dias favoris en vous inscrivant \u00e0 <a href=\"https:\/\/moncompte.actu.fr\" title=\"D\u00e9couvez Mon Actu\" rel=\"nofollow noopener\" data-trk=\"{&quot;cta&quot;:{&quot;action&quot;:&quot;https:\\\/\\\/moncompte.actu.fr&quot;,&quot;category&quot;:&quot;mon compte&quot;,&quot;from&quot;:&quot;article footer&quot;,&quot;name&quot;:&quot;Mon actu&quot;,&quot;type&quot;:&quot;cta&quot;}}\" target=\"_blank\">Mon Actu<\/a>.<\/p>\n","protected":false},"excerpt":{"rendered":"Par Mar\u00e9va Laville Publi\u00e9 le 15 juin 2025 \u00e0 11h54 Ce 28\u00a0avril 2025, le plus simple appareil, gagn\u00e9&hellip;\n","protected":false},"author":2,"featured_media":178412,"comment_status":"","ping_status":"","sticky":false,"template":"","format":"standard","meta":{"footnotes":""},"categories":[2816],"tags":[1111,11,1777,674,1011,27,303,12,2680,1072,25,104,2312],"class_list":{"0":"post-178411","1":"post","2":"type-post","3":"status-publish","4":"format-standard","5":"has-post-thumbnail","7":"category-toulouse","8":"tag-actu","9":"tag-actualites","10":"tag-eu","11":"tag-europe","12":"tag-fr","13":"tag-france","14":"tag-justice","15":"tag-news","16":"tag-occitanie","17":"tag-police","18":"tag-republique-francaise","19":"tag-societe","20":"tag-toulouse"},"share_on_mastodon":{"url":"https:\/\/pubeurope.com\/@fr\/114687534065937144","error":""},"_links":{"self":[{"href":"https:\/\/www.europesays.com\/fr\/wp-json\/wp\/v2\/posts\/178411","targetHints":{"allow":["GET"]}}],"collection":[{"href":"https:\/\/www.europesays.com\/fr\/wp-json\/wp\/v2\/posts"}],"about":[{"href":"https:\/\/www.europesays.com\/fr\/wp-json\/wp\/v2\/types\/post"}],"author":[{"embeddable":true,"href":"https:\/\/www.europesays.com\/fr\/wp-json\/wp\/v2\/users\/2"}],"replies":[{"embeddable":true,"href":"https:\/\/www.europesays.com\/fr\/wp-json\/wp\/v2\/comments?post=178411"}],"version-history":[{"count":0,"href":"https:\/\/www.europesays.com\/fr\/wp-json\/wp\/v2\/posts\/178411\/revisions"}],"wp:featuredmedia":[{"embeddable":true,"href":"https:\/\/www.europesays.com\/fr\/wp-json\/wp\/v2\/media\/178412"}],"wp:attachment":[{"href":"https:\/\/www.europesays.com\/fr\/wp-json\/wp\/v2\/media?parent=178411"}],"wp:term":[{"taxonomy":"category","embeddable":true,"href":"https:\/\/www.europesays.com\/fr\/wp-json\/wp\/v2\/categories?post=178411"},{"taxonomy":"post_tag","embeddable":true,"href":"https:\/\/www.europesays.com\/fr\/wp-json\/wp\/v2\/tags?post=178411"}],"curies":[{"name":"wp","href":"https:\/\/api.w.org\/{rel}","templated":true}]}}