{"id":178417,"date":"2025-06-15T13:10:18","date_gmt":"2025-06-15T13:10:18","guid":{"rendered":"https:\/\/www.europesays.com\/fr\/178417\/"},"modified":"2025-06-15T13:10:18","modified_gmt":"2025-06-15T13:10:18","slug":"info-la-provence-un-homme-tue-a-coups-de-couteau-a-la-halle-puget-a-marseille","status":"publish","type":"post","link":"https:\/\/www.europesays.com\/fr\/178417\/","title":{"rendered":"INFO LA PROVENCE. Un homme tu\u00e9 \u00e0 coups de couteau \u00e0 la Halle Puget \u00e0 Marseille"},"content":{"rendered":"<p>Selon nos informations, vers 22h30, ce samedi, les marins-pompiers et les forces de l&rsquo;ordre ont \u00e9t\u00e9 appel\u00e9s au niveau de la Halle Puget (1er), dans le secteur de Belsunce, au centre-ville de Marseille. Une violente rixe venait d&rsquo;\u00e9clater entre plusieurs personnes pour une raison ind\u00e9termin\u00e9e \u00e0 cette heure.<\/p>\n<p>L&rsquo;auteur en fuite<\/p>\n<p>Sur place, les secouristes ont pris en charge un homme de 40 ans transperc\u00e9e \u00e0 l&rsquo;arme blanche. Malgr\u00e9 leur intervention, la victime est d\u00e9c\u00e9d\u00e9e peu apr\u00e8s de ses blessures. Plusieurs t\u00e9moins ont \u00e9t\u00e9 entendus par les forces de l&rsquo;ordre. L&rsquo;auteur des coups mortels est en fuite.<\/p>\n","protected":false},"excerpt":{"rendered":"Selon nos informations, vers 22h30, ce samedi, les marins-pompiers et les forces de l&rsquo;ordre ont \u00e9t\u00e9 appel\u00e9s au&hellip;\n","protected":false},"author":2,"featured_media":178418,"comment_status":"","ping_status":"","sticky":false,"template":"","format":"standard","meta":{"footnotes":""},"categories":[2814],"tags":[17,1111,11,854,5264,1777,674,274,1011,27,8068,4933,1922,884,12,1186,882,25,5911],"class_list":{"0":"post-178417","1":"post","2":"type-post","3":"status-publish","4":"format-standard","5":"has-post-thumbnail","7":"category-marseille","8":"tag-17","9":"tag-actu","10":"tag-actualites","11":"tag-coups","12":"tag-couteau","13":"tag-eu","14":"tag-europe","15":"tag-faits-divers-justice","16":"tag-fr","17":"tag-france","18":"tag-halle","19":"tag-homme","20":"tag-info","21":"tag-marseille","22":"tag-news","23":"tag-provence","24":"tag-provence-alpes-cote-dazur","25":"tag-republique-francaise","26":"tag-tue"},"share_on_mastodon":{"url":"https:\/\/pubeurope.com\/@fr\/114687549705430971","error":""},"_links":{"self":[{"href":"https:\/\/www.europesays.com\/fr\/wp-json\/wp\/v2\/posts\/178417","targetHints":{"allow":["GET"]}}],"collection":[{"href":"https:\/\/www.europesays.com\/fr\/wp-json\/wp\/v2\/posts"}],"about":[{"href":"https:\/\/www.europesays.com\/fr\/wp-json\/wp\/v2\/types\/post"}],"author":[{"embeddable":true,"href":"https:\/\/www.europesays.com\/fr\/wp-json\/wp\/v2\/users\/2"}],"replies":[{"embeddable":true,"href":"https:\/\/www.europesays.com\/fr\/wp-json\/wp\/v2\/comments?post=178417"}],"version-history":[{"count":0,"href":"https:\/\/www.europesays.com\/fr\/wp-json\/wp\/v2\/posts\/178417\/revisions"}],"wp:featuredmedia":[{"embeddable":true,"href":"https:\/\/www.europesays.com\/fr\/wp-json\/wp\/v2\/media\/178418"}],"wp:attachment":[{"href":"https:\/\/www.europesays.com\/fr\/wp-json\/wp\/v2\/media?parent=178417"}],"wp:term":[{"taxonomy":"category","embeddable":true,"href":"https:\/\/www.europesays.com\/fr\/wp-json\/wp\/v2\/categories?post=178417"},{"taxonomy":"post_tag","embeddable":true,"href":"https:\/\/www.europesays.com\/fr\/wp-json\/wp\/v2\/tags?post=178417"}],"curies":[{"name":"wp","href":"https:\/\/api.w.org\/{rel}","templated":true}]}}