{"id":178427,"date":"2025-06-15T13:17:30","date_gmt":"2025-06-15T13:17:30","guid":{"rendered":"https:\/\/www.europesays.com\/fr\/178427\/"},"modified":"2025-06-15T13:17:30","modified_gmt":"2025-06-15T13:17:30","slug":"paris-basketball-lapotheose-face-a-monaco-avant-lexode-massif","status":"publish","type":"post","link":"https:\/\/www.europesays.com\/fr\/178427\/","title":{"rendered":"Paris Basketball, l\u2019apoth\u00e9ose face \u00e0 Monaco avant l\u2019exode massif ?"},"content":{"rendered":"<p>Oppos\u00e9 \u00e0 Monaco en finale du championnat de France, ce dimanche, \u00e0 l\u2019Adidas Arena, le club parisien a l\u2019occasion d\u2019\u00e9crire l\u2019histoire avant de refermer un chapitre dor\u00e9.<\/p>\n<p class=\"fig-paragraph\">Des ambitions de grande premi\u00e8re et un go\u00fbt de tourn\u00e9e d\u2019adieu. C\u2019est peu ou prou le grand \u00e9cart qui attend le Paris Basketball avant\u00a0<a href=\"http:\/\/www.lefigaro.fr\/sports\/basket\/basket-ou-et-quand-suivre-la-finale-du-championnat-de-france-entre-paris-et-monaco-20250611\" data-fig-type=\"NewsFlash\" data-gtm-custom-categorie=\"navigation\" data-gtm-custom-action=\"crossclick\" data-gtm-custom-label=\"Contextuel\" data-gtm-event=\"customEventSPE\" data-fig-domain=\"LEFIGARO\" target=\"_blank\" rel=\"noopener\">une finale en forme de revanche face \u00e0 Monaco<\/a>. Premi\u00e8re manche ce dimanche (16h30), \u00e0 l\u2019Adidas Arena. L\u2019avant-dernier match de la saison \u00e0 la Porte de La Chapelle, sauf en cas d\u2019\u00e9ventuelle belle, le 24 juin. Si la s\u00e9rie prend des allures de tourn\u00e9e d\u2019adieu, c\u2019est que de nombreuses figures sont appel\u00e9es \u00e0 filer.<\/p>\n<p class=\"fig-paragraph\">\u00c0 commencer par l\u2019entra\u00eeneur,\u00a0<a href=\"http:\/\/www.lefigaro.fr\/sports\/basket\/nba\/basket-tiago-splitter-de-paris-a-portland-c-est-officiel-20250612\" data-fig-type=\"NewsFlash\" data-gtm-custom-categorie=\"navigation\" data-gtm-custom-action=\"crossclick\" data-gtm-custom-label=\"Contextuel\" data-gtm-event=\"customEventSPE\" data-fig-domain=\"LEFIGARO\" target=\"_blank\" rel=\"noopener\">Tiago Splitter, qui va rejoindre le staff de Chauncey Billups \u00e0 Portland<\/a>, en NBA. Un r\u00f4le d\u2019adjoint qu\u2019il a d\u00e9j\u00e0 occup\u00e9 \u00e0 Brooklyn et Houston avant de faire ses grands d\u00e9buts en tant qu\u2019entra\u00eeneur en chef \u00e0 Paris, l\u2019\u00e9t\u00e9 dernier, prenant la suite de Tuomas Iisalo, qui avait lui-m\u00eame accept\u00e9 un poste d\u2019assistant \u00e0 Memphis. Coup d\u2019essai, coup de ma\u00eetre, avec un parcours brillant en Euroligue (quarts de finale), un premier sacre dans l\u2019histoire du club en Coupe de France et la premi\u00e8re place au classement de la saison r\u00e9guli\u00e8re de Betclic Elite, avant de revenir en finale. Le Br\u00e9silien de 40 ans a par ailleurs parfaitement enfil\u00e9 les chaussons de son pr\u00e9d\u00e9cesseur finlandais, d\u00e9sormais coach des Grizzlies, avec un basket survitamin\u00e9 qui a \u00e9bloui l\u2019Europe et s\u00e9duit\u00a0<a href=\"http:\/\/www.lefigaro.fr\/sports\/basket\/basket-sponsors-visibilite-experience-comment-l-adidas-arena-a-change-la-vie-du-paris-basketball-20250211\" data-fig-type=\"Article\" data-gtm-custom-categorie=\"navigation\" data-gtm-custom-action=\"crossclick\" data-gtm-custom-label=\"Contextuel\" data-gtm-event=\"customEventSPE\" data-fig-domain=\"LEFIGARO\" target=\"_blank\" rel=\"noopener\">le public de l\u2019Adidas Arena<\/a>.<\/p>\n<p>Francesco Tabellini \u00e0 la place de Tiago Splitter\u00a0?<\/p>\n<p class=\"fig-paragraph\">Les derniers \u00e9chos font de l\u2019Italien Francesco Tabellini, coach de Nymburk depuis deux ans, le grand favori \u00e0 la succession de l\u2019ancien champion NBA avec les Spurs de Tony Parker. Un entra\u00eeneur novice en Euroligue, comme l\u2019\u00e9tait Splitter. Sauf que Splitter, lui, s\u2019est appuy\u00e9 sur l\u2019ossature des laur\u00e9ats de l\u2019Eurocoupe 2024. Ce ne sera pas le cas du prochain coach parisien.<\/p>\n<p class=\"fig-paragraph\">En effet, de nombreux cadres sont annonc\u00e9s partants, \u00e0 commencer par Monsieur TJ Shorts, double MVP du championnat de France et troisi\u00e8me dans les votes du MVP en Euroligue. Certains l\u2019avaient annonc\u00e9 \u00e0 Memphis, en NBA, sous les ordres de Iisalo, mais le coach du Panathinaikos, Ergin Ataman, affirme qu\u2019il \u00e9voluera sous ses ordres la saison prochaine. Ce n\u2019est pas tout. Tyson Ward (Olympiakos), Kevarrius Hayes (Monaco, Olympiakos\u00a0?), Maodo Lo (Etoile rouge\u00a0?) ou Mikael Jantunen (Fener) sont annonc\u00e9s partants, tout comme\u00a0<a href=\"http:\/\/www.lefigaro.fr\/sports\/basket\/basket-nadir-hifi-joueur-francais-de-paris-elu-meilleur-jeune-d-euroligue-20250415\" data-fig-type=\"NewsFlash\" data-gtm-custom-categorie=\"navigation\" data-gtm-custom-action=\"crossclick\" data-gtm-custom-label=\"Contextuel\" data-gtm-event=\"customEventSPE\" data-fig-domain=\"LEFIGARO\" target=\"_blank\" rel=\"noopener\">le meilleur jeune de l\u2019Euroligue cuv\u00e9e 2024-25<\/a>, Nadir Hifi (Monaco\u00a0?). La fin d\u2019un cycle. L\u2019\u00e9pilogue d\u2019une \u00e8re dor\u00e9e, qui a vu Paris d\u00e9crocher ses premiers titres et se faire un nom sur la sc\u00e8ne europ\u00e9enne. Le Paris Basketball, c\u2019est aussi une r\u00e9ussite en dehors des parquets. Tout bon.<\/p>\n<p class=\"fig-body-link\">\n            \u00c0 lire aussi<br \/>\n        <a class=\"fig-body-link__link\" href=\"http:\/\/www.lefigaro.fr\/sports\/basket\/basket-ou-et-quand-suivre-la-finale-du-championnat-de-france-entre-paris-et-monaco-20250611\" data-fig-type=\"NewsFlash\" data-gtm-custom-categorie=\"navigation\" data-gtm-custom-action=\"crossclick\" data-gtm-custom-label=\"Contextuel\" data-gtm-event=\"customEventSPE\" data-fig-domain=\"LEFIGARO\" target=\"_blank\" rel=\"noopener\">Basket\u00a0: o\u00f9 et quand suivre la finale du championnat de France entre Paris et Monaco\u00a0?<br \/>\n    <\/a>\n<\/p>\n<p class=\"fig-paragraph\">Charge aux dirigeants parisiens, le pr\u00e9sident David Kahn et le directeur sportif Amara Sy en t\u00eate, de flairer les bonnes pistes &#8211; comme ils l\u2019ont fait jusqu\u2019ici &#8211; pour continuer sur cette lanc\u00e9e. \u00abQui vous dit que si ces joueurs partent, on n\u2019aura pas une meilleure \u00e9quipe? TJ Shorts, Tyson Ward, Nadir Hifi&#8230; personne ne savait qui ils \u00e9taient il y a trois ans\u00bb, a lanc\u00e9 Amara Sy, sur\u00a0<a href=\"https:\/\/rmcsport.bfmtv.com\/basket\/jeep-elite\/faire-peter-la-marque-dans-le-monde-entier-le-directeur-sportif-du-paris-basketball-detaille-le-role-d-omar-sy-nouveau-co-proprietaire-du-club_AV-202506120607.html\" target=\"_blank\" rel=\"nofollow noopener\" data-gtm-custom-categorie=\"navigation\" data-gtm-custom-action=\"crossclick\" data-gtm-custom-label=\"Contextuel\" data-gtm-event=\"customEventSPE\">RMC<\/a> .<\/p>\n<blockquote class=\"fig-quote&#10;    \">\n<p class=\"fig-quote__text\">Qui vous dit que si ces joueurs partent on n\u2019aura pas une meilleure \u00e9quipe? TJ Shorts, Tyson Ward, Nadir Hifi&#8230; personne ne savait qui ils \u00e9taient il y a trois ans.<\/p>\n<p>            Amara Sy\n    <\/p><\/blockquote>\n<p class=\"fig-paragraph\">Et d\u2019ajouter\u00a0: \u00abC\u2019est compliqu\u00e9, mais contrairement \u00e0 la majeure partie des clubs, on a su cr\u00e9er une tr\u00e8s forte identit\u00e9 et un style de jeu qui nous est propre. On sait ce qu\u2019on veut\u2026 et ce qu\u2019on ne veut pas. Forc\u00e9ment, \u00e7a donne beaucoup moins de possibilit\u00e9s. Mais quand on cible un joueur, on sait \u00e0 90% ce que \u00e7a va donner, contrairement \u00e0 des clubs qui peuvent se permettre de prendre un joueur juste parce qu\u2019il a un gros pedigree, une grosse carri\u00e8re. Nous, cette marge d\u2019erreur est beaucoup moins importante que beaucoup de clubs\u00bb. Jusqu\u2019ici, les noms du Belge Thijs De Ridder (Bilbao) et du Fran\u00e7ais Allan Dokossi (Dijon) ont filtr\u00e9 ici et l\u00e0. Certaines sources ont fait \u00e9tat d\u2019un int\u00e9r\u00eat prononc\u00e9 pour Carsen Edwards, meilleur marqueur de l\u2019Euroligue (20,4 pts\/match) au terme de la saison \u00e9coul\u00e9e avec le Bayern Munich. Le Parisien laisse entendre que le Mon\u00e9gasque Elie OKobo est cibl\u00e9 aussi.<\/p>\n<p class=\"fig-paragraph\">Une chose est s\u00fbre\u00a0: l\u2019\u00e9t\u00e9 sera chaud \u00e0 Paris. Mais avant cela, il y a \u00abune \u00e9norme page de l\u2019Histoire\u00bb de ce club, n\u00e9 en 2018 et promu dans l\u2019\u00e9lite en 2021, \u00e0 \u00e9crire. Et \u00abpas seulement un titre de plus \u00e0 aller chercher\u00bb, comme l\u2019ont r\u00e9cemment indiqu\u00e9 les membres du Kop Parisii, les supporters du PBB. \u00abApr\u00e8s avoir mis Paris sur la carte du basket europ\u00e9en et du basket fran\u00e7ais, certains d\u2019entre vous s\u2019envoleront bient\u00f4t vers de nouveaux horizons, vers d\u2019autres clubs, d\u2019autres d\u00e9fis. (\u2026) C\u2019est le moment de tout l\u00e2cher, de tout donner (\u2026) pour terminer cette aventure en l\u00e9gende\u00bb, ajoutent-ils, ambitieux.<\/p>\n<p>Mike James suspendu<\/p>\n<p class=\"fig-paragraph\">Et rien ne leur interdit de l\u2019\u00eatre. Certes, en face, c\u2019est Monaco, double tenant du titre. La Roca Team, c\u2019est 30 M\u20ac de budget contre moins de 20 pour Paris. Les vice-champions d\u2019Europe \u00e9taient les grands favoris de la finale de l\u2019an dernier. Et ils ont assum\u00e9 leur statut sur le parquet, remportant la s\u00e9rie en quatre manches,\u00a0<a href=\"http:\/\/www.lefigaro.fr\/sports\/basket\/basket-monaco-ecrase-paris-et-conserve-son-titre-de-champion-de-france-20240612\" data-fig-type=\"NewsFlash\" data-gtm-custom-categorie=\"navigation\" data-gtm-custom-action=\"crossclick\" data-gtm-custom-label=\"Contextuel\" data-gtm-event=\"customEventSPE\" data-fig-domain=\"LEFIGARO\" target=\"_blank\" rel=\"noopener\">avec une correction 115-76 lors du match 4<\/a>, \u00e0 l\u2019Adidas Arena. Cette fois, les cotes ne sont plus les m\u00eames. La dynamique non plus. D\u00e9j\u00e0 parce que les joueurs de Tiago Splitter, qui ont l\u2019avantage du terrain, ont d\u00e9montr\u00e9 qu\u2019ils peuvent battre tout le monde, y compris l\u2019ASM (2-2 dans les confrontations directes cette saison entre la Pro A et l\u2019Euroligue). Et aussi \u00e0 cause des soucis de l\u2019ASM en interne,\u00a0<a href=\"http:\/\/www.lefigaro.fr\/sports\/basket\/basket-mike-james-toujours-suspendu-par-monaco-pour-la-finale-face-a-paris-20250614\" data-fig-type=\"NewsFlash\" data-gtm-custom-categorie=\"navigation\" data-gtm-custom-action=\"crossclick\" data-gtm-custom-label=\"Contextuel\" data-gtm-event=\"customEventSPE\" data-fig-domain=\"LEFIGARO\" target=\"_blank\" rel=\"noopener\">comme la suspension de Mike James<\/a>.<\/p>\n<p class=\"fig-paragraph\">\u00c7a n\u2019a pas emp\u00each\u00e9 les joueurs de Vassilis Spanoulis d\u2019\u00e9carter l\u2019Asvel en demies,\u00a0<a href=\"http:\/\/www.lefigaro.fr\/sports\/basket\/basket-renversant-face-a-l-asvel-monaco-defiera-paris-en-finale-20250610\" data-fig-type=\"NewsFlash\" data-gtm-custom-categorie=\"navigation\" data-gtm-custom-action=\"crossclick\" data-gtm-custom-label=\"Contextuel\" data-gtm-event=\"customEventSPE\" data-fig-domain=\"LEFIGARO\" target=\"_blank\" rel=\"noopener\">au terme d\u2019une folle remont\u00e9e lors du match 4<\/a>, mercredi dernier. \u00ab\u00c7a doit \u00eatre dans mon Top 3 des matchs les plus dingues\u00bb, s\u2019est enflamm\u00e9 le technicien grec, bien conscient que \u00absa\u00bb Roca Team ne pourra pas se permettre les m\u00eames erreurs face \u00e0 Paris. Rappelons que les Mon\u00e9gasques sont en finale pour la quatri\u00e8me ann\u00e9e de suite, dont deux titres en 2023 et 2024. D\u00e9j\u00e0 champion de France en 2021 et 2022 avec Lyon-Villeurbanne, Matthew Strazel visera d\u2019ailleurs la passe de cinq. Reste \u00e0 savoir qui \u00e9crira l\u2019histoire dans cette all\u00e9chante s\u00e9rie entre le Paris Basketball et Monaco.<\/p>\n","protected":false},"excerpt":{"rendered":"Oppos\u00e9 \u00e0 Monaco en finale du championnat de France, ce dimanche, \u00e0 l\u2019Adidas Arena, le club parisien a&hellip;\n","protected":false},"author":2,"featured_media":178428,"comment_status":"","ping_status":"","sticky":false,"template":"","format":"standard","meta":{"footnotes":""},"categories":[1888],"tags":[1111,1928,11,1927,7540,2190,1465,1464,3146,2180,2192,814,64,1777,450,2183,674,1011,27,2191,2193,820,2181,2182,12,1926,626,2179,1925,2189,2186,2184,2185,25,1980,2188,2187],"class_list":{"0":"post-178427","1":"post","2":"type-post","3":"status-publish","4":"format-standard","5":"has-post-thumbnail","7":"category-paris","8":"tag-actu","9":"tag-actu-paris","10":"tag-actualites","11":"tag-actualites-paris","12":"tag-as-monaco-basket","13":"tag-asvel","14":"tag-basket","15":"tag-basketball","16":"tag-betclic-elite","17":"tag-championnats-deurope","18":"tag-cholet","19":"tag-direct","20":"tag-equipe-de-france","21":"tag-eu","22":"tag-euro","23":"tag-euroligue","24":"tag-europe","25":"tag-fr","26":"tag-france","27":"tag-le-mans","28":"tag-limoges","29":"tag-live","30":"tag-mondial","31":"tag-nba","32":"tag-news","33":"tag-news-paris","34":"tag-paris","35":"tag-paris-basketball","36":"tag-paris-news","37":"tag-photos","38":"tag-play-offs","39":"tag-pro-a","40":"tag-pro-b","41":"tag-republique-francaise","42":"tag-resultats","43":"tag-statistiques","44":"tag-stats"},"share_on_mastodon":{"url":"https:\/\/pubeurope.com\/@fr\/114687577627686576","error":""},"_links":{"self":[{"href":"https:\/\/www.europesays.com\/fr\/wp-json\/wp\/v2\/posts\/178427","targetHints":{"allow":["GET"]}}],"collection":[{"href":"https:\/\/www.europesays.com\/fr\/wp-json\/wp\/v2\/posts"}],"about":[{"href":"https:\/\/www.europesays.com\/fr\/wp-json\/wp\/v2\/types\/post"}],"author":[{"embeddable":true,"href":"https:\/\/www.europesays.com\/fr\/wp-json\/wp\/v2\/users\/2"}],"replies":[{"embeddable":true,"href":"https:\/\/www.europesays.com\/fr\/wp-json\/wp\/v2\/comments?post=178427"}],"version-history":[{"count":0,"href":"https:\/\/www.europesays.com\/fr\/wp-json\/wp\/v2\/posts\/178427\/revisions"}],"wp:featuredmedia":[{"embeddable":true,"href":"https:\/\/www.europesays.com\/fr\/wp-json\/wp\/v2\/media\/178428"}],"wp:attachment":[{"href":"https:\/\/www.europesays.com\/fr\/wp-json\/wp\/v2\/media?parent=178427"}],"wp:term":[{"taxonomy":"category","embeddable":true,"href":"https:\/\/www.europesays.com\/fr\/wp-json\/wp\/v2\/categories?post=178427"},{"taxonomy":"post_tag","embeddable":true,"href":"https:\/\/www.europesays.com\/fr\/wp-json\/wp\/v2\/tags?post=178427"}],"curies":[{"name":"wp","href":"https:\/\/api.w.org\/{rel}","templated":true}]}}