{"id":178437,"date":"2025-06-15T13:22:10","date_gmt":"2025-06-15T13:22:10","guid":{"rendered":"https:\/\/www.europesays.com\/fr\/178437\/"},"modified":"2025-06-15T13:22:10","modified_gmt":"2025-06-15T13:22:10","slug":"grande-parade-militaire-a-washington-pour-celebrer-le-250e-anniversaire-de-la-creation-de-lus-army","status":"publish","type":"post","link":"https:\/\/www.europesays.com\/fr\/178437\/","title":{"rendered":"Grande parade militaire \u00e0 Washington pour c\u00e9l\u00e9brer le 250\u00e8 anniversaire de la cr\u00e9ation de l&rsquo;US Army"},"content":{"rendered":"<p><img width=\"1200\" height=\"900\" src=\"data:image\/svg+xml,%3Csvg%20xmlns=\" http:=\"\" class=\"attachment-full size-full wp-post-image\" alt=\"militaire\" data-main-img=\"1\" decoding=\"async\" fetchpriority=\"high\" data-lazy- data-lazy- data-lazy-src=\"https:\/\/www.europesays.com\/fr\/wp-content\/uploads\/2025\/06\/militaire.jpg\"\/><\/p>\n<p>\t\t\tUne grande parade militaire a \u00e9t\u00e9 organis\u00e9e samedi \u00e0 Washington pour c\u00e9l\u00e9brer le 250\u00e8me anniversaire de la cr\u00e9ation de l\u2019arm\u00e9e de Terre am\u00e9ricaine (US Army).<\/p>\n<p class=\"ai-optimize-6 ai-optimize-introduction\" style=\"text-align: justify;\">Pr\u00e8s de 7.000 soldats et 150 v\u00e9hicules militaires ont d\u00e9fil\u00e9 dans la capitale f\u00e9d\u00e9rale en pr\u00e9sence du pr\u00e9sident am\u00e9ricain, Donald Trump.<\/p>\n<p class=\"ai-optimize-6\" style=\"text-align: justify;\">Tenue pour la premi\u00e8re fois en 34 ans, la c\u00e9l\u00e9bration s\u2019est d\u00e9roul\u00e9e au c\u0153ur de Washington sous haute surveillance polici\u00e8re.<\/p>\n<p class=\"ai-optimize-7\" style=\"text-align: justify;\">La parade, qui co\u00efncide avec le 79\u00e8me anniversaire du pr\u00e9sident Trump, devrait co\u00fbter pr\u00e8s de 45 millions de dollars, dont une partie pour r\u00e9nover les avenues de la capitale f\u00e9d\u00e9rale.<\/p>\n<p class=\"ai-optimize-8\" style=\"text-align: justify;\">Le d\u00e9fil\u00e9 a c\u00e9l\u00e9br\u00e9 les diff\u00e9rentes \u00e9tapes par lesquelles est pass\u00e9e l\u2019arm\u00e9e am\u00e9ricaine depuis la guerre d\u2019Ind\u00e9pendance au 18\u00e8me si\u00e8cle.<\/p>\n<p class=\"ai-optimize-7\" style=\"text-align: justify;\">Avec MAP<\/p>\n","protected":false},"excerpt":{"rendered":"Une grande parade militaire a \u00e9t\u00e9 organis\u00e9e samedi \u00e0 Washington pour c\u00e9l\u00e9brer le 250\u00e8me anniversaire de la cr\u00e9ation&hellip;\n","protected":false},"author":2,"featured_media":178438,"comment_status":"","ping_status":"","sticky":false,"template":"","format":"standard","meta":{"footnotes":""},"categories":[1589],"tags":[11,3581,73,1866,31486,3579,12,1864,1865,1863,308,2744],"class_list":{"0":"post-178437","1":"post","2":"type-post","3":"status-publish","4":"format-standard","5":"has-post-thumbnail","7":"category-etats-unis","8":"tag-actualites","9":"tag-anniversaire","10":"tag-etats-unis","11":"tag-etats-unis-damerique","12":"tag-lus-army","13":"tag-militaire","14":"tag-news","15":"tag-united-states","16":"tag-united-states-of-america","17":"tag-us","18":"tag-usa","19":"tag-washington"},"share_on_mastodon":{"url":"https:\/\/pubeurope.com\/@fr\/114687596544698139","error":""},"_links":{"self":[{"href":"https:\/\/www.europesays.com\/fr\/wp-json\/wp\/v2\/posts\/178437","targetHints":{"allow":["GET"]}}],"collection":[{"href":"https:\/\/www.europesays.com\/fr\/wp-json\/wp\/v2\/posts"}],"about":[{"href":"https:\/\/www.europesays.com\/fr\/wp-json\/wp\/v2\/types\/post"}],"author":[{"embeddable":true,"href":"https:\/\/www.europesays.com\/fr\/wp-json\/wp\/v2\/users\/2"}],"replies":[{"embeddable":true,"href":"https:\/\/www.europesays.com\/fr\/wp-json\/wp\/v2\/comments?post=178437"}],"version-history":[{"count":0,"href":"https:\/\/www.europesays.com\/fr\/wp-json\/wp\/v2\/posts\/178437\/revisions"}],"wp:featuredmedia":[{"embeddable":true,"href":"https:\/\/www.europesays.com\/fr\/wp-json\/wp\/v2\/media\/178438"}],"wp:attachment":[{"href":"https:\/\/www.europesays.com\/fr\/wp-json\/wp\/v2\/media?parent=178437"}],"wp:term":[{"taxonomy":"category","embeddable":true,"href":"https:\/\/www.europesays.com\/fr\/wp-json\/wp\/v2\/categories?post=178437"},{"taxonomy":"post_tag","embeddable":true,"href":"https:\/\/www.europesays.com\/fr\/wp-json\/wp\/v2\/tags?post=178437"}],"curies":[{"name":"wp","href":"https:\/\/api.w.org\/{rel}","templated":true}]}}