{"id":178464,"date":"2025-06-15T13:39:11","date_gmt":"2025-06-15T13:39:11","guid":{"rendered":"https:\/\/www.europesays.com\/fr\/178464\/"},"modified":"2025-06-15T13:39:11","modified_gmt":"2025-06-15T13:39:11","slug":"les-stars-de-youtube-inoxtag-et-lebouseuh-sous-le-charme-dannecy","status":"publish","type":"post","link":"https:\/\/www.europesays.com\/fr\/178464\/","title":{"rendered":"les stars de Youtube Inoxtag et LeBouseuh sous le charme d&rsquo;Annecy"},"content":{"rendered":"<p>Il y a quelques jours, l&rsquo;influenceur <a href=\"https:\/\/www.ledauphine.com\/p\/inoxtag\" target=\"_blank\" rel=\"noopener\">Inoxtag<\/a> (de son vrai nom In\u00e8s Benazzouz) \u00e9tait de passage \u00e0 Annecy \u00e0 l&rsquo;occasion du festival d&rsquo;animation.\u00a0Celui\u00a0qui comptabilise plus de 9 millions d&rsquo;abonn\u00e9s sur Youtube, est visiblement tomb\u00e9 amoureux de la capitale de la Haute-Savoie, et n&rsquo;a pas manqu\u00e9 de le faire savoir sur ses r\u00e9seaux sociaux.<\/p>\n<p>\u00ab\u00a0Genre, il y a des gens qui habitent l\u00e0\u00a0? Ben j&rsquo;ai jur\u00e9, vous \u00eates \u201cgoatesques\u201d, les gars\u00a0\u00bb, s&rsquo;est-il exclam\u00e9 dans une de ses stories Instagram, alors qu&rsquo;il d\u00e9ambulait sur les berges du lac d&rsquo;Annecy.\u00a0On traduit pour ceux qui ne ma\u00eetrisent pas les codes des r\u00e9seaux sociaux\u00a0: \u201cGoatesque\u201d est d\u00e9riv\u00e9 de l&rsquo;acronyme \u201cG.O.A.T.\u201d (pour \u201cgreatest of all time\u201d, soit le plus grand de tous les temps, en fran\u00e7ais). Grosso modo, \u00e7a veut dire \u201cexceptionnel\u201d ou encore \u201cfantastique\u201d.<\/p>\n<p>  \u00ab\u00a0J&rsquo;ai l&rsquo;impression que les gens sont heureux ici\u00a0\u00bb<\/p>\n<p>Interrog\u00e9 un peu plus tard par <a href=\"https:\/\/www.instagram.com\/p\/DKw_IzXNpS_\/?hl=fr\" target=\"_blank\" rel=\"noopener\">Annecy Bouge<\/a>, Inoxtag a affirm\u00e9 que s&rsquo;il n&rsquo;avait pas autant de boulot \u00e0 Paris, il serait bien venu s&rsquo;installer dans la Venise des Alpes. \u00ab\u00a0J&rsquo;aurais bien plant\u00e9 les locaux\u00a0ici\u00a0\u00bb, affirme-t-il, charm\u00e9 par les montagnes et le lac. \u00ab\u00a0C&rsquo;est la belle vie, j&rsquo;ai l&rsquo;impression que les gens sont heureux dans cette ville. \u00bb<\/p>\n<p>Ce contenu est bloqu\u00e9 car vous n&rsquo;avez pas accept\u00e9 les cookies et autres traceurs.<\/p>\n<p>En cliquant sur \u00ab J\u2019accepte \u00bb, les cookies et autres traceurs seront d\u00e9pos\u00e9s et vous pourrez visualiser les contenus  (<a href=\"\" class=\"consentModule_policy\" target=\"_blank\" title=\"Consulter la politique de protection des donn\u00e9es du fournisseur\">plus d&rsquo;informations<\/a>).<\/p>\n<p>En cliquant sur \u00ab J\u2019accepte tous les cookies \u00bb, vous autorisez des d\u00e9p\u00f4ts de cookies et autres traceurs pour le stockage de vos donn\u00e9es sur nos sites et applications \u00e0 des fins de personnalisation et de ciblage publicitaire.<\/p>\n<p class=\"consentModule_secondaryText\">Vous gardez la possibilit\u00e9 de retirer votre consentement \u00e0 tout moment en consultant notre <a href=\"https:\/\/www.ledauphine.com\/protection-des-donnees\" target=\"_blank\" title=\"Consulter notre politique de protection des donn\u00e9es\" rel=\"noopener\">politique de protection des donn\u00e9es<\/a>. <br \/>&#13;<br \/>\n            <a href=\"https:\/\/www.ledauphine.com\/insolite\/2025\/06\/15\/javascript:Didomi.notice.show()\" class=\"consentModule_cmp\" target=\"_blank\" rel=\"noopener\">G\u00e9rer mes choix<\/a>&#13;\n        <\/p>\n<p>&#13;<br \/>\n                        J&rsquo;accepte&#13;<br \/>\n            J&rsquo;accepte tous les cookies&#13;\n        <\/p>\n<p>Lors de son s\u00e9jour, celui qui a enflamm\u00e9 Internet et les salles de cin\u00e9ma fran\u00e7aises avec son documentaire retra\u00e7ant <a href=\"https:\/\/www.ledauphine.com\/societe\/2024\/09\/13\/inoxtag-a-l-everest-je-dis-merci-a-ceux-qui-m-ont-critique\" target=\"_blank\" rel=\"noopener\">son ascension de l&rsquo;Everest<\/a>,\u00a0a aussi accept\u00e9 de pr\u00eater son image au club de football local en posant avec l&rsquo;un de ses maillots.<\/p>\n<p>Ce contenu est bloqu\u00e9 car vous n&rsquo;avez pas accept\u00e9 les cookies et autres traceurs.<\/p>\n<p>En cliquant sur \u00ab J\u2019accepte \u00bb, les cookies et autres traceurs seront d\u00e9pos\u00e9s et vous pourrez visualiser les contenus  (<a href=\"\" class=\"consentModule_policy\" target=\"_blank\" title=\"Consulter la politique de protection des donn\u00e9es du fournisseur\">plus d&rsquo;informations<\/a>).<\/p>\n<p>En cliquant sur \u00ab J\u2019accepte tous les cookies \u00bb, vous autorisez des d\u00e9p\u00f4ts de cookies et autres traceurs pour le stockage de vos donn\u00e9es sur nos sites et applications \u00e0 des fins de personnalisation et de ciblage publicitaire.<\/p>\n<p class=\"consentModule_secondaryText\">Vous gardez la possibilit\u00e9 de retirer votre consentement \u00e0 tout moment en consultant notre <a href=\"https:\/\/www.ledauphine.com\/protection-des-donnees\" target=\"_blank\" title=\"Consulter notre politique de protection des donn\u00e9es\" rel=\"noopener\">politique de protection des donn\u00e9es<\/a>. <br \/>&#13;<br \/>\n            <a href=\"https:\/\/www.ledauphine.com\/insolite\/2025\/06\/15\/javascript:Didomi.notice.show()\" class=\"consentModule_cmp\" target=\"_blank\" rel=\"noopener\">G\u00e9rer mes choix<\/a>&#13;\n        <\/p>\n<p>&#13;<br \/>\n                        J&rsquo;accepte&#13;<br \/>\n            J&rsquo;accepte tous les cookies&#13;\n        <\/p>\n<p>  \u00ab L&rsquo;une des plus belles villes de France\u00a0\u00bb<\/p>\n<p>Inoxtag, qui a r\u00e9cemment<a href=\"https:\/\/www.ledauphine.com\/culture-loisirs\/2025\/04\/11\/inoxtag-a-atteint-le-sommet-de-l-aiguille-verte\" target=\"_blank\" rel=\"noopener\"> atteint le sommet de l&rsquo;aiguille Verte<\/a>, \u00e0 Chamonix, n&rsquo;est d&rsquo;ailleurs pas le seul influenceur conquis par le cadre de la ville.\u00a0En effet, quelques jours plus t\u00f4t,\u00a0LeBouseuh (de son vrai nom Romain Goisbeau), originaire de Rennes,\u00a0a lui aussi\u00a0port\u00e9 les couleurs du <a href=\"https:\/\/www.ledauphine.com\/sport\/fc-annecy\" target=\"_blank\" rel=\"noopener\">FC Annecy<\/a>. Il en a aussi profit\u00e9\u00a0pour dire tout le bien qu&rsquo;il pensait de la capitale de la Haute-Savoie.<\/p>\n<p>Ce contenu est bloqu\u00e9 car vous n&rsquo;avez pas accept\u00e9 les cookies et autres traceurs.<\/p>\n<p>En cliquant sur \u00ab J\u2019accepte \u00bb, les cookies et autres traceurs seront d\u00e9pos\u00e9s et vous pourrez visualiser les contenus  (<a href=\"\" class=\"consentModule_policy\" target=\"_blank\" title=\"Consulter la politique de protection des donn\u00e9es du fournisseur\">plus d&rsquo;informations<\/a>).<\/p>\n<p>En cliquant sur \u00ab J\u2019accepte tous les cookies \u00bb, vous autorisez des d\u00e9p\u00f4ts de cookies et autres traceurs pour le stockage de vos donn\u00e9es sur nos sites et applications \u00e0 des fins de personnalisation et de ciblage publicitaire.<\/p>\n<p class=\"consentModule_secondaryText\">Vous gardez la possibilit\u00e9 de retirer votre consentement \u00e0 tout moment en consultant notre <a href=\"https:\/\/www.ledauphine.com\/protection-des-donnees\" target=\"_blank\" title=\"Consulter notre politique de protection des donn\u00e9es\" rel=\"noopener\">politique de protection des donn\u00e9es<\/a>. <br \/>&#13;<br \/>\n            <a href=\"https:\/\/www.ledauphine.com\/insolite\/2025\/06\/15\/javascript:Didomi.notice.show()\" class=\"consentModule_cmp\" target=\"_blank\" rel=\"noopener\">G\u00e9rer mes choix<\/a>&#13;\n        <\/p>\n<p>&#13;<br \/>\n                        J&rsquo;accepte&#13;<br \/>\n            J&rsquo;accepte tous les cookies&#13;\n        <\/p>\n<p>\u00ab C&rsquo;est l&rsquo;une des plus belles villes de France, je n&rsquo;ai pas peur de le dire. Seul b\u00e9mol\u00a0: il y a vraiment trop de monde, mais putain que c&rsquo;est magnifique \u00bb, s&rsquo;est-il exclam\u00e9 dans une vid\u00e9o publi\u00e9e sur le compte Instagram du FC Annecy. \u00c0 noter que LeBouseuh (4,55 millions d&rsquo;abonn\u00e9s sur Youtube) s&rsquo;\u00e9tait d\u00e9j\u00e0 rendu \u00e0 Annecy puisqu&rsquo;il a sorti en 2022 une vid\u00e9o dans laquelle il faisait le tour du lac d&rsquo;Annecy \u00e0 v\u00e9lo.<\/p>\n<p><script async src=\"\/\/www.instagram.com\/embed.js\"><\/script><\/p>\n","protected":false},"excerpt":{"rendered":"Il y a quelques jours, l&rsquo;influenceur Inoxtag (de son vrai nom In\u00e8s Benazzouz) \u00e9tait de passage \u00e0 Annecy&hellip;\n","protected":false},"author":2,"featured_media":178465,"comment_status":"","ping_status":"","sticky":false,"template":"","format":"standard","meta":{"footnotes":""},"categories":[1359],"tags":[3853,3854,1687,58,3856,59,20116,107,1701,1011,27,329,4638,1757,12636,973,273,517],"class_list":{"0":"post-178464","1":"post","2":"type-post","3":"status-publish","4":"format-standard","5":"has-post-thumbnail","7":"category-people","8":"tag-annecy","9":"tag-annecy-bassin","10":"tag-culture-loisirs","11":"tag-divertissement","12":"tag-edition-annecy-rumilly-les-aravis","13":"tag-entertainment","14":"tag-fc-annecy","15":"tag-fil-info","16":"tag-fil-info-sport","17":"tag-fr","18":"tag-france","19":"tag-france-monde","20":"tag-haute-savoie","21":"tag-insolite","22":"tag-ligue-2-football","23":"tag-people","24":"tag-selection-de-la-redaction","25":"tag-sport"},"share_on_mastodon":{"url":"https:\/\/pubeurope.com\/@fr\/114687663384681145","error":""},"_links":{"self":[{"href":"https:\/\/www.europesays.com\/fr\/wp-json\/wp\/v2\/posts\/178464","targetHints":{"allow":["GET"]}}],"collection":[{"href":"https:\/\/www.europesays.com\/fr\/wp-json\/wp\/v2\/posts"}],"about":[{"href":"https:\/\/www.europesays.com\/fr\/wp-json\/wp\/v2\/types\/post"}],"author":[{"embeddable":true,"href":"https:\/\/www.europesays.com\/fr\/wp-json\/wp\/v2\/users\/2"}],"replies":[{"embeddable":true,"href":"https:\/\/www.europesays.com\/fr\/wp-json\/wp\/v2\/comments?post=178464"}],"version-history":[{"count":0,"href":"https:\/\/www.europesays.com\/fr\/wp-json\/wp\/v2\/posts\/178464\/revisions"}],"wp:featuredmedia":[{"embeddable":true,"href":"https:\/\/www.europesays.com\/fr\/wp-json\/wp\/v2\/media\/178465"}],"wp:attachment":[{"href":"https:\/\/www.europesays.com\/fr\/wp-json\/wp\/v2\/media?parent=178464"}],"wp:term":[{"taxonomy":"category","embeddable":true,"href":"https:\/\/www.europesays.com\/fr\/wp-json\/wp\/v2\/categories?post=178464"},{"taxonomy":"post_tag","embeddable":true,"href":"https:\/\/www.europesays.com\/fr\/wp-json\/wp\/v2\/tags?post=178464"}],"curies":[{"name":"wp","href":"https:\/\/api.w.org\/{rel}","templated":true}]}}