{"id":178466,"date":"2025-06-15T13:40:26","date_gmt":"2025-06-15T13:40:26","guid":{"rendered":"https:\/\/www.europesays.com\/fr\/178466\/"},"modified":"2025-06-15T13:40:26","modified_gmt":"2025-06-15T13:40:26","slug":"jenvisage-la-vallee-comme-un-atelier-a-ciel-ouvert-une-photographe-part-a-la-rencontre-des-habitants-pour-raconter-lhistoire-de-lesteron","status":"publish","type":"post","link":"https:\/\/www.europesays.com\/fr\/178466\/","title":{"rendered":"\u00ab\u00a0J\u2019envisage la vall\u00e9e comme un atelier \u00e0 ciel ouvert\u00a0\u00bb: une photographe part \u00e0 la rencontre des habitants pour raconter l\u2019histoire de l\u2019Est\u00e9ron"},"content":{"rendered":"<p>\u00ab\u00a0J\u2019envisage la vall\u00e9e de l\u2019Est\u00e9ron, tr\u00e9sor de biodiversit\u00e9, comme un atelier \u00e0 ciel ouvert o\u00f9 habitants, visiteurs et professionnels sont invit\u00e9s \u00e0 participer \u00e0 une cr\u00e9ation artistique collective. Leurs liens sensibles, \u00e9conomiques et scientifiques avec le paysage naturel et le monde du vivant seront explor\u00e9s par le prisme de la l\u00e9gende et de ses motifs, merveilleux, fac\u00e9tieux, \u00e9tiologiques, philosophiques.\u00a0\u00bb <strong>C\u00e9lia Pernot<\/strong> a pos\u00e9 son appareil photo et son studio itin\u00e9rant dans la vall\u00e9e de l\u2019Est\u00e9ron.<\/p>\n<p>Au cours de son p\u00e9riple, dans les communes de La Penne, Cu\u00e9bris, Ascros, Sigale, Roquesteron, La Roque-en-Provence et Pierrefeu, <strong>la photographe a rencontr\u00e9 les villageois, qui, au travers de ses photos, ont partag\u00e9 une partie de l\u2019histoire de ces territoires.<\/strong> \u00ab\u00a0Tisser les deux fils du documentaire et du regard plasticien me permettra de livrer une interpr\u00e9tation photographique originale du territoire et de son histoire\u00a0\u00bb, explique-t-elle.<\/p>\n<p>Une invitation \u00ab\u00a0\u00e0 la cr\u00e9ation artistique\u00a0\u00bb<\/p>\n<p>Lutter contre les in\u00e9galit\u00e9s en milieu rural, proposer des actions culturelles qui impliquent les habitants, croiser les approches d\u2019\u00e9ducation \u00e0 l\u2019art et \u00e0 l\u2019environnement sont autant d\u2019objectifs ayant donn\u00e9 naissance \u00e0 la r\u00e9sidence d\u2019artistes \u00ab\u00a0Terres de l\u00e9gendes\u00a0\u00bb.<\/p>\n<p>Le but: sensibiliser \u00e0 la valeur patrimoniale, les espaces naturels et le monde du vivant, \u00e0 travers une cr\u00e9ation photographique originale. Devenu un atelier \u00e0 ciel ouvert, le parc \u00ab\u00a0invite les participants \u00e0 la cr\u00e9ation artistique, \u00e0 d\u00e9couvrir le m\u00e9tier de photographe en exp\u00e9rimentant diverses techniques\u00a0\u00bb.<\/p>\n<p>L\u2019\u00e9ducation artistique et culturelle int\u00e9gr\u00e9e au projet<\/p>\n<p>Originaire de Provence, C\u00e9lia Pernot, qui est \u00e9galement apicultrice, a \u00e9tudi\u00e9 aux Beaux-Arts de Rennes ainsi que dans divers \u00e9tablissements prestigieux et internationaux. Associant approche scientifique et formes artistiques, son travail aborde des probl\u00e9matiques environnementales, sociologiques et humaines.<\/p>\n<p>Dans le cadre du programme d\u2019\u00e9ducation artistique et culturelle, C\u00e9lia propose \u00ab\u00a0des cr\u00e9ations collectives qui impliquent les habitants tout en croisant les approches d\u2019\u00e9ducation \u00e0 l\u2019art et \u00e0 l\u2019environnement\u00a0\u00bb. Le Parc naturel r\u00e9gional des Pr\u00e9alpes d\u2019Azur s\u2019est lanc\u00e9 dans l\u2019aventure avec C\u00e9lia Pernot depuis juin 2024.<\/p>\n<p>La restitution artistique collective de \u00ab\u00a0Terres de l\u00e9gendes\u00a0\u00bb aura lieu en juillet.<\/p>\n","protected":false},"excerpt":{"rendered":"\u00ab\u00a0J\u2019envisage la vall\u00e9e de l\u2019Est\u00e9ron, tr\u00e9sor de biodiversit\u00e9, comme un atelier \u00e0 ciel ouvert o\u00f9 habitants, visiteurs et&hellip;\n","protected":false},"author":2,"featured_media":178467,"comment_status":"","ping_status":"","sticky":false,"template":"","format":"standard","meta":{"footnotes":""},"categories":[1358],"tags":[1348,1384,1385,1386,58,59,1011,27,3366],"class_list":{"0":"post-178466","1":"post","2":"type-post","3":"status-publish","4":"format-standard","5":"has-post-thumbnail","7":"category-arts-et-design","8":"tag-arts","9":"tag-arts-and-design","10":"tag-arts-et-design","11":"tag-design","12":"tag-divertissement","13":"tag-entertainment","14":"tag-fr","15":"tag-france","16":"tag-vie-locale"},"share_on_mastodon":{"url":"https:\/\/pubeurope.com\/@fr\/114687667318637351","error":""},"_links":{"self":[{"href":"https:\/\/www.europesays.com\/fr\/wp-json\/wp\/v2\/posts\/178466","targetHints":{"allow":["GET"]}}],"collection":[{"href":"https:\/\/www.europesays.com\/fr\/wp-json\/wp\/v2\/posts"}],"about":[{"href":"https:\/\/www.europesays.com\/fr\/wp-json\/wp\/v2\/types\/post"}],"author":[{"embeddable":true,"href":"https:\/\/www.europesays.com\/fr\/wp-json\/wp\/v2\/users\/2"}],"replies":[{"embeddable":true,"href":"https:\/\/www.europesays.com\/fr\/wp-json\/wp\/v2\/comments?post=178466"}],"version-history":[{"count":0,"href":"https:\/\/www.europesays.com\/fr\/wp-json\/wp\/v2\/posts\/178466\/revisions"}],"wp:featuredmedia":[{"embeddable":true,"href":"https:\/\/www.europesays.com\/fr\/wp-json\/wp\/v2\/media\/178467"}],"wp:attachment":[{"href":"https:\/\/www.europesays.com\/fr\/wp-json\/wp\/v2\/media?parent=178466"}],"wp:term":[{"taxonomy":"category","embeddable":true,"href":"https:\/\/www.europesays.com\/fr\/wp-json\/wp\/v2\/categories?post=178466"},{"taxonomy":"post_tag","embeddable":true,"href":"https:\/\/www.europesays.com\/fr\/wp-json\/wp\/v2\/tags?post=178466"}],"curies":[{"name":"wp","href":"https:\/\/api.w.org\/{rel}","templated":true}]}}