{"id":178470,"date":"2025-06-15T13:42:12","date_gmt":"2025-06-15T13:42:12","guid":{"rendered":"https:\/\/www.europesays.com\/fr\/178470\/"},"modified":"2025-06-15T13:42:12","modified_gmt":"2025-06-15T13:42:12","slug":"lemission-de-decouverte-de-talents-avec-liam-payne-sera-bien-diffusee-sur-netflix","status":"publish","type":"post","link":"https:\/\/www.europesays.com\/fr\/178470\/","title":{"rendered":"L\u2019\u00e9mission de d\u00e9couverte de talents avec Liam Payne sera bien diffus\u00e9e sur Netflix"},"content":{"rendered":"<p>Netflix a confirm\u00e9 que Building The Band, l\u2019\u00e9mission de d\u00e9couverte de talents \u00e0 laquelle Liam Payne avait particip\u00e9 avant <a href=\"https:\/\/www.20minutes.fr\/arts-stars\/people\/4140847-20250227-mort-liam-payne-nouveau-rapport-toxicologique-revele-taux-alcool-moment-deces\" rel=\"nofollow noopener\" target=\"_blank\" class=\"color-ultramarine c-link\">sa mort tragique<\/a> en octobre\u00a02024, sera bien diffus\u00e9e le 9\u00a0juillet prochain. Une d\u00e9cision prise apr\u00e8s consultation avec la famille de l\u2019ex-membre des One Direction, d\u00e9c\u00e9d\u00e9 \u00e0 l\u2019\u00e2ge de 31 ans des suites <a href=\"https:\/\/www.20minutes.fr\/arts-stars\/culture\/musique\/4118987-20241031-mort-liam-payne-chanteur-suicide-selon-videosurveillance-hotel\" rel=\"nofollow noopener\" target=\"_blank\" class=\"color-ultramarine c-link\">d\u2019une chute<\/a> depuis le balcon d\u2019une chambre d\u2019h\u00f4tel \u00e0 Buenos Aires.<\/p>\n<p>\u00ab\u00a0La famille de Liam Payne a visionn\u00e9 la s\u00e9rie et soutient l\u2019inclusion (des s\u00e9quences o\u00f9 il est pr\u00e9sent)\u00a0\u00bb, a <a href=\"https:\/\/www.hollywoodreporter.com\/tv\/tv-news\/liam-payne-netflix-building-the-band-trailer-1236262457\/\" rel=\"nofollow noopener\" target=\"_blank\" class=\"color-ultramarine c-link\">d\u00e9clar\u00e9<\/a> Netflix dans un communiqu\u00e9 rapport\u00e9 par The Hollywood Reporter. L\u2019ancien chanteur des One Direction avait \u00e9t\u00e9 nomm\u00e9 au jury de cette comp\u00e9tition musicale et avait particip\u00e9 au tournage en ao\u00fbt\u00a02024 aux Aviva Studios de Manchester. Apr\u00e8s sa disparition, les producteurs et sa famille avaient longuement r\u00e9fl\u00e9chi \u00e0 l\u2019opportunit\u00e9 de maintenir sa pr\u00e9sence dans l\u2019\u00e9mission.<\/p>\n<p>Un concept original avec un jury de stars<\/p>\n<p>Building The Band propose un format in\u00e9dit o\u00f9 les musiciens concourent pour former un groupe sans jamais se voir pendant les r\u00e9p\u00e9titions, jusqu\u2019\u00e0 leur performance devant le public. L\u2019\u00e9mission sera pr\u00e9sent\u00e9e par AJ McLean des Backstreet Boys, avec Nicole Scherzinger des <a href=\"https:\/\/www.20minutes.fr\/arts-stars\/people\/4120343-20241110-nicole-scherzinger-robin-antin-creatrice-pussycat-dolls-trouve-accord-apres-trois-ans-proces\" rel=\"nofollow noopener\" target=\"_blank\" class=\"color-ultramarine c-link\">Pussycat Dolls<\/a> comme mentor juge et Kelly Rowland des Destiny\u2019s Child \u00e9galement au jury.<\/p>\n<p>La s\u00e9rie, produite par Remarkable Entertainment, sera diffus\u00e9e sur la plateforme du g\u00e9ant du streaming sur trois semaines avec deux \u00e9pisodes les 9, 16 et 23\u00a0juillet.<\/p>\n","protected":false},"excerpt":{"rendered":"Netflix a confirm\u00e9 que Building The Band, l\u2019\u00e9mission de d\u00e9couverte de talents \u00e0 laquelle Liam Payne avait particip\u00e9&hellip;\n","protected":false},"author":2,"featured_media":178471,"comment_status":"","ping_status":"","sticky":false,"template":"","format":"standard","meta":{"footnotes":""},"categories":[1356],"tags":[31488,58,59,1011,27,127,31487,973,252,1364,133],"class_list":{"0":"post-178470","1":"post","2":"type-post","3":"status-publish","4":"format-standard","5":"has-post-thumbnail","7":"category-television","8":"tag-buenos-aires","9":"tag-divertissement","10":"tag-entertainment","11":"tag-fr","12":"tag-france","13":"tag-netflix","14":"tag-one-direction","15":"tag-people","16":"tag-television","17":"tag-tv","18":"tag-video"},"share_on_mastodon":{"url":"https:\/\/pubeurope.com\/@fr\/114687675190697617","error":""},"_links":{"self":[{"href":"https:\/\/www.europesays.com\/fr\/wp-json\/wp\/v2\/posts\/178470","targetHints":{"allow":["GET"]}}],"collection":[{"href":"https:\/\/www.europesays.com\/fr\/wp-json\/wp\/v2\/posts"}],"about":[{"href":"https:\/\/www.europesays.com\/fr\/wp-json\/wp\/v2\/types\/post"}],"author":[{"embeddable":true,"href":"https:\/\/www.europesays.com\/fr\/wp-json\/wp\/v2\/users\/2"}],"replies":[{"embeddable":true,"href":"https:\/\/www.europesays.com\/fr\/wp-json\/wp\/v2\/comments?post=178470"}],"version-history":[{"count":0,"href":"https:\/\/www.europesays.com\/fr\/wp-json\/wp\/v2\/posts\/178470\/revisions"}],"wp:featuredmedia":[{"embeddable":true,"href":"https:\/\/www.europesays.com\/fr\/wp-json\/wp\/v2\/media\/178471"}],"wp:attachment":[{"href":"https:\/\/www.europesays.com\/fr\/wp-json\/wp\/v2\/media?parent=178470"}],"wp:term":[{"taxonomy":"category","embeddable":true,"href":"https:\/\/www.europesays.com\/fr\/wp-json\/wp\/v2\/categories?post=178470"},{"taxonomy":"post_tag","embeddable":true,"href":"https:\/\/www.europesays.com\/fr\/wp-json\/wp\/v2\/tags?post=178470"}],"curies":[{"name":"wp","href":"https:\/\/api.w.org\/{rel}","templated":true}]}}