{"id":178480,"date":"2025-06-15T13:47:09","date_gmt":"2025-06-15T13:47:09","guid":{"rendered":"https:\/\/www.europesays.com\/fr\/178480\/"},"modified":"2025-06-15T13:47:09","modified_gmt":"2025-06-15T13:47:09","slug":"ces-serviettes-de-plage-ultra-stylees-qui-vont-faire-tourner-les-tetes-cet-ete","status":"publish","type":"post","link":"https:\/\/www.europesays.com\/fr\/178480\/","title":{"rendered":"Ces serviettes de plage ultra styl\u00e9es qui vont faire tourner les t\u00eates cet \u00e9t\u00e9"},"content":{"rendered":"<p class=\"ai-optimize-24 ai-optimize-introduction\">Autrefois rel\u00e9gu\u00e9e au fond du cabas, la serviette de plage s\u2019offre aujourd\u2019hui un retour en fanfare. Fini le simple rectangle de tissu jet\u00e9 entre deux baignades : en 2025, elle s\u2019affiche, se remarque et se revendique comme un objet de style \u00e0 part enti\u00e8re. Pr\u00e9parez-vous, car cet \u00e9t\u00e9, c\u2019est elle qui va voler la vedette sur le sable chaud.<\/p>\n<p>Quand les rayures s\u2019\u00e9mancipent<\/p>\n<p class=\"ai-optimize-26\">Vous pensiez tout conna\u00eetre du motif ray\u00e9\u202f? D\u00e9trompez-vous. Cette saison, il fait peau neuve et s\u2019offre une cure de modernit\u00e9 bien m\u00e9rit\u00e9e. On oublie les sempiternelles bandes bleu marine et blanches, place aux duos inattendus\u202f: vert sauge et sable pour une touche v\u00e9g\u00e9tale chic, bleu nuit et brique pour les fans d\u2019\u00e9l\u00e9gance chaleureuse, ou encore lilas et ivoire pour les personnes qui aiment flirter avec la douceur. Les rayures se d\u00e9clinent dans des versions flout\u00e9es ou irr\u00e9guli\u00e8res, flirtant avec l\u2019artisanat, et offrent une alternative styl\u00e9e pour les amateurs de classique revisit\u00e9.<\/p>\n<blockquote class=\"instagram-media\" style=\"background: #FFF; border: 0; border-radius: 3px; box-shadow: 0 0 1px 0 rgba(0,0,0,0.5),0 1px 10px 0 rgba(0,0,0,0.15); margin: 1px; max-width: 540px; min-width: 326px; padding: 0; width: calc(100% - 2px);\" data-instgrm-permalink=\"https:\/\/www.instagram.com\/p\/DKNU_M0sYSr\/?utm_source=ig_embed&amp;utm_campaign=loading\" data-instgrm-version=\"14\">\n<\/blockquote>\n<p>Le tie and dye fait sa r\u00e9volution<\/p>\n<p class=\"ai-optimize-30\">Oubliez le tie and dye criard de vos ann\u00e9es lyc\u00e9e. En 2025, il revient dans une version apais\u00e9e, plus mature, plus raffin\u00e9e. Des teintes subtiles \u2013 sable, lavande, rose poudr\u00e9 \u2013 s\u2019entrelacent dans des d\u00e9grad\u00e9s \u00e9voquant la surface ondoyante de la mer ou un ciel d\u2019aube sur une crique silencieuse. Le r\u00e9sultat\u202f? Des serviettes qui invitent \u00e0 la d\u00e9tente et subliment toutes les carnations, sans jamais en faire trop. L\u2019art du flou ma\u00eetris\u00e9, en somme.<\/p>\n<p>La touche arty<\/p>\n<p class=\"ai-optimize-32\">Et si votre serviette devenait une \u0153uvre d\u2019art \u00e9ph\u00e9m\u00e8re\u202f? Certaines marques s\u2019emparent de l\u2019univers pictural pour proposer des mod\u00e8les abstraits, inspir\u00e9s de la peinture moderne. Taches de couleurs savamment pos\u00e9es, formes organiques, effets de coups de pinceau\u202f: on est \u00e0 mi-chemin entre le mus\u00e9e d\u2019art contemporain et la plage priv\u00e9e. C\u2019est graphique, c\u2019est \u00e9l\u00e9gant, et \u00e7a ne passera certainement pas inaper\u00e7u.<\/p>\n<p>L\u2019appel du Sud : le retour du style m\u00e9diterran\u00e9en<\/p>\n<p class=\"ai-optimize-28\">Si vous fermez les yeux, sentez-vous le souffle chaud du vent qui caresse les pins parasols\u202f? Voil\u00e0 l\u2019effet des serviettes inspir\u00e9es de l\u2019univers m\u00e9diterran\u00e9en. Entre bleu Majorelle, ocre br\u00fbl\u00e9 et blanc \u00e9clatant, ces mod\u00e8les \u00e9voquent les mosa\u00efques antiques, les fresques murales et les paysages baign\u00e9s de lumi\u00e8re. C\u2019est un v\u00e9ritable hommage textile aux bords de mer italiens, grecs ou andalous. De quoi transformer votre coin de plage en carte postale styl\u00e9e, sans quitter votre transat.<\/p>\n<blockquote class=\"instagram-media\" style=\"background: #FFF; border: 0; border-radius: 3px; box-shadow: 0 0 1px 0 rgba(0,0,0,0.5),0 1px 10px 0 rgba(0,0,0,0.15); margin: 1px; max-width: 540px; min-width: 326px; padding: 0; width: calc(100% - 2px);\" data-instgrm-permalink=\"https:\/\/www.instagram.com\/p\/DHvg_N0A9J9\/?utm_source=ig_embed&amp;utm_campaign=loading\" data-instgrm-version=\"14\">\n<\/blockquote>\n<p>Nature stylis\u00e9e, jungle en version zen<\/p>\n<p class=\"ai-optimize-34\">L\u2019imprim\u00e9 v\u00e9g\u00e9tal, grande tendance de ces derni\u00e8res ann\u00e9es, s\u2019offre cette saison une nouvelle interpr\u00e9tation. Plus besoin d\u2019en faire trop\u202f: adieu feuillages luxuriants fa\u00e7on for\u00eat amazonienne, bonjour finesse des contours, monochromes \u00e9l\u00e9gants et compositions \u00e9pur\u00e9es. On retrouve des motifs presque calligraphi\u00e9s, o\u00f9 la nature se fait plus stylis\u00e9e que sauvage. C\u2019est subtil, apaisant, et cela s\u2019accorde \u00e0 merveille avec <a href=\"https:\/\/www.ma-grande-taille.com\/mode\/femme\/conseils-silhouette\/facons-ingenieuses-nouer-pareo-porter-plage-ville-349963\" rel=\"nofollow noopener\" target=\"_blank\">un par\u00e9o<\/a> en lin ou un maillot une-pi\u00e8ce minimaliste.<\/p>\n<p>Monochrome, mais jamais monotone<\/p>\n<p class=\"ai-optimize-36\">Pour les personnes qui pr\u00e9f\u00e8rent l\u2019\u00e9l\u00e9gance discr\u00e8te aux motifs affirm\u00e9s, les serviettes monochromes sont vos nouvelles alli\u00e9es. Ivoire, lin, charbon ou sable\u202f: des teintes naturelles qui \u00e9voquent la terre, la roche ou la lumi\u00e8re du soleil couchant. Ne vous y trompez pas, ici, tout se joue dans les d\u00e9tails\u202f: gaufrage raffin\u00e9, franges \u00e9paisses, broderies ton sur ton. Une esth\u00e9tique \u00e9pur\u00e9e, mais r\u00e9solument travaill\u00e9e, pour une allure impeccable sur la plage comme au bord de la piscine.<\/p>\n<blockquote class=\"instagram-media\" style=\"background: #FFF; border: 0; border-radius: 3px; box-shadow: 0 0 1px 0 rgba(0,0,0,0.5),0 1px 10px 0 rgba(0,0,0,0.15); margin: 1px; max-width: 540px; min-width: 326px; padding: 0; width: calc(100% - 2px);\" data-instgrm-permalink=\"https:\/\/www.instagram.com\/p\/CwDaUBdIuCE\/?utm_source=ig_embed&amp;utm_campaign=loading\" data-instgrm-version=\"14\">\n<\/blockquote>\n<p>Quand la douceur rime avec conscience<\/p>\n<p class=\"ai-optimize-38\">Une serviette styl\u00e9e, c\u2019est bien. Une serviette styl\u00e9e ET responsable, c\u2019est encore mieux. Cette ann\u00e9e, les marques misent aussi sur des mati\u00e8res \u00e9thiques et confortables\u202f: coton biologique, lin cultiv\u00e9 localement, fibres recycl\u00e9es. Les textures se font plus douces, plus absorbantes, sans pour autant sacrifier la durabilit\u00e9. Mieux encore, certaines serviettes sont tiss\u00e9es \u00e0 la main, dans des ateliers qui valorisent le savoir-faire artisanal et les conditions de travail \u00e9quitables. Un choix qui a du sens \u2013 pour votre peau, pour la plan\u00e8te, et pour vos convictions.<\/p>\n<p class=\"ai-optimize-39\">Plus qu\u2019un objet pratique, la serviette de plage devient ainsi un prolongement de votre look estival. Elle compl\u00e8te votre silhouette selon votre humeur, vos envies ou votre destination. Et avouons-le : il y a quelque chose de profond\u00e9ment satisfaisant \u00e0 d\u00e9rouler une serviette graphique ou chic. Cet \u00e9t\u00e9, ne sous-estimez pas le pouvoir de votre serviette !<\/p>\n<p><script async src=\"\/\/www.instagram.com\/embed.js\"><\/script><\/p>\n","protected":false},"excerpt":{"rendered":"Autrefois rel\u00e9gu\u00e9e au fond du cabas, la serviette de plage s\u2019offre aujourd\u2019hui un retour en fanfare. Fini le&hellip;\n","protected":false},"author":2,"featured_media":178481,"comment_status":"","ping_status":"","sticky":false,"template":"","format":"standard","meta":{"footnotes":""},"categories":[8],"tags":[1111,58,59,2883,1011,27],"class_list":{"0":"post-178480","1":"post","2":"type-post","3":"status-publish","4":"format-standard","5":"has-post-thumbnail","7":"category-divertissement","8":"tag-actu","9":"tag-divertissement","10":"tag-entertainment","11":"tag-ete","12":"tag-fr","13":"tag-france"},"share_on_mastodon":{"url":"https:\/\/pubeurope.com\/@fr\/114687694870018290","error":""},"_links":{"self":[{"href":"https:\/\/www.europesays.com\/fr\/wp-json\/wp\/v2\/posts\/178480","targetHints":{"allow":["GET"]}}],"collection":[{"href":"https:\/\/www.europesays.com\/fr\/wp-json\/wp\/v2\/posts"}],"about":[{"href":"https:\/\/www.europesays.com\/fr\/wp-json\/wp\/v2\/types\/post"}],"author":[{"embeddable":true,"href":"https:\/\/www.europesays.com\/fr\/wp-json\/wp\/v2\/users\/2"}],"replies":[{"embeddable":true,"href":"https:\/\/www.europesays.com\/fr\/wp-json\/wp\/v2\/comments?post=178480"}],"version-history":[{"count":0,"href":"https:\/\/www.europesays.com\/fr\/wp-json\/wp\/v2\/posts\/178480\/revisions"}],"wp:featuredmedia":[{"embeddable":true,"href":"https:\/\/www.europesays.com\/fr\/wp-json\/wp\/v2\/media\/178481"}],"wp:attachment":[{"href":"https:\/\/www.europesays.com\/fr\/wp-json\/wp\/v2\/media?parent=178480"}],"wp:term":[{"taxonomy":"category","embeddable":true,"href":"https:\/\/www.europesays.com\/fr\/wp-json\/wp\/v2\/categories?post=178480"},{"taxonomy":"post_tag","embeddable":true,"href":"https:\/\/www.europesays.com\/fr\/wp-json\/wp\/v2\/tags?post=178480"}],"curies":[{"name":"wp","href":"https:\/\/api.w.org\/{rel}","templated":true}]}}