{"id":178492,"date":"2025-06-15T13:53:34","date_gmt":"2025-06-15T13:53:34","guid":{"rendered":"https:\/\/www.europesays.com\/fr\/178492\/"},"modified":"2025-06-15T13:53:34","modified_gmt":"2025-06-15T13:53:34","slug":"greve-des-agents-territoriaux-a-saint-etienne-des-negociations-mais-pas-dannonce-2","status":"publish","type":"post","link":"https:\/\/www.europesays.com\/fr\/178492\/","title":{"rendered":"Gr\u00e8ve des agents territoriaux \u00e0 Saint-\u00c9tienne : des n\u00e9gociations mais pas d&rsquo;annonce"},"content":{"rendered":"<p>Pr\u00e8s de 200 personnes se sont r\u00e9unies, ce vendredi 13 juin, sur le parvis de l&rsquo;H\u00f4tel de Ville, \u00e0 Saint-\u00c9tienne. Un rassemblement \u00e0 l&rsquo;initiative de la CGT, avant une r\u00e9union de n\u00e9gociations avec le maire, Ga\u00ebl Perdriau.<\/p>\n<p>Une mobilisation \u00ab\u00a0massive\u00a0\u00bb et \u00ab\u00a0d\u00e9termin\u00e9e\u00a0\u00bb.<\/p>\n<p><b>Pr\u00e8s de 200 personnes<\/b> ont r\u00e9pondu, ce vendredi, \u00e0 l&rsquo;appel de la <b>CGT<\/b> avec un rassemblement organis\u00e9 d\u00e8s 7h30 sur le parvis de l&rsquo;H\u00f4tel de Ville. Alors qu&rsquo;une r\u00e9union de n\u00e9gociations \u00e9tait programm\u00e9e avec le maire, Ga\u00ebl Perdriau, le syndicat a d\u00e9pos\u00e9 <a class=\"url\" href=\"https:\/\/radioscoop.com\/infos\/saint-etienne-les-agents-territoriaux-appeles-a-la-greve-ce-vendredi_330892\" target=\"_blank\" rel=\"noopener\">un pr\u00e9avis de gr\u00e8ve<\/a> pour l&rsquo;ensemble de la journ\u00e9e.<\/p>\n<p>Il d\u00e9nonce notamment \u00ab\u00a0le m\u00e9pris\u00a0\u00bb, \u00ab\u00a0l&rsquo;absence de dialogue social\u00a0\u00bb et \u00ab\u00a0des in\u00e9galit\u00e9s de traitement\u00a0\u00bb entre les agents de la Ville et de la M\u00e9tropole. Avec des diff\u00e9rences de r\u00e9mun\u00e9ration <b>entre 300 et 500 euros par mois<\/b>, pour des postes et des qualifications \u00e9quivalentes, selon la CGT.<\/p>\n<p>\u00ab\u00a0Un premier pas\u00a0\u00bb avec 100 euros nets par mois ?<\/p>\n<p>Plusieurs repr\u00e9sentants ont ainsi \u00e9t\u00e9 re\u00e7us en mairie. Ils en sont ressortis pr\u00e8s de deux heures plus tard, <b>sans mesure concr\u00e8te<\/b>, mais avec la promesse d&rsquo;une r\u00e9flexion et d&rsquo;une r\u00e9ponse de la part de la municipalit\u00e9.<\/p>\n<p>\u00ab\u00a0On sait qu&rsquo;en rattrapant l&rsquo;\u00e9cart qu&rsquo;il y a, aujourd&rsquo;hui, entre nous et Saint-\u00c9tienne M\u00e9tropole, cela risquerait de mettre les comptes de la Ville dans le rouge\u00a0\u00bb, reconna\u00eet Mustapha Belguerri, secr\u00e9taire adjoint CGT des territoriaux.\u00a0<\/p>\n<p>\u00ab\u00a0Cela repr\u00e9sente <b>8,6 millions d&rsquo;euros<\/b>. On n&rsquo;est pas dupes. On sait que c&rsquo;est compliqu\u00e9 de sortir \u00e7a chaque ann\u00e9e. Mais les agents ne sont pas gourmands, ajoute-t-il. Ce qu&rsquo;on demande, c&rsquo;est d\u00e9j\u00e0 un premier pas\u00a0\u00bb, \u00e0 savoir <b>100 euros nets par mois<\/b>. Pour \u00ab\u00a0arriver progressivement \u00e0 combler cette diff\u00e9rence entre nous et eux\u00a0\u00bb.<\/p>\n<p>Quant \u00e0 la gr\u00e8ve, qui provoque des perturbations notamment dans les cr\u00e8ches et les cantines, le mouvement s&rsquo;arr\u00eatera en fin de journ\u00e9e. Mais si les syndicats ne re\u00e7oivent aucune nouvelle en juillet, ils comptent lancer une nouvelle mobilisation.<\/p>\n<p><img loading=\"lazy\" decoding=\"async\" src=\"https:\/\/www.europesays.com\/fr\/wp-content\/uploads\/2025\/06\/1749995614_474_img\" width=\"350\" height=\"200\" border=\"0\" title=\"Place de l'h\u00c3\u00b4tel de ville \u00c3\u00a0 Saint-Etienne.\"\/><\/p>\n<p>\u25baSoci\u00e9t\u00e9<\/p>\n<p style=\"font-size: 22px;\"><b>Saint-\u00c9tienne : les agents territoriaux appel\u00e9s \u00e0 la gr\u00e8ve ce vendredi<\/b><\/p>\n<p>La CGT organise un rassemblement, ce vendredi 13&#8230;<\/p>\n<p><\/p>\n","protected":false},"excerpt":{"rendered":"Pr\u00e8s de 200 personnes se sont r\u00e9unies, ce vendredi 13 juin, sur le parvis de l&rsquo;H\u00f4tel de Ville,&hellip;\n","protected":false},"author":2,"featured_media":173389,"comment_status":"","ping_status":"","sticky":false,"template":"","format":"standard","meta":{"footnotes":""},"categories":[9653],"tags":[1111,11,6891,2430,1271,1777,674,1011,27,10956,30853,12,24321,25,4001,30854],"class_list":{"0":"post-178492","1":"post","2":"type-post","3":"status-publish","4":"format-standard","5":"has-post-thumbnail","7":"category-saint-etienne","8":"tag-actu","9":"tag-actualites","10":"tag-agents","11":"tag-auvergne-rhone-alpes","12":"tag-cgt","13":"tag-eu","14":"tag-europe","15":"tag-fr","16":"tag-france","17":"tag-grve","18":"tag-ngociation","19":"tag-news","20":"tag-perdriau","21":"tag-republique-francaise","22":"tag-saint-etienne","23":"tag-territoriaux"},"share_on_mastodon":{"url":"https:\/\/pubeurope.com\/@fr\/114687718608164950","error":""},"_links":{"self":[{"href":"https:\/\/www.europesays.com\/fr\/wp-json\/wp\/v2\/posts\/178492","targetHints":{"allow":["GET"]}}],"collection":[{"href":"https:\/\/www.europesays.com\/fr\/wp-json\/wp\/v2\/posts"}],"about":[{"href":"https:\/\/www.europesays.com\/fr\/wp-json\/wp\/v2\/types\/post"}],"author":[{"embeddable":true,"href":"https:\/\/www.europesays.com\/fr\/wp-json\/wp\/v2\/users\/2"}],"replies":[{"embeddable":true,"href":"https:\/\/www.europesays.com\/fr\/wp-json\/wp\/v2\/comments?post=178492"}],"version-history":[{"count":0,"href":"https:\/\/www.europesays.com\/fr\/wp-json\/wp\/v2\/posts\/178492\/revisions"}],"wp:featuredmedia":[{"embeddable":true,"href":"https:\/\/www.europesays.com\/fr\/wp-json\/wp\/v2\/media\/173389"}],"wp:attachment":[{"href":"https:\/\/www.europesays.com\/fr\/wp-json\/wp\/v2\/media?parent=178492"}],"wp:term":[{"taxonomy":"category","embeddable":true,"href":"https:\/\/www.europesays.com\/fr\/wp-json\/wp\/v2\/categories?post=178492"},{"taxonomy":"post_tag","embeddable":true,"href":"https:\/\/www.europesays.com\/fr\/wp-json\/wp\/v2\/tags?post=178492"}],"curies":[{"name":"wp","href":"https:\/\/api.w.org\/{rel}","templated":true}]}}