{"id":178493,"date":"2025-06-15T13:54:28","date_gmt":"2025-06-15T13:54:28","guid":{"rendered":"https:\/\/www.europesays.com\/fr\/178493\/"},"modified":"2025-06-15T13:54:28","modified_gmt":"2025-06-15T13:54:28","slug":"saint-etienne-deux-adolescents-de-14-et-15-ans-meurent-noyes-dans-une-zone-interdite-a-la-baignade-femme-actuelle-le-mag","status":"publish","type":"post","link":"https:\/\/www.europesays.com\/fr\/178493\/","title":{"rendered":"Saint-\u00c9tienne : deux adolescents de 14 et 15 ans meurent noy\u00e9s dans une zone interdite \u00e0 la baignade : Femme Actuelle Le MAG"},"content":{"rendered":"<p>Les temp\u00e9ratures tr\u00e8s \u00e9lev\u00e9es de ce samedi 14 juin 2025 \u00e9taient propices \u00e0 la baignade dans la r\u00e9gion de Saint-\u00c9tienne. Pour se rafra\u00eechir, de nombreux habitants se sont rendues \u00e0 la base nautique de Saint-Victor-sur-Loire. Cependant, un groupe d&rsquo;une quinzaine de jeunes a d\u00e9cid\u00e9 de se baigner dans une zone sauvage des bords de Loire <a href=\"https:\/\/www.femmeactuelle.fr\/actu\/news-actu\/pourquoi-certaines-plages-sont-elles-interdites-a-la-baignade-2158714\" rel=\"nofollow noopener\" target=\"_blank\">interdite \u00e0 la baignade<\/a>, pr\u00e8s de Saint-\u00c9tienne (Loire). Selon des informations diffus\u00e9es par le m\u00e9dia <a href=\"https:\/\/www.leprogres.fr\/faits-divers-justice\/2025\/06\/14\/deux-adolescents-meurent-noyes-dans-la-loire?at_content=link&amp;at_term=Leprogresloire&amp;at_campaign=Twitter&amp;at_medium=Social&amp;at_source=nonli\" rel=\"nofollow noopener\" target=\"_blank\">Le Progr\u00e8s<\/a>, les adolescents \u00ab\u00a0se sont rendus, en bus, de Saint-\u00c9tienne \u00e0 Unieux, avant de marcher pendant 2 km sur un chemin escarp\u00e9 vers La Noirie, un lieu-dit en bordure du fleuve \u00e0 cheval entre les territoires de Saint-Victor-sur-Loire et d\u2019Unieux \u00e0 proximit\u00e9 du Pertuiset\u00a0\u00bb. C&rsquo;est \u00e0 cet endroit que les faits tragiques se sont d\u00e9roul\u00e9s. En effet, comme l&rsquo;indique le maire de Saint-\u00c9tienne Ga\u00ebl Perdriau qui s&rsquo;est exprim\u00e9 dans une publication Facebook, la premi\u00e8re victime a \u00ab\u00a0saut\u00e9 dans l\u2019eau <a href=\"https:\/\/www.femmeactuelle.fr\/sante\/news-sante\/les-noyades-ont-augmente-de-facon-preoccupante-pendant-lete-2024-les-reflexes-a-connaitre-pour-prevenir-les-risques-2193478\" rel=\"nofollow noopener\" target=\"_blank\">et s\u2019est retrouv\u00e9 en difficult\u00e9<\/a>, happ\u00e9 par la profondeur. Deux de ses amis ont tent\u00e9 de lui porter secours. L\u2019un d\u2019eux a lui aussi \u00e9t\u00e9 emport\u00e9\u00a0\u00bb. Les adolescents ont imm\u00e9diatement appel\u00e9 les pompiers qui se sont rapidement rendus sur place malgr\u00e9 les difficult\u00e9s d\u2019acc\u00e8s. \u00ab\u00a0Ils ont pu localiser les deux victimes, en arr\u00eat cardio-respiratoire, et les remonter \u00e0 la surface. Le Samu, \u00e0 bord de son h\u00e9licopt\u00e8re qui s\u2019est pos\u00e9 sur le terrain de foot d\u2019Unieux, est vite venu en renfort\u00a0\u00bb, explique le quotidien Le Progr\u00e8s. Malgr\u00e9 les tentatives de r\u00e9animation qui ont dur\u00e9 de longues dizaines de minutes, l&rsquo;un des deux adolescents a \u00e9t\u00e9 d\u00e9clar\u00e9 mort sur place. Son ami a quant \u00e0 lui pu \u00eatre bri\u00e8vement ranim\u00e9, mais il est d\u00e9c\u00e9d\u00e9 durant le trajet en direction de l\u2019h\u00f4pital.<\/p>\n<p>    Les autres adolescents du groupe sont sous le choc<\/p>\n<p>Profond\u00e9ment boulevers\u00e9s, les autres membres du groupe ont \u00e9t\u00e9 entendus comme t\u00e9moins au commissariat de Saint-\u00c9tienne. Une cellule de soutien psychologique y a \u00e9t\u00e9 rapidement mise en place pour accompagner ces adolescents sous le choc. Le maire de la ville, Ga\u00ebl Perdriau, s\u2019est rendu tr\u00e8s rapidement sur les lieux peu apr\u00e8s avoir \u00e9t\u00e9 inform\u00e9. Il a \u00e9galement adress\u00e9 un message de soutien sur son compte Facebook : \u00ab\u00a0je veux d\u2019abord exprimer ma profonde reconnaissance aux secours qui ont tout tent\u00e9 avec professionnalisme et humanit\u00e9. Et je pense, du fond du c\u0153ur, aux familles de ces deux jeunes gar\u00e7ons. \u00c0 leur douleur, \u00e0 leur sid\u00e9ration, \u00e0 l\u2019incompr\u00e9hensible brutalit\u00e9 de ce qu\u2019elles traversent. Je leur adresse, en mon nom et au nom de la Ville de Saint-\u00c9tienne, toute ma compassion, ma sympathie et mes condol\u00e9ances les plus sinc\u00e8res\u00a0\u00bb. Le pr\u00e9fet de la Loire, de son c\u00f4t\u00e9, a exprim\u00e9 sa vive \u00e9motion dans un message publi\u00e9 sur X : \u00ab\u00a0Ce drame suscite une tr\u00e8s forte \u00e9motion et rappelle, en cette p\u00e9riode de fortes chaleurs propices \u00e0 la baignade, que celle-ci comporte des risques et n\u00e9cessite d&rsquo;adopter les bons r\u00e9flexes pour les pr\u00e9venir\u00a0\u00bb. Ce tragique accident<a href=\"https:\/\/www.femmeactuelle.fr\/sante\/news-sante\/noyades-les-6-recommandations-de-loms-pour-prevenir-les-risques-2139272\" rel=\"nofollow noopener\" target=\"_blank\"> fait \u00e9cho \u00e0 d\u2019autres noyades <\/a>survenues ces derni\u00e8res ann\u00e9es dans la m\u00eame zone. Comme le rappellent nos confr\u00e8res du m\u00e9dia Le Progr\u00e8s, en ao\u00fbt 2020, un jeune homme de 21 ans avait perdu la vie dans la base nautique de Saint-Victor-sur-Loire. En juillet 2023, un adolescent de 15 ans s\u2019\u00e9tait noy\u00e9 dans une zone non surveill\u00e9e \u00e0 proximit\u00e9.<\/p>\n","protected":false},"excerpt":{"rendered":"Les temp\u00e9ratures tr\u00e8s \u00e9lev\u00e9es de ce samedi 14 juin 2025 \u00e9taient propices \u00e0 la baignade dans la r\u00e9gion&hellip;\n","protected":false},"author":2,"featured_media":178494,"comment_status":"","ping_status":"","sticky":false,"template":"","format":"standard","meta":{"footnotes":""},"categories":[9653],"tags":[119,1111,31493,11,2430,25981,1129,3348,1777,674,6348,1011,27,31491,2487,25983,12,7781,25,4001,31492,31495,31494],"class_list":{"0":"post-178493","1":"post","2":"type-post","3":"status-publish","4":"format-standard","5":"has-post-thumbnail","7":"category-saint-etienne","8":"tag-accident","9":"tag-actu","10":"tag-actu-news","11":"tag-actualites","12":"tag-auvergne-rhone-alpes","13":"tag-channel-la-minute-people","14":"tag-climat","15":"tag-drame","16":"tag-eu","17":"tag-europe","18":"tag-flux","19":"tag-fr","20":"tag-france","21":"tag-guid-6272825001001","22":"tag-meteo","23":"tag-minute-people","24":"tag-news","25":"tag-noyade","26":"tag-republique-francaise","27":"tag-saint-etienne","28":"tag-uuid-faf9881f-4f70-48a5-a14a-6d471d27b80e","29":"tag-wochit-pigiste","30":"tag-wochit-pigistes"},"share_on_mastodon":{"url":"https:\/\/pubeurope.com\/@fr\/114687722322460900","error":""},"_links":{"self":[{"href":"https:\/\/www.europesays.com\/fr\/wp-json\/wp\/v2\/posts\/178493","targetHints":{"allow":["GET"]}}],"collection":[{"href":"https:\/\/www.europesays.com\/fr\/wp-json\/wp\/v2\/posts"}],"about":[{"href":"https:\/\/www.europesays.com\/fr\/wp-json\/wp\/v2\/types\/post"}],"author":[{"embeddable":true,"href":"https:\/\/www.europesays.com\/fr\/wp-json\/wp\/v2\/users\/2"}],"replies":[{"embeddable":true,"href":"https:\/\/www.europesays.com\/fr\/wp-json\/wp\/v2\/comments?post=178493"}],"version-history":[{"count":0,"href":"https:\/\/www.europesays.com\/fr\/wp-json\/wp\/v2\/posts\/178493\/revisions"}],"wp:featuredmedia":[{"embeddable":true,"href":"https:\/\/www.europesays.com\/fr\/wp-json\/wp\/v2\/media\/178494"}],"wp:attachment":[{"href":"https:\/\/www.europesays.com\/fr\/wp-json\/wp\/v2\/media?parent=178493"}],"wp:term":[{"taxonomy":"category","embeddable":true,"href":"https:\/\/www.europesays.com\/fr\/wp-json\/wp\/v2\/categories?post=178493"},{"taxonomy":"post_tag","embeddable":true,"href":"https:\/\/www.europesays.com\/fr\/wp-json\/wp\/v2\/tags?post=178493"}],"curies":[{"name":"wp","href":"https:\/\/api.w.org\/{rel}","templated":true}]}}