{"id":178497,"date":"2025-06-15T13:57:10","date_gmt":"2025-06-15T13:57:10","guid":{"rendered":"https:\/\/www.europesays.com\/fr\/178497\/"},"modified":"2025-06-15T13:57:10","modified_gmt":"2025-06-15T13:57:10","slug":"tres-lourde-sanction-pour-nancy-pour-feter-son-retour-en-ligue-2-france-as-nancy-lorraine","status":"publish","type":"post","link":"https:\/\/www.europesays.com\/fr\/178497\/","title":{"rendered":"Tr\u00e8s lourde sanction pour Nancy pour \u00ab\u202ff\u00eater\u202f\u00bb son retour en Ligue 2 &#8211; France &#8211; AS Nancy Lorraine"},"content":{"rendered":"<p>Sanction imm\u00e9diate.<\/p>\n<p><a target=\"_blank\" href=\"https:\/\/www.estrepublicain.fr\/sport\/2025\/06\/12\/sanction-record-contre-l-as-nancy-lorraine-au-moins-quatre-matchs-a-huis-clos-pour-commencer-le-championnat-de-ligue-2\" rel=\"nofollow noopener\">Selon les informations de l\u2019Est r\u00e9publicain<\/a> que So Foot\u00a0est en mesure de confirmer, <strong>l\u2019AS Nancy-Lorraine a \u00e9t\u00e9 lourdement sanctionn\u00e9e par la commission de discipline de la F\u00e9d\u00e9ration fran\u00e7aise de football<\/strong> (FFF) \u00e0 la suite de l\u2019utilisation d\u2019engins pyrotechniques lors du match du 18 avril contre Aubagne, <strong>organis\u00e9 pour c\u00e9l\u00e9brer le 15e anniversaire des Saturdays FC, ultras du club<\/strong>.<\/p>\n<p>Pour cette f\u00eate non autoris\u00e9e, le club devra disputer, <a target=\"_blank\" href=\"https:\/\/www.sofoot.com\/articles\/pablo-correa-entraineur-de-las-nancy-lorraine-promue-en-ligue-2-la-frustration-a-ete-un-moteur-dans-ma-vie\" rel=\"nofollow noopener\">pour son retour en Ligue 2<\/a>, au moins quatre matchs \u00e0 huis clos.<\/p>\n<p>Deux matchs en suspens<\/p>\n<p class=\"my-0\">Cette d\u00e9cision intervient \u00e0 un moment particulier, seulement quelques jours apr\u00e8s le lancement de la campagne d\u2019abonnement.\u00a0<strong>L\u2019addition pourrait \u00eatre encore plus sal\u00e9e pour l\u2019ASNL, puisque le club risque deux autres matchs \u00e0 huis clos<\/strong> en raison d\u2019incidents survenus contre Sochaux en f\u00e9vrier dernier. <strong>Le club avait fait appel<\/strong>, et la d\u00e9cision n\u2019a toujours pas \u00e9t\u00e9 rendue.<\/p>\n<p>Vive le foot populaire, hein.<\/p>\n<p>\t\t\t\t\t\t\t\t\t\t<a class=\"lien-connexe\" href=\"https:\/\/www.sofoot.com\/breves\/en-national-le-mans-accompagne-nancy-en-ligue-1-chateauroux-officiellement-relegue-en-national-2\" rel=\"nofollow noopener\" target=\"_blank\">Le Mans monte en Ligue 2, Boulogne devra attendre, Ch\u00e2teauroux chute en National 2<\/a>\t\t\t\t\t<\/p>\n","protected":false},"excerpt":{"rendered":"Sanction imm\u00e9diate. Selon les informations de l\u2019Est r\u00e9publicain que So Foot\u00a0est en mesure de confirmer, l\u2019AS Nancy-Lorraine a&hellip;\n","protected":false},"author":2,"featured_media":178498,"comment_status":"","ping_status":"","sticky":false,"template":"","format":"standard","meta":{"footnotes":""},"categories":[9635],"tags":[1111,47,11,61,69,65,64,1777,674,63,1011,27,775,68,66,1702,12,62,70,25,67],"class_list":{"0":"post-178497","1":"post","2":"type-post","3":"status-publish","4":"format-standard","5":"has-post-thumbnail","7":"category-nancy","8":"tag-actu","9":"tag-actualite","10":"tag-actualites","11":"tag-actus-football","12":"tag-bundesliga","13":"tag-championnats-europeens","14":"tag-equipe-de-france","15":"tag-eu","16":"tag-europe","17":"tag-football","18":"tag-fr","19":"tag-france","20":"tag-grand-est","21":"tag-ligua","22":"tag-ligue-1","23":"tag-nancy","24":"tag-news","25":"tag-news-foot","26":"tag-premier-league","27":"tag-republique-francaise","28":"tag-serie-a"},"share_on_mastodon":{"url":"https:\/\/pubeurope.com\/@fr\/114687734126633835","error":""},"_links":{"self":[{"href":"https:\/\/www.europesays.com\/fr\/wp-json\/wp\/v2\/posts\/178497","targetHints":{"allow":["GET"]}}],"collection":[{"href":"https:\/\/www.europesays.com\/fr\/wp-json\/wp\/v2\/posts"}],"about":[{"href":"https:\/\/www.europesays.com\/fr\/wp-json\/wp\/v2\/types\/post"}],"author":[{"embeddable":true,"href":"https:\/\/www.europesays.com\/fr\/wp-json\/wp\/v2\/users\/2"}],"replies":[{"embeddable":true,"href":"https:\/\/www.europesays.com\/fr\/wp-json\/wp\/v2\/comments?post=178497"}],"version-history":[{"count":0,"href":"https:\/\/www.europesays.com\/fr\/wp-json\/wp\/v2\/posts\/178497\/revisions"}],"wp:featuredmedia":[{"embeddable":true,"href":"https:\/\/www.europesays.com\/fr\/wp-json\/wp\/v2\/media\/178498"}],"wp:attachment":[{"href":"https:\/\/www.europesays.com\/fr\/wp-json\/wp\/v2\/media?parent=178497"}],"wp:term":[{"taxonomy":"category","embeddable":true,"href":"https:\/\/www.europesays.com\/fr\/wp-json\/wp\/v2\/categories?post=178497"},{"taxonomy":"post_tag","embeddable":true,"href":"https:\/\/www.europesays.com\/fr\/wp-json\/wp\/v2\/tags?post=178497"}],"curies":[{"name":"wp","href":"https:\/\/api.w.org\/{rel}","templated":true}]}}