{"id":178515,"date":"2025-06-15T14:08:08","date_gmt":"2025-06-15T14:08:08","guid":{"rendered":"https:\/\/www.europesays.com\/fr\/178515\/"},"modified":"2025-06-15T14:08:08","modified_gmt":"2025-06-15T14:08:08","slug":"le-trafic-cts-tres-perturbe-a-partir-de-ce-lundi-plusieurs-arrets-du-centre-ville-non-desservis","status":"publish","type":"post","link":"https:\/\/www.europesays.com\/fr\/178515\/","title":{"rendered":"le trafic CTS tr\u00e8s perturb\u00e9 \u00e0 partir de ce lundi, plusieurs arr\u00eats du centre-ville non desservis"},"content":{"rendered":"<p>            Par<br \/>\n        <strong><br \/>\n            <a href=\"https:\/\/actu.fr\/auteur\/ivan-capecchi\" title=\"Consulter tous les articles de Ivan CAPECCHI\" target=\"_blank\" rel=\"noopener\">Ivan CAPECCHI<\/a><br \/>\n        <\/strong><\/p>\n<p>        Publi\u00e9 le<\/p>\n<p>            15 juin 2025 \u00e0 15h00        <\/p>\n<p>Des <a href=\"https:\/\/actu.fr\/tag\/travaux\" target=\"_blank\" rel=\"noopener\">travaux<\/a> majeurs vont impacter le <strong>r\u00e9seau tram de Strasbourg entre le 16 juin et le 22 ao\u00fbt 2025<\/strong>.<\/p>\n<p>Deux grandes phases de travaux<\/p>\n<p class=\" wall-content\">Deux p\u00e9riodes d\u2019interruption sont pr\u00e9vues :<\/p>\n<ul class=\" wall-content\">\n<li>Du 16 juin au 25 juillet, <strong>les trams A et D ne circuleront plus entre Homme de Fer et Poteries \/ Parc des Sports<\/strong>.<\/li>\n<li>Du 28 juillet au 22 ao\u00fbt, ce sont<strong> les lignes C et D qui seront coup\u00e9es entre Landsberg et Neuhof \/ Kehl<\/strong>.<\/li>\n<\/ul>\n<p class=\" wall-content\">Des <strong>bus de remplacement<\/strong> circuleront toutes les 6 \u00e0 8 minutes sur les tron\u00e7ons concern\u00e9s, entre 4h30 et 0h30. Plusieurs lignes et modes alternatifs (tram C, lignes B, F, G, C8, bus 2, <a href=\"https:\/\/actu.fr\/grand-est\/strasbourg_67482\/velhop-en-libre-service-pourquoi-nous-oblige-t-on-a-rendre-le-velo-la-ou-on-l-a-pris_61547464.html\" target=\"_blank\" rel=\"noopener\">V\u00e9lhop<\/a>) permettront de contourner les coupures.<\/p>\n<p>Vid\u00e9os : en ce moment sur ActuMaintenance des rails et chantiers connexes<\/p>\n<p class=\" wall-content\">Ces interruptions s\u2019expliquent par des<strong> travaux de maintenance des rails<\/strong>, arriv\u00e9s en fin de vie, mais aussi par <strong>d\u2019importants chantiers connexes<\/strong> :<\/p>\n<ul class=\" wall-content\">\n<li>\u00c0 la gare : r\u00e9novation des six escalators, du tunnel, remplacement de l\u2019\u00e9clairage et cr\u00e9ation d\u2019une fresque.<\/li>\n<li>\u00c0 Ducs d\u2019Alsace : installation d\u2019une rampe pour am\u00e9liorer l\u2019accessibilit\u00e9.<\/li>\n<li>\u00c0 Poteries : interventions li\u00e9es \u00e0 l\u2019extension de la ligne F (signalisation, ligne a\u00e9rienne, sous-station).<\/li>\n<\/ul>\n<p>La CTS recommande aux usagers d\u2019anticiper leurs trajets<\/p>\n<p class=\" wall-content\">Un <strong>dispositif d\u2019accompagnement renforc\u00e9<\/strong> est pr\u00e9vu : agents sur le terrain, signal\u00e9tique orange, information temps r\u00e9el sur l\u2019appli et le site CTS, annonces sonores et d\u00e9pliants.<\/p>\n<p class=\" wall-content\">Des renforts sont \u00e9galement pr\u00e9vus lors d\u2019\u00e9v\u00e9nements comme la <a href=\"https:\/\/actu.fr\/grand-est\/strasbourg_67482\/strasbourg-cette-annee-la-fete-de-la-musique-finira-plus-tard-voici-pourquoi_62698537.html\" target=\"_blank\" rel=\"noopener\">f\u00eate de la musique<\/a> ou le <a href=\"https:\/\/actu.fr\/grand-est\/strasbourg_67482\/fete-nationale-du-14-juillet-a-strasbourg-voici-les-horaires-et-le-lieu-du-feu-d-artifice-en-2025_62704976.html\" target=\"_blank\" rel=\"noopener\">14 juillet<\/a>.<\/p>\n<p class=\" wall-content\">La CTS recommande aux usagers <strong>d\u2019anticiper leurs trajets<\/strong> et de consulter les outils num\u00e9riques pour suivre l\u2019\u00e9tat du trafic.<\/p>\n<p class=\" wall-content\">Suivez toute l\u2019actualit\u00e9 de vos villes et m\u00e9dias favoris en vous inscrivant \u00e0 <a href=\"https:\/\/moncompte.actu.fr\" title=\"D\u00e9couvez Mon Actu\" rel=\"nofollow noopener\" data-trk=\"{&quot;cta&quot;:{&quot;action&quot;:&quot;https:\\\/\\\/moncompte.actu.fr&quot;,&quot;category&quot;:&quot;mon compte&quot;,&quot;from&quot;:&quot;article footer&quot;,&quot;name&quot;:&quot;Mon actu&quot;,&quot;type&quot;:&quot;cta&quot;}}\" target=\"_blank\">Mon Actu<\/a>.<\/p>\n<ul class=\"ac-article-tag wall-content\">\n<li><a href=\"https:\/\/actu.fr\/tag\/compagnie-des-transports-strasbourgeois-cts\" data-trk=\"{&quot;cta&quot;:{&quot;action&quot;:&quot;Compagnie des transports strasbourgeois (CTS)&quot;,&quot;category&quot;:&quot;tag&quot;,&quot;from&quot;:&quot;article footer&quot;,&quot;name&quot;:&quot;Compagnie des transports strasbourgeois (CTS)&quot;,&quot;type&quot;:&quot;cta&quot;}}\" target=\"_blank\" rel=\"noopener\">#Compagnie des transports strasbourgeois (CTS)<\/a><\/li>\n<li><a href=\"https:\/\/actu.fr\/tag\/travaux\" data-trk=\"{&quot;cta&quot;:{&quot;action&quot;:&quot;Travaux&quot;,&quot;category&quot;:&quot;tag&quot;,&quot;from&quot;:&quot;article footer&quot;,&quot;name&quot;:&quot;Travaux&quot;,&quot;type&quot;:&quot;cta&quot;}}\" target=\"_blank\" rel=\"noopener\">#Travaux<\/a><\/li>\n<\/ul>\n","protected":false},"excerpt":{"rendered":"Par Ivan CAPECCHI Publi\u00e9 le 15 juin 2025 \u00e0 15h00 Des travaux majeurs vont impacter le r\u00e9seau tram&hellip;\n","protected":false},"author":2,"featured_media":150869,"comment_status":"","ping_status":"","sticky":false,"template":"","format":"standard","meta":{"footnotes":""},"categories":[2820],"tags":[1111,11,7344,1777,674,1011,27,775,12,25,104,640,2086],"class_list":{"0":"post-178515","1":"post","2":"type-post","3":"status-publish","4":"format-standard","5":"has-post-thumbnail","7":"category-strasbourg","8":"tag-actu","9":"tag-actualites","10":"tag-compagnie-des-transports-strasbourgeois-cts","11":"tag-eu","12":"tag-europe","13":"tag-fr","14":"tag-france","15":"tag-grand-est","16":"tag-news","17":"tag-republique-francaise","18":"tag-societe","19":"tag-strasbourg","20":"tag-travaux"},"share_on_mastodon":{"url":"https:\/\/pubeurope.com\/@fr\/114687777521620263","error":""},"_links":{"self":[{"href":"https:\/\/www.europesays.com\/fr\/wp-json\/wp\/v2\/posts\/178515","targetHints":{"allow":["GET"]}}],"collection":[{"href":"https:\/\/www.europesays.com\/fr\/wp-json\/wp\/v2\/posts"}],"about":[{"href":"https:\/\/www.europesays.com\/fr\/wp-json\/wp\/v2\/types\/post"}],"author":[{"embeddable":true,"href":"https:\/\/www.europesays.com\/fr\/wp-json\/wp\/v2\/users\/2"}],"replies":[{"embeddable":true,"href":"https:\/\/www.europesays.com\/fr\/wp-json\/wp\/v2\/comments?post=178515"}],"version-history":[{"count":0,"href":"https:\/\/www.europesays.com\/fr\/wp-json\/wp\/v2\/posts\/178515\/revisions"}],"wp:featuredmedia":[{"embeddable":true,"href":"https:\/\/www.europesays.com\/fr\/wp-json\/wp\/v2\/media\/150869"}],"wp:attachment":[{"href":"https:\/\/www.europesays.com\/fr\/wp-json\/wp\/v2\/media?parent=178515"}],"wp:term":[{"taxonomy":"category","embeddable":true,"href":"https:\/\/www.europesays.com\/fr\/wp-json\/wp\/v2\/categories?post=178515"},{"taxonomy":"post_tag","embeddable":true,"href":"https:\/\/www.europesays.com\/fr\/wp-json\/wp\/v2\/tags?post=178515"}],"curies":[{"name":"wp","href":"https:\/\/api.w.org\/{rel}","templated":true}]}}