{"id":178516,"date":"2025-06-15T14:09:09","date_gmt":"2025-06-15T14:09:09","guid":{"rendered":"https:\/\/www.europesays.com\/fr\/178516\/"},"modified":"2025-06-15T14:09:09","modified_gmt":"2025-06-15T14:09:09","slug":"grace-kazadi-ex-ol-lyonnes-signe-a-strasbourg","status":"publish","type":"post","link":"https:\/\/www.europesays.com\/fr\/178516\/","title":{"rendered":"Grace Kazadi (ex-OL Lyonnes) signe \u00e0 Strasbourg"},"content":{"rendered":"<p>                            <img width=\"770\" height=\"433\" src=\"https:\/\/www.europesays.com\/fr\/wp-content\/uploads\/2025\/06\/Grace-Kazadi-770x433.jpg\" class=\"attachment-article size-article wp-post-image\" alt=\"\" decoding=\"async\" fetchpriority=\"high\"  \/><\/p>\n<p>Grace Kazadi quitte l\u2019Olympique Lyonnais. @OLF\u00e9minin<\/p>\n<p>Form\u00e9e \u00e0 l&rsquo;OL Lyonnes, puis transf\u00e9r\u00e9e \u00e0 Guingamp en 2022, Grace Kazadi restera en Premi\u00e8re Ligue. La d\u00e9fenseure s&rsquo;est engag\u00e9e avec Strasbourg.<\/p>\n<p>Elle aura port\u00e9 une seule fois le maillot de l&rsquo;OL Lyonnes, en d\u00e9cembre 2021. A 20 ans, Grace <strong>Kazadi <\/strong>fait ses d\u00e9buts chez <a href=\"https:\/\/www.olympique-et-lyonnais.com\/ol-mercato-grace-kazadi-signe-son-premier-contrat-pro,175727.html\" rel=\"nofollow noopener\" target=\"_blank\">les professionnels<\/a> contre Benfica en Ligue des champions. Mais la Francilienne ne r\u00e9ussira jamais \u00e0 s&rsquo;imposer au sein du club rhodanien. Ce dernier la pr\u00eatera \u00e0 deux reprises en Espagne, \u00e0 l&rsquo;<strong>Atl\u00e9tico de Madrid<\/strong>\u00a0lors de l&rsquo;exercice 2020-2021, puis au FC S\u00e9ville en 2022. <\/p>\n<p>Apr\u00e8s ces deux exp\u00e9riences \u00e0 l&rsquo;\u00e9tranger, il \u00e9tait temps pour la d\u00e9fenseure de trouver un nouveau projet afin de lancer d\u00e9finitivement sa carri\u00e8re. A 21 ans, elle quitte le Rh\u00f4ne pour la Bretagne. Elle s&rsquo;engage en faveur de <a href=\"https:\/\/www.olympique-et-lyonnais.com\/ol-mercato-grace-kazadi-transferee-a-guingamp,263977.html\" rel=\"nofollow noopener\" target=\"_blank\">l&rsquo;En-Avant Guingamp<\/a> en juillet 2022. <\/p>\n<p>Sous contrat jusqu&rsquo;en 2027<\/p>\n<p>Trois plus ans plus tard, l&rsquo;internationale fran\u00e7aise (deux s\u00e9lections en 2021) change de club en cette intersaison. Si la formation guingampaise est rel\u00e9gu\u00e9e en Seconde Ligue au terme de l&rsquo;exercice 2024-2025, Kazadi \u00e9voluera bien en Premi\u00e8re Ligue en 2025-2026. Elle rejoint Strasbourg, promu l&rsquo;an pass\u00e9 et maintenu \u00e0 la derni\u00e8re journ\u00e9e, ce qu&rsquo;a officialis\u00e9 l&rsquo;\u00e9quipe alsacienne samedi. <\/p>\n<p>Elle a paraph\u00e9 un contrat de trois ans avec le Racing, soit jusqu&rsquo;en 2027. Elle \u00e9voluera sous les ordres de Vincent <strong>Nogueira<\/strong>, avec l&rsquo;ambition de p\u00e9renniser le groupe strasbourgeois au plus haut niveau hexagonal.  <\/p>\n","protected":false},"excerpt":{"rendered":"Grace Kazadi quitte l\u2019Olympique Lyonnais. @OLF\u00e9minin Form\u00e9e \u00e0 l&rsquo;OL Lyonnes, puis transf\u00e9r\u00e9e \u00e0 Guingamp en 2022, Grace Kazadi&hellip;\n","protected":false},"author":2,"featured_media":178517,"comment_status":"","ping_status":"","sticky":false,"template":"","format":"standard","meta":{"footnotes":""},"categories":[2820],"tags":[1111,11,1777,674,1011,27,31497,775,1434,12,25,640],"class_list":{"0":"post-178516","1":"post","2":"type-post","3":"status-publish","4":"format-standard","5":"has-post-thumbnail","7":"category-strasbourg","8":"tag-actu","9":"tag-actualites","10":"tag-eu","11":"tag-europe","12":"tag-fr","13":"tag-france","14":"tag-grace-kazadi","15":"tag-grand-est","16":"tag-mercato","17":"tag-news","18":"tag-republique-francaise","19":"tag-strasbourg"},"share_on_mastodon":{"url":"https:\/\/pubeurope.com\/@fr\/114687781445200464","error":""},"_links":{"self":[{"href":"https:\/\/www.europesays.com\/fr\/wp-json\/wp\/v2\/posts\/178516","targetHints":{"allow":["GET"]}}],"collection":[{"href":"https:\/\/www.europesays.com\/fr\/wp-json\/wp\/v2\/posts"}],"about":[{"href":"https:\/\/www.europesays.com\/fr\/wp-json\/wp\/v2\/types\/post"}],"author":[{"embeddable":true,"href":"https:\/\/www.europesays.com\/fr\/wp-json\/wp\/v2\/users\/2"}],"replies":[{"embeddable":true,"href":"https:\/\/www.europesays.com\/fr\/wp-json\/wp\/v2\/comments?post=178516"}],"version-history":[{"count":0,"href":"https:\/\/www.europesays.com\/fr\/wp-json\/wp\/v2\/posts\/178516\/revisions"}],"wp:featuredmedia":[{"embeddable":true,"href":"https:\/\/www.europesays.com\/fr\/wp-json\/wp\/v2\/media\/178517"}],"wp:attachment":[{"href":"https:\/\/www.europesays.com\/fr\/wp-json\/wp\/v2\/media?parent=178516"}],"wp:term":[{"taxonomy":"category","embeddable":true,"href":"https:\/\/www.europesays.com\/fr\/wp-json\/wp\/v2\/categories?post=178516"},{"taxonomy":"post_tag","embeddable":true,"href":"https:\/\/www.europesays.com\/fr\/wp-json\/wp\/v2\/tags?post=178516"}],"curies":[{"name":"wp","href":"https:\/\/api.w.org\/{rel}","templated":true}]}}