{"id":178518,"date":"2025-06-15T14:10:10","date_gmt":"2025-06-15T14:10:10","guid":{"rendered":"https:\/\/www.europesays.com\/fr\/178518\/"},"modified":"2025-06-15T14:10:10","modified_gmt":"2025-06-15T14:10:10","slug":"attentat-a-la-basilique-de-nice-les-policiers-nationaux-enfin-reconnus-parties-civiles","status":"publish","type":"post","link":"https:\/\/www.europesays.com\/fr\/178518\/","title":{"rendered":"Attentat \u00e0 la basilique de Nice: les policiers nationaux enfin reconnus parties civiles"},"content":{"rendered":"<p>\u00ab\u00a0Lorsque j\u2019arrive \u00e0 la Basilique Notre-Dame, je vois des fourmis bleues partout. C\u2019est-\u00e0-dire que \u00e7a court de partout et personne ne sait ce qu\u2019il y a \u00e0 faire.\u00a0\u00bb<\/p>\n<p>Le chaos est total, rappelle Marc (1), policier national. Ses hommes et lui sont arriv\u00e9s moins de cinq minutes apr\u00e8s les \u00e9quipes de la police municipale de Nice.<\/p>\n<p>Ils ont vu l\u2019horreur de leurs propres yeux, pris d\u2019\u00e9normes risques en p\u00e9n\u00e9trant dans l\u2019\u00e9difice.\u00a0\u00ab\u00a0On ne conna\u00eet pas le nombre de victimes, on ne conna\u00eet pas le nombre d\u2019auteurs. Et en plus, on nous parle de deux sacs pi\u00e9g\u00e9s\u00a0\u00bb, rappelle-t-il.<\/p>\n<p>Il a fallu progresser vers l\u2019inconnu et cr\u00e9er une zone d\u2019exclusion avant l\u2019arriv\u00e9e des \u00e9quipes du Raid.<\/p>\n<p>Pourtant, jusqu\u2019au proc\u00e8s qui s\u2019est tenu en f\u00e9vrier \u00e0 Paris, les policiers nationaux intervenus lors de l\u2019attentat de la basilique Notre-Dame de Nice, le 29 octobre 2020, n\u2019\u00e9taient m\u00eame pas reconnus comme parties civiles (2).<\/p>\n<p>Totalement oubli\u00e9s de l\u2019instruction, c\u2019est gr\u00e2ce au travail de leur avocate, Ma\u00eetre \u00c9milie Farrugia, qu\u2019ils ont pu enfin faire entendre leur voix.<\/p>\n<p>                                Une reconnaissance tardive, mais essentielle<\/p>\n<p>Alors que la police municipale est rapidement mise en avant par les autorit\u00e9s locales, la police nationale, elle, reste dans l\u2019ombre. \u00ab\u00a0On s\u2019est senti abandonn\u00e9s\u00a0\u00bb, souffle Marc.<\/p>\n<p>Il raconte la solitude, la reprise rapide du travail, les stigmates physiques et psychologiques et surtout, l\u2019absence de suivi: \u00ab\u00a0Un psychologue, on en a vu deux, trois fois. Et apr\u00e8s, si vous ne le faites pas de votre propre initiative, c\u2019est fini. Vous repartez.\u00a0\u00bb<\/p>\n<p>Me Farrugia, qui a rejoint le dossier apr\u00e8s la cl\u00f4ture de l\u2019instruction, explique leur d\u00e9marche: \u00ab\u00a0Se faire reconna\u00eetre partie civile, je pense que pour beaucoup de fonctionnaires et pour le syndicat Alliance Police national, c\u2019\u00e9tait tr\u00e8s tr\u00e8s important, car il ne faut pas oublier que certains ont d\u00e9missionn\u00e9 apr\u00e8s cet attentat. \u00c7a va les aider \u00e0 franchir une \u00e9tape psychologique.\u00a0\u00bb.<\/p>\n<p>                                Une v\u00e9rit\u00e9 r\u00e9v\u00e9l\u00e9e<\/p>\n<p>Il a fallu se battre. Leur constitution en partie civile, qui a \u00e9t\u00e9 reconnue il y a peu par la Cour, a m\u00eame \u00e9t\u00e9 remise en cause d\u00e8s le premier jour d\u2019audience, car \u00ab\u00a0il y a eu un jugement incident sur la recevabilit\u00e9\u00a0\u00bb, souligne Me Farrugia.<\/p>\n<p>Mais le combat a \u00e9t\u00e9 victorieux: \u00ab\u00a0On a fini \u00e0 12. On a eu z\u00e9ro perte du moment o\u00f9 on a d\u00e9cid\u00e9 de se constituer.\u00a0\u00bb. <\/p>\n<p>Et leurs t\u00e9moignages ont marqu\u00e9 comme le pr\u00e9cise Marc. \u00ab\u2005On a beaucoup \u00e9clair\u00e9 la juridiction sur comment \u00e7a s\u2019\u00e9tait vraiment d\u00e9roul\u00e9 \u00e0 l\u2019int\u00e9rieur. Il y a une partie de l\u2019histoire qui n\u2019avait pas \u00e9t\u00e9 r\u00e9v\u00e9l\u00e9e.\u2005\u00bb Sans, toutefois, insiste Marc, \u00ab\u00a0remettre en cause l\u2019action qui a \u00e9t\u00e9 men\u00e9e par la police municipale ce matin-l\u00e0\u00a0\u00bb.\u00a0<\/p>\n<p>1. Le pr\u00e9nom a \u00e9t\u00e9 chang\u00e9.<\/p>\n<p>2. Une partie civile est une personne qui s\u2019estime victime d\u2019une infraction et intervient dans la proc\u00e9dure p\u00e9nale pour demander la r\u00e9paration de son pr\u00e9judice.<\/p>\n","protected":false},"excerpt":{"rendered":"\u00ab\u00a0Lorsque j\u2019arrive \u00e0 la Basilique Notre-Dame, je vois des fourmis bleues partout. C\u2019est-\u00e0-dire que \u00e7a court de partout&hellip;\n","protected":false},"author":2,"featured_media":178519,"comment_status":"","ping_status":"","sticky":false,"template":"","format":"standard","meta":{"footnotes":""},"categories":[2819],"tags":[1111,11,1777,674,1011,27,303,12,2401,882,25],"class_list":{"0":"post-178518","1":"post","2":"type-post","3":"status-publish","4":"format-standard","5":"has-post-thumbnail","7":"category-nice","8":"tag-actu","9":"tag-actualites","10":"tag-eu","11":"tag-europe","12":"tag-fr","13":"tag-france","14":"tag-justice","15":"tag-news","16":"tag-nice","17":"tag-provence-alpes-cote-dazur","18":"tag-republique-francaise"},"share_on_mastodon":{"url":"https:\/\/pubeurope.com\/@fr\/114687785364715462","error":""},"_links":{"self":[{"href":"https:\/\/www.europesays.com\/fr\/wp-json\/wp\/v2\/posts\/178518","targetHints":{"allow":["GET"]}}],"collection":[{"href":"https:\/\/www.europesays.com\/fr\/wp-json\/wp\/v2\/posts"}],"about":[{"href":"https:\/\/www.europesays.com\/fr\/wp-json\/wp\/v2\/types\/post"}],"author":[{"embeddable":true,"href":"https:\/\/www.europesays.com\/fr\/wp-json\/wp\/v2\/users\/2"}],"replies":[{"embeddable":true,"href":"https:\/\/www.europesays.com\/fr\/wp-json\/wp\/v2\/comments?post=178518"}],"version-history":[{"count":0,"href":"https:\/\/www.europesays.com\/fr\/wp-json\/wp\/v2\/posts\/178518\/revisions"}],"wp:featuredmedia":[{"embeddable":true,"href":"https:\/\/www.europesays.com\/fr\/wp-json\/wp\/v2\/media\/178519"}],"wp:attachment":[{"href":"https:\/\/www.europesays.com\/fr\/wp-json\/wp\/v2\/media?parent=178518"}],"wp:term":[{"taxonomy":"category","embeddable":true,"href":"https:\/\/www.europesays.com\/fr\/wp-json\/wp\/v2\/categories?post=178518"},{"taxonomy":"post_tag","embeddable":true,"href":"https:\/\/www.europesays.com\/fr\/wp-json\/wp\/v2\/tags?post=178518"}],"curies":[{"name":"wp","href":"https:\/\/api.w.org\/{rel}","templated":true}]}}