{"id":178522,"date":"2025-06-15T14:12:14","date_gmt":"2025-06-15T14:12:14","guid":{"rendered":"https:\/\/www.europesays.com\/fr\/178522\/"},"modified":"2025-06-15T14:12:14","modified_gmt":"2025-06-15T14:12:14","slug":"lart-du-recit-se-deploie-dans-ce-quartier-de-nantes","status":"publish","type":"post","link":"https:\/\/www.europesays.com\/fr\/178522\/","title":{"rendered":"L\u2019art du r\u00e9cit se d\u00e9ploie dans ce quartier de Nantes"},"content":{"rendered":"<p>Pour la 5e ann\u00e9e cons\u00e9cutive, le <a href=\"https:\/\/www.festivalheroines.com\/\" rel=\"nofollow noopener\" target=\"_blank\">festival H\u00e9ro\u00efnes de 7\u00a0lieux <\/a>va investir et envo\u00fbter le quartier Bellevue. Fid\u00e8le \u00e0 sa recette la manifestation et toujours pilot\u00e9e par la compagnie La Lune Rousse, l\u2019\u00e9v\u00e9nement proposera plus d\u2019une dizaine de spectacles, dont trois\u00a0cr\u00e9ations dans sept\u00a0lieux insolites et solidaires (cuisine, cours, ateliers coutures, appartements\u2026) du quartier.<\/p>\n<p>R\u00e9unissant des conteuses et autres artistes de l\u2019oralit\u00e9 venus des quatre\u00a0coins de l\u2019hexagone et se voulant un \u00e9v\u00e9nement r\u00e9solument populaire, le festival entend exalter la magie de la parole tout en rendant hommage, non seulement au dynamisme du quartier, mais surtout aux femmes.<\/p>\n<p>La po\u00e9sie au coeur du festival<\/p>\n<p>Si les princesses et les f\u00e9es seront comme il se doit bien pr\u00e9sentes, nombre de spectacles, en \u00e9quilibres entre t\u00e9moignages et fiction, rendront \u00e9galement hommage aux h\u00e9ro\u00efnes du quotidien. S\u2019il est impossible de d\u00e9tailler la programmation, nul doute que la relecture des mille et une nuits par Anne-Ga\u00ebl Gauducheau, retiendra l\u2019attention. Le 22\u00a0juin, lors d\u2019une balade sur la Loire et l\u2019Erdre, l\u2019artiste entend faire red\u00e9couvrir la figure mythique de Sh\u00e9h\u00e9razade, cette reine des conteuses qui sut, par ses seules paroles, calmer un roi fou.<\/p>\n<p>Le 6\u00a0juillet C\u00e9line Ripoll emm\u00e8nera le public, avec son spectacle Aotearoa, au c\u0153ur de l\u2019imaginaire Maori. Moins exotique, Karine Mazel aura propos\u00e9, d\u00e8s le 27\u00a0juin, des consultations po\u00e9tiques de rue. L\u2019artiste, misant sur l\u2019impr\u00e9vu, part en effet du principe que de n\u2019importe quel \u00e9change la po\u00e9sie pouvait surgir.<\/p>\n<p>Outre les spectacles, le festival propose \u00e9galement des causeries prometteuses. Le 30\u00a0juin, Jean-Marc Vigouroux entend, avec naissance d\u2019une fiction, rendre justice aux femmes cin\u00e9astes injustement oubli\u00e9es des manuels du 7e art. Et le 29\u00a0juin, l\u2019universitaire In\u00e8s Cazalas, marraine de l\u2019\u00e9dition, s\u2019exprimera sur le th\u00e8me Contes et \u00e9cologie, s\u2019interrogeant sur les liens suppos\u00e9s entre figure f\u00e9minine et concept de nature.<\/p>\n<p>Festival des arts du r\u00e9cit, du 15\u00a0juin au 30\u00a0juillet, quartier Grand Bellevue. Programme\u00a0: www.festivalheroines.com. Entr\u00e9e libre sauf le spectacle croisi\u00e8re \u00ab\u00a0Sh\u00e9h\u00e9razade, tisserande des nuits\u00a0\u00bb (tarif 30\u00a0\u20ac)<\/p>\n<p>\u00a0<\/p>\n","protected":false},"excerpt":{"rendered":"Pour la 5e ann\u00e9e cons\u00e9cutive, le festival H\u00e9ro\u00efnes de 7\u00a0lieux va investir et envo\u00fbter le quartier Bellevue. Fid\u00e8le&hellip;\n","protected":false},"author":2,"featured_media":178523,"comment_status":"","ping_status":"","sticky":false,"template":"","format":"standard","meta":{"footnotes":""},"categories":[2818],"tags":[1111,11,3734,12188,1777,674,1011,27,766,12,2636,5775,1699,25],"class_list":{"0":"post-178522","1":"post","2":"type-post","3":"status-publish","4":"format-standard","5":"has-post-thumbnail","7":"category-nantes","8":"tag-actu","9":"tag-actualites","10":"tag-art","11":"tag-deploie","12":"tag-eu","13":"tag-europe","14":"tag-fr","15":"tag-france","16":"tag-nantes","17":"tag-news","18":"tag-pays-de-la-loire","19":"tag-quartier","20":"tag-recit","21":"tag-republique-francaise"},"share_on_mastodon":{"url":"https:\/\/pubeurope.com\/@fr\/114687793327713997","error":""},"_links":{"self":[{"href":"https:\/\/www.europesays.com\/fr\/wp-json\/wp\/v2\/posts\/178522","targetHints":{"allow":["GET"]}}],"collection":[{"href":"https:\/\/www.europesays.com\/fr\/wp-json\/wp\/v2\/posts"}],"about":[{"href":"https:\/\/www.europesays.com\/fr\/wp-json\/wp\/v2\/types\/post"}],"author":[{"embeddable":true,"href":"https:\/\/www.europesays.com\/fr\/wp-json\/wp\/v2\/users\/2"}],"replies":[{"embeddable":true,"href":"https:\/\/www.europesays.com\/fr\/wp-json\/wp\/v2\/comments?post=178522"}],"version-history":[{"count":0,"href":"https:\/\/www.europesays.com\/fr\/wp-json\/wp\/v2\/posts\/178522\/revisions"}],"wp:featuredmedia":[{"embeddable":true,"href":"https:\/\/www.europesays.com\/fr\/wp-json\/wp\/v2\/media\/178523"}],"wp:attachment":[{"href":"https:\/\/www.europesays.com\/fr\/wp-json\/wp\/v2\/media?parent=178522"}],"wp:term":[{"taxonomy":"category","embeddable":true,"href":"https:\/\/www.europesays.com\/fr\/wp-json\/wp\/v2\/categories?post=178522"},{"taxonomy":"post_tag","embeddable":true,"href":"https:\/\/www.europesays.com\/fr\/wp-json\/wp\/v2\/tags?post=178522"}],"curies":[{"name":"wp","href":"https:\/\/api.w.org\/{rel}","templated":true}]}}