{"id":178528,"date":"2025-06-15T14:15:11","date_gmt":"2025-06-15T14:15:11","guid":{"rendered":"https:\/\/www.europesays.com\/fr\/178528\/"},"modified":"2025-06-15T14:15:11","modified_gmt":"2025-06-15T14:15:11","slug":"girondins-les-u15-feminines-remportent-la-coupe-de-nouvelle-aquitaine","status":"publish","type":"post","link":"https:\/\/www.europesays.com\/fr\/178528\/","title":{"rendered":"Girondins : Les U15 f\u00e9minines remportent la Coupe de Nouvelle-Aquitaine"},"content":{"rendered":"<p><img decoding=\"async\" src=\"https:\/\/www.europesays.com\/fr\/wp-content\/uploads\/2025\/06\/671_aed63f20f5707ca2a72404138821d930.jpg\" alt=\"Girondins : Les U15 f\u00e9minines remportent la Coupe de Nouvelle-Aquitaine\" class=\"img-responsive mt-3\"\/><\/p>\n<p class=\"text-center mb-3\" style=\"font-size: 14px\">\u00a9 Iconsport<\/p>\n<p style=\"text-align: justify;\">C&rsquo;est un troph\u00e9e de plus pour les f\u00e9minines des Girondins de Bordeaux cette saison. Apr\u00e8s la mont\u00e9e en D3 et le titre de Champion de R\u00e9gional 1, les U15 fu FCGB gagnent la Coupe de Nouvelle-Aquitaine en battant la Bastidienne 5 buts \u00e0 1.<\/p>\n<p style=\"text-align: justify;\">Apr\u00e8s une premi\u00e8re mi-temps \u00e0 l&rsquo;avantage des bordelaises (En bleu) qui m\u00e8nent 4 \u00e0 0 et dominent largement les d\u00e9bats dans le jeu, les Bastidiennes, en rouge, arrivent \u00e0 r\u00e9duire le score. Le club historique bordelais se procure un p\u00e9nalty qui sera rat\u00e9 passant \u00e0 droite du but.<\/p>\n<p style=\"text-align: justify;\">Enfin, les Girondines marquent le dernier but \u00e0 10 minutes de la fin de la rencontre pour sceller le score 5 buts \u00e0 1.<\/p>\n<p style=\"text-align: justify;\">Les buteuses bordelaises : Chlo\u00e9 Pilhon, Ana Da Silva, Inaya Golonka, Lina El Aoula (x2) pour Bordeaux. Jabor Malak pour La Bastidienne.<\/p>\n<p style=\"text-align: justify;\">L&rsquo;\u00e9quipe UNE des Girondins de Bordeaux joue \u00e0 16h la finale de la Coupe face au Pau FC.<\/p>\n<p>Images de la remise du troph\u00e9e :<\/p>\n<p>\u00a0<\/p>\n<p>Djino Fort\u00e9 socio de WebGirondins.<\/p>\n<p>\u00a0<\/p>\n<p style=\"text-align: justify;\">\u00c0 lire aussi &gt;&gt; <strong><a href=\"https:\/\/www.webgirondins.com\/actualite-girondins-girondins-le-verdict-du-tribunal-reporte-au-24-juin-la-dncg-en-ligne-de-mire-129411\" target=\"_blank\" rel=\"noopener\">Le verdict du tribunal report\u00e9 au 24 juin, la DNCG en ligne de mire<\/a><br \/><\/strong><\/p>\n<p>Notre podcast court \u00e0 \u00e9couter :<\/p>\n<p>\u00a0<\/p>\n","protected":false},"excerpt":{"rendered":"\u00a9 Iconsport C&rsquo;est un troph\u00e9e de plus pour les f\u00e9minines des Girondins de Bordeaux cette saison. Apr\u00e8s la&hellip;\n","protected":false},"author":2,"featured_media":178529,"comment_status":"","ping_status":"","sticky":false,"template":"","format":"standard","meta":{"footnotes":""},"categories":[2817],"tags":[1111,11,3177,31501,1997,12475,615,6664,1777,674,2823,12300,1011,27,1987,3687,31500,31499,12,2043,2219,6798,31498,25,2259],"class_list":{"0":"post-178528","1":"post","2":"type-post","3":"status-publish","4":"format-standard","5":"has-post-thumbnail","7":"category-bordeaux","8":"tag-actu","9":"tag-actualites","10":"tag-aquitaine","11":"tag-bastidienne","12":"tag-bordeaux","13":"tag-buts","14":"tag-coupe","15":"tag-dimanche","16":"tag-eu","17":"tag-europe","18":"tag-face","19":"tag-feminines","20":"tag-fr","21":"tag-france","22":"tag-girondins","23":"tag-juin","24":"tag-menesterol","25":"tag-montpon","26":"tag-news","27":"tag-nouvelle","28":"tag-nouvelle-aquitaine","29":"tag-remporte","30":"tag-remportent","31":"tag-republique-francaise","32":"tag-score"},"share_on_mastodon":{"url":"https:\/\/pubeurope.com\/@fr\/114687804975834413","error":""},"_links":{"self":[{"href":"https:\/\/www.europesays.com\/fr\/wp-json\/wp\/v2\/posts\/178528","targetHints":{"allow":["GET"]}}],"collection":[{"href":"https:\/\/www.europesays.com\/fr\/wp-json\/wp\/v2\/posts"}],"about":[{"href":"https:\/\/www.europesays.com\/fr\/wp-json\/wp\/v2\/types\/post"}],"author":[{"embeddable":true,"href":"https:\/\/www.europesays.com\/fr\/wp-json\/wp\/v2\/users\/2"}],"replies":[{"embeddable":true,"href":"https:\/\/www.europesays.com\/fr\/wp-json\/wp\/v2\/comments?post=178528"}],"version-history":[{"count":0,"href":"https:\/\/www.europesays.com\/fr\/wp-json\/wp\/v2\/posts\/178528\/revisions"}],"wp:featuredmedia":[{"embeddable":true,"href":"https:\/\/www.europesays.com\/fr\/wp-json\/wp\/v2\/media\/178529"}],"wp:attachment":[{"href":"https:\/\/www.europesays.com\/fr\/wp-json\/wp\/v2\/media?parent=178528"}],"wp:term":[{"taxonomy":"category","embeddable":true,"href":"https:\/\/www.europesays.com\/fr\/wp-json\/wp\/v2\/categories?post=178528"},{"taxonomy":"post_tag","embeddable":true,"href":"https:\/\/www.europesays.com\/fr\/wp-json\/wp\/v2\/tags?post=178528"}],"curies":[{"name":"wp","href":"https:\/\/api.w.org\/{rel}","templated":true}]}}