{"id":178532,"date":"2025-06-15T14:17:09","date_gmt":"2025-06-15T14:17:09","guid":{"rendered":"https:\/\/www.europesays.com\/fr\/178532\/"},"modified":"2025-06-15T14:17:09","modified_gmt":"2025-06-15T14:17:09","slug":"de-jungeli-a-yuri-buenaventura-depuis-le-rio-loco-toulouse","status":"publish","type":"post","link":"https:\/\/www.europesays.com\/fr\/178532\/","title":{"rendered":"De Jungeli \u00e0 Yuri Buenaventura, depuis le Rio Loco (Toulouse)"},"content":{"rendered":"<p>\n                                                Pendant cinq jours et depuis trente ans se tient, \u00e0 Toulouse, dans le sud-ouest de la France, le Rio Loco : un \u00e9v\u00e8nement singulier dans le paysage des festivals d\u2019\u00e9t\u00e9 fran\u00e7ais et internationaux. Pour comprendre comment et pourquoi, on vous immerge au plus pr\u00e8s de ceux qui le rendent possible : son \u00e9quipe, son public et bien s\u00fbr aussi sa constellation d&rsquo;artistes. \u00c7a va briller !                    <\/p>\n<p>Avec la complicit\u00e9 de <strong>Fabien Lherisson<\/strong>, directeur du <a href=\"https:\/\/rio-loco.org\/\" target=\"_blank\" rel=\"noopener\">Rio Loco<\/a><strong> <\/strong>et d<strong>&lsquo;<\/strong><strong>Elvire Delagrange<\/strong>, moiti\u00e9 d&rsquo;un duo de programmateurs-d\u00e9nicheurs de talents !<\/p>\n<p>\u00a0<\/p>\n<p style=\"text-align:center\"><strong>La selecta<\/strong><\/p>\n<p><strong>1\/ <a href=\"https:\/\/www.instagram.com\/lenine\/?hl=fr\" target=\"_blank\" rel=\"noopener\">LENINE<\/a> x <a href=\"https:\/\/www.instagram.com\/spokfrevo.oficial\/?locale=fr_FR&amp;hl=en\" target=\"_blank\" rel=\"noopener\">SPOKFREVO ORQUESTRA\u00a0<\/a> &#8211; \u00ab\u00a0Jack Soul Brasileiro\u00a0\u00bb <\/strong>(live)<\/p>\n<p><strong>2\/ <a href=\"https:\/\/www.instagram.com\/auntyrayzor\/?hl=fr\" target=\"_blank\" rel=\"noopener\">AUNTY RAZOR<\/a> &#8211; \u00ab\u00a0Murder\u00a0\u00bb, <\/strong>extrait de Viral Wreckage (Hakuna Kulala &#8211; 2023)<\/p>\n<p><strong>3\/ <a href=\"https:\/\/www.instagram.com\/jungeli_\/\" target=\"_blank\" rel=\"noopener\">JUNGELI <\/a>\u2013 \u00ab\u00a0Petit g\u00e9nie\u00a0\u00bb et \u00ab\u00a0Nous deux\u00a0\u00bb<\/strong>, extrait de En attendant pour le peuple (Next generation \/ 2054 Records \/ Fulgu Prod &#8211; 2024)<\/p>\n<p><strong>4\/ <a href=\"https:\/\/www.instagram.com\/kassav_official\/\" target=\"_blank\" rel=\"noopener\">KASSAV&rsquo;<\/a><\/strong> (live)<\/p>\n<p><strong>5\/<a href=\"https:\/\/www.instagram.com\/yuri_buenaventura\/\" target=\"_blank\" rel=\"noopener\"> YURI BUENAVENTURA<\/a> &#8211; \u00ab\u00a0Tu Y Yo\u00a0\u00bb<\/strong>, extrait de Amame (Vivienne Music)<\/p>\n<p><strong>6\/ <a href=\"https:\/\/www.instagram.com\/chloemoimusic\/\" target=\"_blank\" rel=\"noopener\">CHLO\u00cbMOI<\/a> x <a href=\"https:\/\/www.instagram.com\/iamlykuin\/?hl=fr\" target=\"_blank\" rel=\"noopener\">LYKUIN <\/a>&#8211; \u00ab\u00a0Sentiment\u00a0\u00bb<\/strong>, extrait de 65th Avenue (Avision &#8211; 2025)<strong> <\/strong><\/p>\n<p><strong>7\/ LEONOR HARISPE (<a href=\"https:\/\/www.instagram.com\/cuartetotafi\/?hl=fr\" target=\"_blank\" rel=\"noopener\">Cuarteto Tafi<\/a>) x <a href=\"https:\/\/www.instagram.com\/beccarogercruz\/\" target=\"_blank\" rel=\"noopener\">REBECCA ROGER CRUZ<\/a> &#8211; <\/strong>\u00ab\u00a0Tonada de Luna Llena\u00a0\u00bb (a capella)<\/p>\n<p><strong>8\/ <a href=\"https:\/\/www.instagram.com\/3600bpm\/?hl=fr\" target=\"_blank\" rel=\"noopener\">MYSTIQUE<\/a><\/strong><a href=\"https:\/\/www.instagram.com\/3600bpm\/?hl=fr\" target=\"_blank\" rel=\"noopener\"> <\/a>(live)<\/p>\n<p>Retrouvez le set engag\u00e9 et survolt\u00e9 de<strong> <\/strong><a href=\"https:\/\/www.youtube.com\/watch?v=1h4qsgwXfOM\" target=\"_blank\" rel=\"noopener\">Mystique<\/a>, mais aussi celui de parisienne <a href=\"https:\/\/www.youtube.com\/watch?v=jBOVFTxitJQ\" target=\"_blank\" rel=\"noopener\">Andy 4000<\/a>, de la kenyane Coco Em et de l\u2019ougandais <a href=\"https:\/\/www.youtube.com\/watch?v=B2lno2d8GwM\" target=\"_blank\" rel=\"noopener\">Faizall Mostrixx <\/a>dans la Mixbox de <a href=\"https:\/\/www.youtube.com\/@rfimusique_fr\" target=\"_blank\" rel=\"noopener\">RFI Musique<\/a> !<\/p>\n<p>\u00a0<\/p>\n<p>B.P.M. &#8211; La Rencontre<\/p>\n<p>Une fois par mois, <strong>Bonnes Pulsations du Monde<\/strong> s\u2019arr\u00eate toute enti\u00e8re aupr\u00e8s d\u2019un artiste, le temps d\u2019une rencontre intime qui m\u00eale sa vie \u00e0 son \u0153uvre, en le suivant dans un festival, dans son quartier ou alors sur les itin\u00e9raires familiers qui sont ceux de son inspiration.<\/p>\n<p>C&rsquo;est <strong><a href=\"https:\/\/www.rfi.fr\/fr\/podcasts\/sessionlab\/#podcast-about\" target=\"_self\" rel=\"noopener\">B.P.M. \u2013 La Rencontre<\/a><\/strong>\u00a0 : une conversation en toute intimit\u00e9 et en audio 3D (ou son spatialis\u00e9) au c\u0153ur des musiques et de leurs cr\u00e9ateurs !<\/p>\n<p>                <script async src=\"\/\/www.instagram.com\/embed.js\"><\/script><\/p>\n","protected":false},"excerpt":{"rendered":"Pendant cinq jours et depuis trente ans se tient, \u00e0 Toulouse, dans le sud-ouest de la France, le&hellip;\n","protected":false},"author":2,"featured_media":178533,"comment_status":"","ping_status":"","sticky":false,"template":"","format":"standard","meta":{"footnotes":""},"categories":[2816],"tags":[1111,11,31503,31502,2548,11500,1777,674,1011,27,28156,14980,873,12,2680,3616,25,3621,31504,2312,31505],"class_list":{"0":"post-178532","1":"post","2":"type-post","3":"status-publish","4":"format-standard","5":"has-post-thumbnail","7":"category-toulouse","8":"tag-actu","9":"tag-actualites","10":"tag-afropop","11":"tag-bonnes-pulsations-du-monde","12":"tag-bresil","13":"tag-electro","14":"tag-eu","15":"tag-europe","16":"tag-fr","17":"tag-france","18":"tag-jungeli","19":"tag-kassav","20":"tag-musique","21":"tag-news","22":"tag-occitanie","23":"tag-rap","24":"tag-republique-francaise","25":"tag-rnb","26":"tag-salsa","27":"tag-toulouse","28":"tag-zouk"},"share_on_mastodon":{"url":"https:\/\/pubeurope.com\/@fr\/114687812723883180","error":""},"_links":{"self":[{"href":"https:\/\/www.europesays.com\/fr\/wp-json\/wp\/v2\/posts\/178532","targetHints":{"allow":["GET"]}}],"collection":[{"href":"https:\/\/www.europesays.com\/fr\/wp-json\/wp\/v2\/posts"}],"about":[{"href":"https:\/\/www.europesays.com\/fr\/wp-json\/wp\/v2\/types\/post"}],"author":[{"embeddable":true,"href":"https:\/\/www.europesays.com\/fr\/wp-json\/wp\/v2\/users\/2"}],"replies":[{"embeddable":true,"href":"https:\/\/www.europesays.com\/fr\/wp-json\/wp\/v2\/comments?post=178532"}],"version-history":[{"count":0,"href":"https:\/\/www.europesays.com\/fr\/wp-json\/wp\/v2\/posts\/178532\/revisions"}],"wp:featuredmedia":[{"embeddable":true,"href":"https:\/\/www.europesays.com\/fr\/wp-json\/wp\/v2\/media\/178533"}],"wp:attachment":[{"href":"https:\/\/www.europesays.com\/fr\/wp-json\/wp\/v2\/media?parent=178532"}],"wp:term":[{"taxonomy":"category","embeddable":true,"href":"https:\/\/www.europesays.com\/fr\/wp-json\/wp\/v2\/categories?post=178532"},{"taxonomy":"post_tag","embeddable":true,"href":"https:\/\/www.europesays.com\/fr\/wp-json\/wp\/v2\/tags?post=178532"}],"curies":[{"name":"wp","href":"https:\/\/api.w.org\/{rel}","templated":true}]}}