{"id":178534,"date":"2025-06-15T14:19:31","date_gmt":"2025-06-15T14:19:31","guid":{"rendered":"https:\/\/www.europesays.com\/fr\/178534\/"},"modified":"2025-06-15T14:19:31","modified_gmt":"2025-06-15T14:19:31","slug":"100-dessus-dessous-evenements","status":"publish","type":"post","link":"https:\/\/www.europesays.com\/fr\/178534\/","title":{"rendered":"100 Dessus Dessous \/ \u00c9v\u00e9nements"},"content":{"rendered":"<p>\n                                                                                                                            Du 18 juillet<br \/>au 3 ao\u00fbt 2025\n                                                                                    <\/p>\n<p class=\"subtitle\">\u00e0 <strong><br \/>\nGare Saint Sauveur, Th\u00e9\u00e2tre de la Verri\u00e8re, Bazaar St So, MF Wazemmes, Salle des F\u00eates de Fives<\/strong><\/p>\n<p>Deux semaines de performances renversantes et joueuses \u00e0 partager comme autant de gourmandises, 100 Dessus Dessous est une aventure collective \u00e0 vivre ensemble tout au long de ces deux semaines d\u2019\u00e9t\u00e9.<\/p>\n<p>            <img loading=\"lazy\" decoding=\"async\" src=\"\/var\/www\/storage\/images\/mediatheque\/mairie-de-lille\/images-openagenda\/100-dessus-dessous\/3786408-1-fre-FR\/100-Dessus-Dessous_news_image_top.jpg\" width=\"779\" height=\"438\" alt=\"100 Dessus Dessous\"\/><\/p>\n<p>Dans le cadre de Fiesta, lille3000 propose un cocktail spectaculaire enivrant : des spectacles chamboule-tout, des musiques folles dingues, des corps sans queue ni t\u00eate, un \u00e9trange loto disco finlandais, un dimanche en famille qui aura la frite (Belge !), une Gare Saint Sauveur baignant dans des eaux aux dr\u00f4les de genres\u2026 jusqu&rsquo;\u00e0 en perdre la t\u00eate. <\/p>\n<p><strong>Deux semaines de performances renversantes et joueuses<\/strong> \u00e0 partager comme autant de gourmandises, 100 Dessus Dessous est une aventure collective \u00e0 vivre ensemble tout au long de ces deux semaines d\u2019\u00e9t\u00e9. <\/p>\n<p>\n100 Dessus Dessous est un temps fort spectaculaire dont l\u2019unique horloge est la rencontre\u2026 Chaque journ\u00e9e et soir\u00e9e de 100 Dessus Dessous sera sous les cieux de la convivialit\u00e9 et du partage.<br \/>Les artistes d\u2019ici et d\u2019ailleurs vous attendent les bras grands ouverts. Ce temps fort est aussi l&rsquo;occasion de voir ou revoir les spectacles de Hugues Duch\u00eane ou St\u00e9phanie Aflalo.<\/p>\n<p>Ouverture en paillettes et karaok\u00e9 le 18 juillet \u00e0 la Maison Folie Wazemmes avec Le\u00efla Gaudin\/ Cie No Man\u2019s land et Samvel Piano d\u00e9s 20h.<\/p>\n<p>Le Bazaar St So sera le lieu permanent o\u00f9 se retrouver sur toute la p\u00e9riode de 100 Dessus Dessous.<\/p>\n<p><strong>Programmation gratuite<\/strong> \u00e0 la Gare Saint Sauveur, le Th\u00e9\u00e2tre de la Verri\u00e8re, au Bazaar St So, \u00e0 la maison Folie Wazemmes et \u00e0 la Salle des F\u00eates de Fives.<\/p>\n<p>lille3000 remercie les partenaires de ce temps fort : Ville de Lille, Westfield Euralille, le Centre Wallonie de Bruxelles, les Lieux Culturels pluridisciplinaires, le Th\u00e9\u00e2tre de La Verri\u00e8re, Le Bazaar St So, le Festival Int\u00e9rieur Queer (Lyon) et La belle Brut (Lille).<\/p>\n<p>        \t\t                        Infos pratiques<\/p>\n<p>                    Lieu<\/p>\n<p>\nGare Saint Sauveur, Th\u00e9\u00e2tre de la Verri\u00e8re, Bazaar St So, MF Wazemmes, Salle des F\u00eates de Fives<\/p>\n<p>                    Adresse<\/p>\n<p>Lille<\/p>\n<p>                                                            Voir le plan<\/p>\n<p>\n                    PublicsDe  \u00e0  ans<\/p>\n<p>                            Horaires<\/p>\n<p class=\"textAlone\">Le 18\/07\/2025 de 00:00 \u00e0 23:59<br \/>Le 19\/07\/2025 de 00:00 \u00e0 23:59<br \/>Le 20\/07\/2025 de 00:00 \u00e0 23:59<br \/>Le 21\/07\/2025 de 00:00 \u00e0 23:59<br \/>Le 22\/07\/2025 de 00:00 \u00e0 23:59<br \/>Le 23\/07\/2025 de 00:00 \u00e0 23:59<br \/>Le 24\/07\/2025 de 00:00 \u00e0 23:59<br \/>Le 25\/07\/2025 de 00:00 \u00e0 23:59<br \/>Le 26\/07\/2025 de 00:00 \u00e0 23:59<br \/>Le 27\/07\/2025 de 00:00 \u00e0 23:59<br \/>Le 28\/07\/2025 de 00:00 \u00e0 23:59<br \/>Le 29\/07\/2025 de 00:00 \u00e0 23:59<br \/>Le 30\/07\/2025 de 00:00 \u00e0 23:59<br \/>Le 31\/07\/2025 de 00:00 \u00e0 23:59<br \/>Le 01\/08\/2025 de 00:00 \u00e0 23:59<br \/>Le 02\/08\/2025 de 00:00 \u00e0 23:59<br \/>Le 03\/08\/2025 de 00:00 \u00e0 23:59<\/p>\n","protected":false},"excerpt":{"rendered":"Du 18 juilletau 3 ao\u00fbt 2025 \u00e0 Gare Saint Sauveur, Th\u00e9\u00e2tre de la Verri\u00e8re, Bazaar St So, MF&hellip;\n","protected":false},"author":2,"featured_media":178535,"comment_status":"","ping_status":"","sticky":false,"template":"","format":"standard","meta":{"footnotes":""},"categories":[2815],"tags":[1111,11,4763,1777,674,1011,27,811,1307,5415,12,25],"class_list":{"0":"post-178534","1":"post","2":"type-post","3":"status-publish","4":"format-standard","5":"has-post-thumbnail","7":"category-lille","8":"tag-actu","9":"tag-actualites","10":"tag-agenda","11":"tag-eu","12":"tag-europe","13":"tag-fr","14":"tag-france","15":"tag-hauts-de-france","16":"tag-lille","17":"tag-mairie","18":"tag-news","19":"tag-republique-francaise"},"share_on_mastodon":{"url":"https:\/\/pubeurope.com\/@fr\/114687820635378799","error":""},"_links":{"self":[{"href":"https:\/\/www.europesays.com\/fr\/wp-json\/wp\/v2\/posts\/178534","targetHints":{"allow":["GET"]}}],"collection":[{"href":"https:\/\/www.europesays.com\/fr\/wp-json\/wp\/v2\/posts"}],"about":[{"href":"https:\/\/www.europesays.com\/fr\/wp-json\/wp\/v2\/types\/post"}],"author":[{"embeddable":true,"href":"https:\/\/www.europesays.com\/fr\/wp-json\/wp\/v2\/users\/2"}],"replies":[{"embeddable":true,"href":"https:\/\/www.europesays.com\/fr\/wp-json\/wp\/v2\/comments?post=178534"}],"version-history":[{"count":0,"href":"https:\/\/www.europesays.com\/fr\/wp-json\/wp\/v2\/posts\/178534\/revisions"}],"wp:featuredmedia":[{"embeddable":true,"href":"https:\/\/www.europesays.com\/fr\/wp-json\/wp\/v2\/media\/178535"}],"wp:attachment":[{"href":"https:\/\/www.europesays.com\/fr\/wp-json\/wp\/v2\/media?parent=178534"}],"wp:term":[{"taxonomy":"category","embeddable":true,"href":"https:\/\/www.europesays.com\/fr\/wp-json\/wp\/v2\/categories?post=178534"},{"taxonomy":"post_tag","embeddable":true,"href":"https:\/\/www.europesays.com\/fr\/wp-json\/wp\/v2\/tags?post=178534"}],"curies":[{"name":"wp","href":"https:\/\/api.w.org\/{rel}","templated":true}]}}