{"id":178537,"date":"2025-06-15T14:21:08","date_gmt":"2025-06-15T14:21:08","guid":{"rendered":"https:\/\/www.europesays.com\/fr\/178537\/"},"modified":"2025-06-15T14:21:08","modified_gmt":"2025-06-15T14:21:08","slug":"la-danse-dans-tous-ses-eclats-au-festival-de-marseille","status":"publish","type":"post","link":"https:\/\/www.europesays.com\/fr\/178537\/","title":{"rendered":"La danse dans tous ses \u00e9clats au Festival de Marseille"},"content":{"rendered":"<p>Marseille (Bouches-du-Rh\u00f4ne), envoy\u00e9e sp\u00e9ciale.<\/p>\n<p>Pol Jimenez, figure montante de la jeune g\u00e9n\u00e9ration catalane, pr\u00e9sente Lo Faunal en ouverture du Festival de Marseille, lequel, comme lui, a 30\u00a0ans cette ann\u00e9e. Il incarne, \u00e0 sa fa\u00e7on, le faune cr\u00e9\u00e9 par Nijinski (1889-1950). C\u2019est au centre<br \/>de la Vieille-Charit\u00e9 qu\u2019\u00e9volue son corps d\u2019\u00e9ph\u00e8be, gain\u00e9 dans une camisole de blanche. \u00c0 ses mollets, d\u2019incongrus porte-chaussettes ne parviennent pas \u00e0 l\u2019enlaidir. <\/p>\n<p>Il joue de castagnettes qui claquent comme les sabots d\u2019un cheval. Ce faune \u00e0 contre-emploi, \u00e0 la barbe noire et aux yeux clairs, enroule son corps autour de multiples sons divers (musique de Jaume Clotet), dont ceux des castagnettes, aussi noires qu\u2019\u00e9tait blanche l\u2019\u00e9charpe de la nymphe sur qui se couchait le faune originel.<\/p>\n<p>Une danse loin des canons classiques<\/p>\n<p>Jimenez se chevauche lui-m\u00eame, en somme, dans un fr\u00e9missement de tout l\u2019\u00eatre. Le mouvement, \u00e0 fort potentiel d\u2019animalit\u00e9, puise ses racines dans la danse espagnole revisit\u00e9e, bol\u00e9ro, flamenco, jusqu\u2019\u00e0 la ligne classique et bondissante. Loin de Nijinski de profil, Jimenez invente une autre grammaire.<\/p>\n<p>Dans l\u2019Onde (2021), <a href=\"https:\/\/www.humanite.fr\/culture-et-savoir\/danse\/danse-cinq-etres-composent-un-corps-multiple-708163\" target=\"_blank\" rel=\"noopener\">Nacera Belaza<\/a> (n\u00e9e en Alg\u00e9rie, en France depuis ses 5\u00a0ans) plongeait ses interpr\u00e8tes dans l\u2019obscurit\u00e9, n\u2019en laissant voir que le cou et les mains. Pour la Nupo\u00e9e, ils sont dix en tenue noire dans la p\u00e9nombre. Ils s\u2019imposent une lancinante rotation du bassin et des \u00e9paules. Ils tournent bient\u00f4t \u00e0 vive allure, formant un grand cercle de vitesse o\u00f9 l\u2019on distingue \u00e0 peine les visages et les corps, formant ainsi une cohorte de fant\u00f4mes s\u2019effa\u00e7ant en fond de sc\u00e8ne pour mieux revenir.<\/p>\n<p>Des sonorit\u00e9s de tambours et des cris jaillissent de cette muraille de nuit o\u00f9 la lumi\u00e8re s\u2019\u00e9teint, puis se rallume. Nacera Belaza a eu l\u2019id\u00e9e de la Nu\u00e9e en 2022, dans le Minnesota, lors d\u2019un pow-wow, rassemblement en pleine nature de centaines de personnes autour d\u2019un cercle gigantesque. Outre la rotation, on note, au milieu de bonds successifs, un haussement du col discret comme la respiration. <\/p>\n<p>Quand 80 habitants du quartier de la Belle de Mai font sc\u00e8ne commune<\/p>\n<p>Le geste tend vers le haut. Le groupe se resserre autour du rythme vertical, tandis qu\u2019un corps dissident, br\u00fblant ses r\u00e9serves, retourne au mouvement rotatif. Les visions hallucin\u00e9es de Nacera Belaza font une trou\u00e9e de mouvement dans l\u2019ab\u00eeme du temps.<\/p>\n<p>Avec M\u00e8re(s) (d\u2019apr\u00e8s la pi\u00e8ce de Brecht, inspir\u00e9e du roman de Gorki), l\u2019Organon Art Cie implant\u00e9e \u00e0 Marseille, anim\u00e9e par Val\u00e9rie Trebor et Fabien-Aissa Busetta, propose un vrai th\u00e9\u00e2tre d\u2019agit-prop avec les habitants du quartier de la Belle de Mai. Ils sont 80 sur sc\u00e8ne, de 5 \u00e0 74\u00a0ans, dont une trentaine de musiciens dirig\u00e9s par Vincent Beer-Demander, Aur\u00e9lien Desclozeaux \u00e9tant en charge des parties dans\u00e9es. <\/p>\n<p>En pr\u00e8s de deux heures, ils tiennent le public en haleine \u00e0 l\u2019aide de chants, d\u2019une vaste collecte de r\u00e9cits forts et l\u2019\u00e9nergie belle d\u2019enfants et d\u2019adolescents, afin que s\u2019impose la figure de la m\u00e8re, trop volontiers d\u00e9politis\u00e9e, \u00ab\u00a0r\u00e9cup\u00e9r\u00e9e, malmen\u00e9e\u00a0\u00bb, qui soudain, comme chez Brecht, s\u2019\u00e9mancipe.<\/p>\n<p class=\"wp-block-huma-titre-oeuvre\"><strong>\u00a0<\/strong>Jusqu\u2019au 6\u00a0juillet. Rens.\u00a0: 04\u00a091\u00a099\u00a000\u00a020. www.festivaldemarseille.com<\/p>\n<p>Au plus pr\u00e8s de celles et ceux qui cr\u00e9ent<\/p>\n<p>L\u2019Humanit\u00e9 a toujours revendiqu\u00e9 l\u2019id\u00e9e que <strong>la culture n\u2019est pas une marchandise<\/strong>, qu\u2019elle est une condition de la vie politique et de l\u2019\u00e9mancipation humaine.<\/p>\n<p>Face \u00e0 des politiques culturelles lib\u00e9rales, qui fragilisent le service public de la culture, le journal rend compte de la r\u00e9sistance des cr\u00e9ateurs et de tous les personnels de la culture, mais aussi des solidarit\u00e9s du public.<\/p>\n<p>Les partis pris insolites, audacieux, singuliers sont la marque de fabrique des pages culture du journal. Nos journalistes explorent <strong>les coulisses du monde de la culture et la gen\u00e8se des \u0153uvres<\/strong> qui font et bousculent l\u2019actualit\u00e9.<\/p>\n<p><strong>Aidez-nous \u00e0 d\u00e9fendre une id\u00e9e ambitieuse de la culture\u00a0!<\/strong><br \/><a href=\"https:\/\/www.humanite.fr\/lhumanite-cest-vous\" target=\"_blank\" rel=\"noopener\">Je veux en savoir plus\u00a0!<\/a><\/p>\n","protected":false},"excerpt":{"rendered":"Marseille (Bouches-du-Rh\u00f4ne), envoy\u00e9e sp\u00e9ciale. Pol Jimenez, figure montante de la jeune g\u00e9n\u00e9ration catalane, pr\u00e9sente Lo Faunal en ouverture&hellip;\n","protected":false},"author":2,"featured_media":178538,"comment_status":"","ping_status":"","sticky":false,"template":"","format":"standard","meta":{"footnotes":""},"categories":[2814],"tags":[1111,11,31506,251,31507,1777,674,1011,27,884,12,882,25],"class_list":{"0":"post-178537","1":"post","2":"type-post","3":"status-publish","4":"format-standard","5":"has-post-thumbnail","7":"category-marseille","8":"tag-actu","9":"tag-actualites","10":"tag-bertolt-brecht","11":"tag-culture","12":"tag-danse-contemporaine","13":"tag-eu","14":"tag-europe","15":"tag-fr","16":"tag-france","17":"tag-marseille","18":"tag-news","19":"tag-provence-alpes-cote-dazur","20":"tag-republique-francaise"},"share_on_mastodon":{"url":"https:\/\/pubeurope.com\/@fr\/114687828560069819","error":""},"_links":{"self":[{"href":"https:\/\/www.europesays.com\/fr\/wp-json\/wp\/v2\/posts\/178537","targetHints":{"allow":["GET"]}}],"collection":[{"href":"https:\/\/www.europesays.com\/fr\/wp-json\/wp\/v2\/posts"}],"about":[{"href":"https:\/\/www.europesays.com\/fr\/wp-json\/wp\/v2\/types\/post"}],"author":[{"embeddable":true,"href":"https:\/\/www.europesays.com\/fr\/wp-json\/wp\/v2\/users\/2"}],"replies":[{"embeddable":true,"href":"https:\/\/www.europesays.com\/fr\/wp-json\/wp\/v2\/comments?post=178537"}],"version-history":[{"count":0,"href":"https:\/\/www.europesays.com\/fr\/wp-json\/wp\/v2\/posts\/178537\/revisions"}],"wp:featuredmedia":[{"embeddable":true,"href":"https:\/\/www.europesays.com\/fr\/wp-json\/wp\/v2\/media\/178538"}],"wp:attachment":[{"href":"https:\/\/www.europesays.com\/fr\/wp-json\/wp\/v2\/media?parent=178537"}],"wp:term":[{"taxonomy":"category","embeddable":true,"href":"https:\/\/www.europesays.com\/fr\/wp-json\/wp\/v2\/categories?post=178537"},{"taxonomy":"post_tag","embeddable":true,"href":"https:\/\/www.europesays.com\/fr\/wp-json\/wp\/v2\/tags?post=178537"}],"curies":[{"name":"wp","href":"https:\/\/api.w.org\/{rel}","templated":true}]}}