{"id":178539,"date":"2025-06-15T14:22:08","date_gmt":"2025-06-15T14:22:08","guid":{"rendered":"https:\/\/www.europesays.com\/fr\/178539\/"},"modified":"2025-06-15T14:22:08","modified_gmt":"2025-06-15T14:22:08","slug":"les-lignes-t1-et-t2-du-tram-perturbees-en-soiree","status":"publish","type":"post","link":"https:\/\/www.europesays.com\/fr\/178539\/","title":{"rendered":"les lignes T1 et T2 du tram perturb\u00e9es en soir\u00e9e"},"content":{"rendered":"<p itemprop=\"description\"><strong>De nouveaux travaux de d\u00e9molition vont \u00eatre men\u00e9s.<\/strong><\/p>\n<p>Le projet de r\u00e9am\u00e9nagement du centre d\u2019\u00e9changes de Lyon Perrache se poursuit. De nouveaux travaux de d\u00e9molition sont programm\u00e9s cette semaine avec au bout des perturbations sur les lignes T1 et T2 du tram.<\/p>\n<p>Des adaptations sont en effet pr\u00e9vues en soir\u00e9e de ce lundi 16 juin \u00e0 ce jeudi 19 juin inclus. Les deux lignes fonctionneront normalement jusqu\u2019\u00e0 21h avant les difficult\u00e9s annonc\u00e9es. Le dernier d\u00e9part du T1 aura lieu \u00e0 21h31 de Debourg et \u00e0 21h21 de l\u2019arr\u00eat INSA Einstein. Du c\u00f4t\u00e9 du T2, la ligne circulera uniquement \u00e0 partir de 21h de Villon \u00e0 Saint-Priest Bel-Air.<\/p>\n<p>A noter que des bus relais commun aux deux lignes seront mis en place entre Villon et Debourg.<\/p>\n<blockquote class=\"twitter-tweet\"><p>&#13;<\/p>\n<p dir=\"ltr\" lang=\"fr\">\ud83d\udea7 [TRAVAUX] R\u00e9am\u00e9nagement secteur Perrache : lignes T2 et T1<br \/>\ud83d\udcc5 Du 16 au 19 juin, des adaptations des lignes T1 et T2 sont n\u00e9cessaires \u00e0 partir de 21h. <br \/>\ud83d\ude8b Bus relais mis en place.<br \/>\ud83d\udc49 Toutes les infos ici : <a href=\"https:\/\/t.co\/7YFYoDPMWq\">https:\/\/t.co\/7YFYoDPMWq<\/a><br \/>\ud83d\udcf8 Eric Soudan &#8211; Alpaca Productions <a href=\"https:\/\/t.co\/GFymsafIVw\">pic.twitter.com\/GFymsafIVw<\/a><\/p>\n<p>&#13;<br \/>\n\u2014 TCL (@TCL_SYTRAL) <a href=\"https:\/\/twitter.com\/TCL_SYTRAL\/status\/1933101679852826895?ref_src=twsrc%5Etfw\" target=\"_blank\" rel=\"noopener\">June 12, 2025<\/a><\/p><\/blockquote>\n<p>\t\t  <script async src=\"https:\/\/platform.twitter.com\/widgets.js\" charset=\"utf-8\"><\/script><\/p>\n","protected":false},"excerpt":{"rendered":"De nouveaux travaux de d\u00e9molition vont \u00eatre men\u00e9s. Le projet de r\u00e9am\u00e9nagement du centre d\u2019\u00e9changes de Lyon Perrache&hellip;\n","protected":false},"author":2,"featured_media":178540,"comment_status":"","ping_status":"","sticky":false,"template":"","format":"standard","meta":{"footnotes":""},"categories":[1889],"tags":[1111,11,2813,2190,2430,1109,251,1112,2811,1777,674,118,1011,27,1922,1110,1114,2428,2810,12,241,316,25,2812,517,800],"class_list":{"0":"post-178539","1":"post","2":"type-post","3":"status-publish","4":"format-standard","5":"has-post-thumbnail","7":"category-lyon","8":"tag-actu","9":"tag-actualites","10":"tag-article","11":"tag-asvel","12":"tag-auvergne-rhone-alpes","13":"tag-breves","14":"tag-culture","15":"tag-depeches","16":"tag-economique","17":"tag-eu","18":"tag-europe","19":"tag-faits-divers","20":"tag-fr","21":"tag-france","22":"tag-info","23":"tag-informations","24":"tag-infos","25":"tag-lyon","26":"tag-lyonmag","27":"tag-news","28":"tag-ol","29":"tag-politique","30":"tag-republique-francaise","31":"tag-sociale","32":"tag-sport","33":"tag-transports"},"share_on_mastodon":{"url":"https:\/\/pubeurope.com\/@fr\/114687832448036989","error":""},"_links":{"self":[{"href":"https:\/\/www.europesays.com\/fr\/wp-json\/wp\/v2\/posts\/178539","targetHints":{"allow":["GET"]}}],"collection":[{"href":"https:\/\/www.europesays.com\/fr\/wp-json\/wp\/v2\/posts"}],"about":[{"href":"https:\/\/www.europesays.com\/fr\/wp-json\/wp\/v2\/types\/post"}],"author":[{"embeddable":true,"href":"https:\/\/www.europesays.com\/fr\/wp-json\/wp\/v2\/users\/2"}],"replies":[{"embeddable":true,"href":"https:\/\/www.europesays.com\/fr\/wp-json\/wp\/v2\/comments?post=178539"}],"version-history":[{"count":0,"href":"https:\/\/www.europesays.com\/fr\/wp-json\/wp\/v2\/posts\/178539\/revisions"}],"wp:featuredmedia":[{"embeddable":true,"href":"https:\/\/www.europesays.com\/fr\/wp-json\/wp\/v2\/media\/178540"}],"wp:attachment":[{"href":"https:\/\/www.europesays.com\/fr\/wp-json\/wp\/v2\/media?parent=178539"}],"wp:term":[{"taxonomy":"category","embeddable":true,"href":"https:\/\/www.europesays.com\/fr\/wp-json\/wp\/v2\/categories?post=178539"},{"taxonomy":"post_tag","embeddable":true,"href":"https:\/\/www.europesays.com\/fr\/wp-json\/wp\/v2\/tags?post=178539"}],"curies":[{"name":"wp","href":"https:\/\/api.w.org\/{rel}","templated":true}]}}