{"id":178543,"date":"2025-06-15T14:24:10","date_gmt":"2025-06-15T14:24:10","guid":{"rendered":"https:\/\/www.europesays.com\/fr\/178543\/"},"modified":"2025-06-15T14:24:10","modified_gmt":"2025-06-15T14:24:10","slug":"orages-en-ile-de-france-13-degres-de-perdus-en-deux-jours-avant-une-nouvelle-hausse","status":"publish","type":"post","link":"https:\/\/www.europesays.com\/fr\/178543\/","title":{"rendered":"Orages en \u00cele-de-France\u00a0: 13 degr\u00e9s de perdus en deux jours\u2026 avant une nouvelle hausse"},"content":{"rendered":"<p class=\"paragraph text_align_left\">C\u2019est un r\u00e9pit de courte dur\u00e9e, mais un r\u00e9pit appr\u00e9ciable. Dans la foul\u00e9e du passage <a href=\"https:\/\/www.leparisien.fr\/faits-divers\/jai-vu-leclair-traverser-ma-maison-thomas-39-ans-miracule-des-orages-dans-la-manche-mais-son-domicile-ravage-15-06-2025-QZ4O5P3YJJE5TCWQ4BMILKX23A.php\" target=\"_blank\" rel=\"noreferrer nofollow noopener\">des orages<\/a>, la temp\u00e9rature a connu une baisse tr\u00e8s prononc\u00e9e en France alors qu\u2019elle avait atteint des niveaux jusqu\u2019\u00e0 une douzaine de degr\u00e9s sup\u00e9rieurs aux <a href=\"https:\/\/meteofrance.com\/climat\/normales\/france\" target=\"_blank\" rel=\"noreferrer nofollow noopener\">normales de saison<\/a>.<\/p>\n<p class=\"paragraph text_align_left\">En deux jours seulement, il fait ainsi jusqu\u2019\u00e0 pr\u00e8s d\u2019une quinzaine de degr\u00e9s de moins dans certaines r\u00e9gions. La carte ci-dessous, fournie par <a href=\"https:\/\/www.meteociel.fr\/observations-meteo\/temperatures.php?mode=d48h&amp;region=\" target=\"_blank\" rel=\"noreferrer nofollow noopener\">M\u00e9t\u00e9ociel<\/a>, montre les r\u00e9gions de France o\u00f9 elle a le plus diminu\u00e9 entre vendredi et ce dimanche \u00e0 13 heures. Plus le bleu est fonc\u00e9, plus la diff\u00e9rence est importante.<\/p>\n<p class=\"paragraph text_align_left\">C\u2019est le long d\u2019une large bande allant des Pyr\u00e9n\u00e9es aux Ardennes que le thermom\u00e8tre est le plus descendu. Il y a r\u00e9guli\u00e8rement perdu une dizaine de degr\u00e9s. Dans le centre de la France, il peut m\u00eame faire 15 \u00b0C de moins que vendredi, comme \u00e0 Bourges (Cher). L\u2019\u00e9cart atteint jusqu\u2019\u00e0 14 \u00b0C au sud-ouest du Massif central.<\/p>\n<p><img decoding=\"async\" class=\"image \" loading=\"lazy\" src=\"https:\/\/www.europesays.com\/fr\/wp-content\/uploads\/2025\/06\/RIAQA7C2OVDHBPCQW5FPEYTJLA.JPG\" alt=\"\/M\u00e9t\u00e9ociel\" align=\"\" data-rubrique-principale=\"\" data-article-type=\"\" fetchpriority=\"auto\"\/>\/M\u00e9t\u00e9ociel<\/p>\n<p class=\"paragraph text_align_left\">L\u2019\u00cele-de-France est un des endroits o\u00f9 la temp\u00e9rature a le plus recul\u00e9 en 48 heures. Comme le montre cette deuxi\u00e8me carte il y fait entre 9 \u00b0C et 13 \u00b0C de moins ce dimanche \u00e0 13 heures comparativement \u00e0 vendredi au m\u00eame moment. C\u2019est \u00e0 la fronti\u00e8re entre le Val-de-Marne, l\u2019Essonne et la Seine-et-Marne que la diff\u00e9rence est la plus prononc\u00e9e. \u00c0 Paris elle est d\u2019une douzaine de degr\u00e9s.<\/p>\n<p><img decoding=\"async\" class=\"image \" loading=\"lazy\" src=\"https:\/\/www.europesays.com\/fr\/wp-content\/uploads\/2025\/06\/7ULNFZ4F2BHFLJIGD5IA4JI2SU.JPG\" alt=\"\/M\u00e9t\u00e9ociel\" align=\"\" data-rubrique-principale=\"\" data-article-type=\"\" fetchpriority=\"auto\"\/>\/M\u00e9t\u00e9ociel<\/p>\n<p class=\"paragraph text_align_left\">Malgr\u00e9 cette forte baisse, les temp\u00e9ratures de ce dimanche apr\u00e8s-midi tournent autour des valeurs attendues \u00e0 cette \u00e9poque de l\u2019ann\u00e9e avec par exemple 21,5 \u00b0C \u00e0 Paris \u00e0 14h30 contre 23 \u00b0C environ en moyenne. Il ne s\u2019agit donc que d\u2019un retour \u00e0 la normale.<\/p>\n<p class=\"paragraph text_align_left\">Mais cette situation ne va pas durer. <a href=\"https:\/\/www.leparisien.fr\/meteo\/beaucoup-de-soleil-et-des-temperatures-en-hausse-avec-un-risque-de-canicule-la-meteo-de-la-semaine-15-06-2025-5WZ7Z3ID4BH5JPZFIY2XJDVFXM.php\" target=\"_blank\" rel=\"noreferrer nofollow noopener\">Les temp\u00e9ratures vont une nouvelle fois s\u2019envoler<\/a> dans les prochains jours. Une canicule avec des temp\u00e9ratures nettement sup\u00e9rieures \u00e0 20 \u00b0C la nuit et entre 30 \u00b0C et 35 \u00b0C la journ\u00e9e, voire localement un peu plus, se dessine pour la deuxi\u00e8me partie de semaine.<\/p>\n","protected":false},"excerpt":{"rendered":"C\u2019est un r\u00e9pit de courte dur\u00e9e, mais un r\u00e9pit appr\u00e9ciable. Dans la foul\u00e9e du passage des orages, la&hellip;\n","protected":false},"author":2,"featured_media":178544,"comment_status":"","ping_status":"","sticky":false,"template":"","format":"standard","meta":{"footnotes":""},"categories":[1592],"tags":[1111,11,1777,674,1011,27,662,2487,12,626,25],"class_list":{"0":"post-178543","1":"post","2":"type-post","3":"status-publish","4":"format-standard","5":"has-post-thumbnail","7":"category-ile-de-france","8":"tag-actu","9":"tag-actualites","10":"tag-eu","11":"tag-europe","12":"tag-fr","13":"tag-france","14":"tag-ile-de-france","15":"tag-meteo","16":"tag-news","17":"tag-paris","18":"tag-republique-francaise"},"share_on_mastodon":{"url":"https:\/\/pubeurope.com\/@fr\/114687840384145697","error":""},"_links":{"self":[{"href":"https:\/\/www.europesays.com\/fr\/wp-json\/wp\/v2\/posts\/178543","targetHints":{"allow":["GET"]}}],"collection":[{"href":"https:\/\/www.europesays.com\/fr\/wp-json\/wp\/v2\/posts"}],"about":[{"href":"https:\/\/www.europesays.com\/fr\/wp-json\/wp\/v2\/types\/post"}],"author":[{"embeddable":true,"href":"https:\/\/www.europesays.com\/fr\/wp-json\/wp\/v2\/users\/2"}],"replies":[{"embeddable":true,"href":"https:\/\/www.europesays.com\/fr\/wp-json\/wp\/v2\/comments?post=178543"}],"version-history":[{"count":0,"href":"https:\/\/www.europesays.com\/fr\/wp-json\/wp\/v2\/posts\/178543\/revisions"}],"wp:featuredmedia":[{"embeddable":true,"href":"https:\/\/www.europesays.com\/fr\/wp-json\/wp\/v2\/media\/178544"}],"wp:attachment":[{"href":"https:\/\/www.europesays.com\/fr\/wp-json\/wp\/v2\/media?parent=178543"}],"wp:term":[{"taxonomy":"category","embeddable":true,"href":"https:\/\/www.europesays.com\/fr\/wp-json\/wp\/v2\/categories?post=178543"},{"taxonomy":"post_tag","embeddable":true,"href":"https:\/\/www.europesays.com\/fr\/wp-json\/wp\/v2\/tags?post=178543"}],"curies":[{"name":"wp","href":"https:\/\/api.w.org\/{rel}","templated":true}]}}