{"id":178545,"date":"2025-06-15T14:26:14","date_gmt":"2025-06-15T14:26:14","guid":{"rendered":"https:\/\/www.europesays.com\/fr\/178545\/"},"modified":"2025-06-15T14:26:14","modified_gmt":"2025-06-15T14:26:14","slug":"paris-le-conducteur-dune-moto-taxi-meurt-en-voulant-eviter-un-cycliste","status":"publish","type":"post","link":"https:\/\/www.europesays.com\/fr\/178545\/","title":{"rendered":"Paris : le conducteur d&rsquo;une moto-taxi meurt en voulant \u00e9viter un cycliste"},"content":{"rendered":"<ul class=\"jsx-862013697 ArticleChapo__List\">\n<li class=\"jsx-862013697 ArticleChapo__List_Item flex\">Un accident mortel de la circulation s&rsquo;est produit samedi soir dans le 8e arrondissement.<\/li>\n<li class=\"jsx-862013697 ArticleChapo__List_Item flex\">Le conducteur d&rsquo;une moto-taxi qui transportait un passager est mort au cours d&rsquo;une man\u0153uvre d&rsquo;\u00e9vitement, en voulant \u00e9viter un cycliste, selon la police.<\/li>\n<li class=\"jsx-862013697 ArticleChapo__List_Item flex\">Une enqu\u00eate a \u00e9t\u00e9 ouverte par le parquet de Paris.<\/li>\n<\/ul>\n<p data-module=\"article-paragraph\" class=\"jsx-3046738180 Paragraph\">Dramatique accident samedi soir \u00e0 deux pas des Champs-\u00c9lys\u00e9es dans le 8e arrondissement de Paris. Vers 22h15, les policiers et les pompiers ont \u00e9t\u00e9 appel\u00e9s pour intervenir sur l&rsquo;avenue de Friedland.\u00a0 C&rsquo;est l\u00e0 que, quelques minutes plus t\u00f4t, selon une source polici\u00e8re, le conducteur d&rsquo;une moto-taxi a chut\u00e9 sur le bord d&rsquo;un trottoir \u00ab\u00a0en effectuant une man\u0153uvre\u00a0\u00bb pour \u00ab\u00a0\u00e9viter un cycliste\u00a0\u00bb. \u00a0<\/p>\n<p data-module=\"article-paragraph\" class=\"jsx-3046738180 Paragraph Paragraph__End\">Le motard, bless\u00e9 apr\u00e8s avoir perdu le contr\u00f4le de son v\u00e9hicule, a \u00e9t\u00e9 pris en soins par les services de secours qui ont tent\u00e9 de le r\u00e9animer, en vain.<\/p>\n<p>Une enqu\u00eate a \u00e9t\u00e9 ouverte par le parquet de Paris<\/p>\n<p data-module=\"article-paragraph\" class=\"jsx-3046738180 Paragraph\">Le d\u00e9c\u00e8s de la victime a \u00e9t\u00e9 constat\u00e9 quelques minutes plus tard, \u00e0 22h30 pr\u00e9cis\u00e9ment.\u00a0 Le passager de la moto-taxi a \u00e9t\u00e9 conduit en milieu hospitalier en urgence relative pour des examens compl\u00e9mentaires suite \u00e0 des dermabrasions.\u00a0<\/p>\n<p data-module=\"article-paragraph\" class=\"jsx-3046738180 Paragraph\">Le cycliste a lui \u00e9t\u00e9 pris en charge par les services de secours puis conduit \u00e0 l\u2019h\u00f4pital Bichat en urgence relative.<\/p>\n<p data-module=\"article-paragraph\" class=\"jsx-3046738180 Paragraph Paragraph__End\">\u00a0Une enqu\u00eate a \u00e9t\u00e9 ouverte par le parquet de Paris. \u00a0Le Service du traitement judiciaire des accidents est charg\u00e9 des investigations.\u00a0 Contact\u00e9 par TF1info ce dimanche, le parquet de Paris n&rsquo;avait pas, \u00e0 15h20, r\u00e9pondu \u00e0 notre demande d&rsquo;informations.\u00a0<\/p>\n<p>A.S, Marie BELOT<\/p>\n","protected":false},"excerpt":{"rendered":"Un accident mortel de la circulation s&rsquo;est produit samedi soir dans le 8e arrondissement. Le conducteur d&rsquo;une moto-taxi&hellip;\n","protected":false},"author":2,"featured_media":25621,"comment_status":"","ping_status":"","sticky":false,"template":"","format":"standard","meta":{"footnotes":""},"categories":[1888],"tags":[3085,1111,1928,11,1927,1921,207,1777,674,1011,27,1922,303,2954,12,1926,626,1925,1072,4775,25,133,2953],"class_list":{"0":"post-178545","1":"post","2":"type-post","3":"status-publish","4":"format-standard","5":"has-post-thumbnail","7":"category-paris","8":"tag-accidents","9":"tag-actu","10":"tag-actu-paris","11":"tag-actualites","12":"tag-actualites-paris","13":"tag-article-video","14":"tag-cyclisme","15":"tag-eu","16":"tag-europe","17":"tag-fr","18":"tag-france","19":"tag-info","20":"tag-justice","21":"tag-justice-et-faits-divers","22":"tag-news","23":"tag-news-paris","24":"tag-paris","25":"tag-paris-news","26":"tag-police","27":"tag-pompier","28":"tag-republique-francaise","29":"tag-video","30":"tag-video-police"},"share_on_mastodon":{"url":"https:\/\/pubeurope.com\/@fr\/114687848182516942","error":""},"_links":{"self":[{"href":"https:\/\/www.europesays.com\/fr\/wp-json\/wp\/v2\/posts\/178545","targetHints":{"allow":["GET"]}}],"collection":[{"href":"https:\/\/www.europesays.com\/fr\/wp-json\/wp\/v2\/posts"}],"about":[{"href":"https:\/\/www.europesays.com\/fr\/wp-json\/wp\/v2\/types\/post"}],"author":[{"embeddable":true,"href":"https:\/\/www.europesays.com\/fr\/wp-json\/wp\/v2\/users\/2"}],"replies":[{"embeddable":true,"href":"https:\/\/www.europesays.com\/fr\/wp-json\/wp\/v2\/comments?post=178545"}],"version-history":[{"count":0,"href":"https:\/\/www.europesays.com\/fr\/wp-json\/wp\/v2\/posts\/178545\/revisions"}],"wp:featuredmedia":[{"embeddable":true,"href":"https:\/\/www.europesays.com\/fr\/wp-json\/wp\/v2\/media\/25621"}],"wp:attachment":[{"href":"https:\/\/www.europesays.com\/fr\/wp-json\/wp\/v2\/media?parent=178545"}],"wp:term":[{"taxonomy":"category","embeddable":true,"href":"https:\/\/www.europesays.com\/fr\/wp-json\/wp\/v2\/categories?post=178545"},{"taxonomy":"post_tag","embeddable":true,"href":"https:\/\/www.europesays.com\/fr\/wp-json\/wp\/v2\/tags?post=178545"}],"curies":[{"name":"wp","href":"https:\/\/api.w.org\/{rel}","templated":true}]}}