{"id":178550,"date":"2025-06-15T14:29:09","date_gmt":"2025-06-15T14:29:09","guid":{"rendered":"https:\/\/www.europesays.com\/fr\/178550\/"},"modified":"2025-06-15T14:29:09","modified_gmt":"2025-06-15T14:29:09","slug":"mort-du-conducteur-dun-moto-taxi-a-paris-apres-avoir-tente-deviter-un-cycliste","status":"publish","type":"post","link":"https:\/\/www.europesays.com\/fr\/178550\/","title":{"rendered":"Mort du conducteur d&rsquo;un moto-taxi \u00e0 Paris apr\u00e8s avoir tent\u00e9 d&rsquo;\u00e9viter un cycliste"},"content":{"rendered":"<p>            Par<br \/>\n        <strong><br \/>\n            <a href=\"https:\/\/actu.fr\/auteur\/antoine-grotteria02\" title=\"Consulter tous les articles de Antoine Grotteria\" rel=\"nofollow noopener\" target=\"_blank\">Antoine Grotteria<\/a><br \/>\n        <\/strong><\/p>\n<p>        Publi\u00e9 le<\/p>\n<p>            15 juin 2025 \u00e0 16h10        <\/p>\n<p>Un nouvel accident mortel \u00e0 <a href=\"https:\/\/actu.fr\/paris\/\" rel=\"nofollow noopener\" target=\"_blank\">Paris<\/a>. Ce samedi 14\u00a0juin 2025, un homme, qui conduisait un <strong>moto-taxi<\/strong>, est <strong>d\u00e9c\u00e9d\u00e9<\/strong> apr\u00e8s avoir perdu le contr\u00f4le de son v\u00e9hicule sur l\u2019avenue de Friedland, dans le 8e arrondissement, a appris actu Paris du parquet, confirmant une information r\u00e9v\u00e9l\u00e9e par <a href=\"https:\/\/www.leparisien.fr\/paris-75\/paris-le-conducteur-dune-moto-taxi-tente-deviter-un-cycliste-et-chute-mortellement-contre-le-trottoir-15-06-2025-FL7FAFUMTJBYLINWKPHTX3JJBA.php\" rel=\"nofollow noopener\" target=\"_blank\">Le Parisien<\/a>.<\/p>\n<p>Les deux autres victimes seraient en urgence relative<\/p>\n<p class=\" wall-content\">Les faits ont eu dans la soir\u00e9e, vers 22h30. Alors qu\u2019il transportait une personne, le conducteur du deux-roues a effectu\u00e9 une man\u0153uvre pour esquiver un <a href=\"https:\/\/actu.fr\/ile-de-france\/paris_75056\/paris-mort-d-un-cycliste-ecrase-par-un-automobiliste-apres-une-altercation-sur-la-route_61740945.html\" rel=\"nofollow noopener\" target=\"_blank\">cycliste<\/a> qui roulait sur la m\u00eame voie. En vain.<\/p>\n<p class=\" wall-content\">L\u2019homme a violemment <strong>percut\u00e9 le relief<\/strong> situ\u00e9 \u00e0 proximit\u00e9 d\u2019un trottoir. Rapidement secouru, \u00ab\u2009il est <strong>d\u00e9c\u00e9d\u00e9 des suites de ses blessures<\/strong>\u2009\u00bb, nonobstant \u00ab\u2009les man\u0153uvres de r\u00e9animation\u2009\u00bb, indique le minist\u00e8re public.<\/p>\n<p class=\" wall-content\">De leur c\u00f4t\u00e9, le cycliste et le passager ont \u00e9t\u00e9 transport\u00e9s \u00e0 <strong>l\u2019h\u00f4pital<\/strong> \u00ab\u2009sans pronostic vital engag\u00e9\u2009\u00bb, fait savoir le parquet. D\u2019apr\u00e8s le quotidien r\u00e9gional, ils \u00e9taient en \u00e9tat d\u2019urgence relative au moment de leur prise en charge. Une <strong>enqu\u00eate<\/strong> a \u00e9t\u00e9 ouverte et confi\u00e9e au service du traitement judiciaire des accidents (STJA).<\/p>\n<p class=\" wall-content\">Suivez toute l\u2019actualit\u00e9 de vos villes et m\u00e9dias favoris en vous inscrivant \u00e0 <a href=\"https:\/\/moncompte.actu.fr\" title=\"D\u00e9couvez Mon Actu\" rel=\"nofollow noopener\" data-trk=\"{&quot;cta&quot;:{&quot;action&quot;:&quot;https:\\\/\\\/moncompte.actu.fr&quot;,&quot;category&quot;:&quot;mon compte&quot;,&quot;from&quot;:&quot;article footer&quot;,&quot;name&quot;:&quot;Mon actu&quot;,&quot;type&quot;:&quot;cta&quot;}}\" target=\"_blank\">Mon Actu<\/a>.<\/p>\n","protected":false},"excerpt":{"rendered":"Par Antoine Grotteria Publi\u00e9 le 15 juin 2025 \u00e0 16h10 Un nouvel accident mortel \u00e0 Paris. Ce samedi&hellip;\n","protected":false},"author":2,"featured_media":178551,"comment_status":"","ping_status":"","sticky":false,"template":"","format":"standard","meta":{"footnotes":""},"categories":[1888],"tags":[119,11,1777,674,118,1011,27,1457,12,626,25,208],"class_list":{"0":"post-178550","1":"post","2":"type-post","3":"status-publish","4":"format-standard","5":"has-post-thumbnail","7":"category-paris","8":"tag-accident","9":"tag-actualites","10":"tag-eu","11":"tag-europe","12":"tag-faits-divers","13":"tag-fr","14":"tag-france","15":"tag-moto","16":"tag-news","17":"tag-paris","18":"tag-republique-francaise","19":"tag-velo"},"share_on_mastodon":{"url":"https:\/\/pubeurope.com\/@fr\/114687860081308422","error":""},"_links":{"self":[{"href":"https:\/\/www.europesays.com\/fr\/wp-json\/wp\/v2\/posts\/178550","targetHints":{"allow":["GET"]}}],"collection":[{"href":"https:\/\/www.europesays.com\/fr\/wp-json\/wp\/v2\/posts"}],"about":[{"href":"https:\/\/www.europesays.com\/fr\/wp-json\/wp\/v2\/types\/post"}],"author":[{"embeddable":true,"href":"https:\/\/www.europesays.com\/fr\/wp-json\/wp\/v2\/users\/2"}],"replies":[{"embeddable":true,"href":"https:\/\/www.europesays.com\/fr\/wp-json\/wp\/v2\/comments?post=178550"}],"version-history":[{"count":0,"href":"https:\/\/www.europesays.com\/fr\/wp-json\/wp\/v2\/posts\/178550\/revisions"}],"wp:featuredmedia":[{"embeddable":true,"href":"https:\/\/www.europesays.com\/fr\/wp-json\/wp\/v2\/media\/178551"}],"wp:attachment":[{"href":"https:\/\/www.europesays.com\/fr\/wp-json\/wp\/v2\/media?parent=178550"}],"wp:term":[{"taxonomy":"category","embeddable":true,"href":"https:\/\/www.europesays.com\/fr\/wp-json\/wp\/v2\/categories?post=178550"},{"taxonomy":"post_tag","embeddable":true,"href":"https:\/\/www.europesays.com\/fr\/wp-json\/wp\/v2\/tags?post=178550"}],"curies":[{"name":"wp","href":"https:\/\/api.w.org\/{rel}","templated":true}]}}