{"id":178560,"date":"2025-06-15T14:34:14","date_gmt":"2025-06-15T14:34:14","guid":{"rendered":"https:\/\/www.europesays.com\/fr\/178560\/"},"modified":"2025-06-15T14:34:14","modified_gmt":"2025-06-15T14:34:14","slug":"allemagne-la-croissance-au-premier-trimestre-revisee-en-hausse","status":"publish","type":"post","link":"https:\/\/www.europesays.com\/fr\/178560\/","title":{"rendered":"Allemagne: la croissance au premier trimestre r\u00e9vis\u00e9e en hausse"},"content":{"rendered":"<p class=\"wysiwyg-h2\">L&rsquo;Allemagne a connu un rebond plus important qu&rsquo;initialement annonc\u00e9 de sa croissance au premier trimestre 2025, selon des chiffres d\u00e9finitifs publi\u00e9s vendredi, en raison d&rsquo;un effet d&rsquo;anticipation des droits de douane am\u00e9ricains.<\/p>\n<p>Entre janvier et mars, le PIB allemand a progress\u00e9 de 0,4% par rapport au dernier trimestre 2024, contre une premi\u00e8re estimation \u00e0 0,2%, selon l&rsquo;office national des statistiques, une bonne nouvelle pour la premi\u00e8re \u00e9conomie europ\u00e9enne toujours fragilis\u00e9e par une crise industrielle.<\/p>\n<p>Cette r\u00e9vision \u00e0 la hausse s&rsquo;explique par une \u00e9volution conjoncturelle &lsquo;\u00e9tonnamment bonne pendant le mois de mars&rsquo;, explique Ruth Brand, la pr\u00e9sidente de Destatis.<\/p>\n<p>La production industrielle et les exportations, piliers de l&rsquo;\u00e9conomie allemande, ont mieux \u00e9volu\u00e9 que pr\u00e9vu initialement, ajout-elle.<\/p>\n<p>Cette bonne performance, apr\u00e8s deux ann\u00e9es de r\u00e9cession, est li\u00e9 aux &lsquo;effets d&rsquo;entra\u00eenement du conflit commercial avec les Etats-Unis&rsquo;, d&rsquo;apr\u00e8s le communiqu\u00e9, le monde \u00e9conomique ayant anticip\u00e9 une future augmentation des prix li\u00e9e \u00e0 la guerre commerciale initi\u00e9e par Donald Trump.<\/p>\n<p>Le pr\u00e9sident am\u00e9ricain a impos\u00e9 des droits de douane suppl\u00e9mentaires sur l&rsquo;acier et l&rsquo;aluminium \u00e0 partir du 12 mars, puis sur les voitures le 3 avril, mena\u00e7ant d&rsquo;affecter l&rsquo;industrie allemande, d\u00e9j\u00e0 en proie \u00e0 une grave crise de comp\u00e9titivit\u00e9.<\/p>\n<p>Les perspectives de croissance pour le reste de l&rsquo;ann\u00e9e sont cependant moroses, selon les experts.<\/p>\n<p>Donald Trump a \u00e9galement annonc\u00e9 une hausse de 10% des droits de douane sur toutes les importations mais a suspendu les droits suppl\u00e9mentaires plus \u00e9lev\u00e9s pour certains pays.<\/p>\n<p>Cette guerre commerciale devrait co\u00fbter cher \u00e0 l&rsquo;Allemagne, tr\u00e8s d\u00e9pendante des exportations vers son premier partenaire commercial.<\/p>\n<p>Selon l&rsquo;institut \u00e9conomique Ifo, celle-ci entra\u00eenera une contraction du PIB pendant l&rsquo;\u00e9t\u00e9.<\/p>\n<p>Sur l&rsquo;ensemble de l&rsquo;ann\u00e9e 2025, l&rsquo;\u00e9conomie allemande devrait conna\u00eetre une stagnation selon le gouvernement allemand, qui a r\u00e9cemment abaiss\u00e9 ses pr\u00e9visions.<\/p>\n<p>La crise de l&rsquo;industrie allemande, entre prix de l&rsquo;\u00e9nergie \u00e9lev\u00e9 et perte de terrain face aux concurrents chinois est un d\u00e9fi majeur pour le nouveau gouvernement du conservateur Friedrich Merz, entr\u00e9 en fonction au d\u00e9but du mois.<\/p>\n<p><strong>&lsquo;Crise la plus grave&rsquo;<\/strong><\/p>\n<p>Pour la ministre de l&rsquo;Economie, Katherina Reich, &lsquo;c&rsquo;est la crise \u00e9conomique la plus grave que la R\u00e9publique f\u00e9d\u00e9rale d&rsquo;Allemagne ait connue dans l&rsquo;histoire&rsquo;, a-t-elle d\u00e9clar\u00e9 au quotidien d&rsquo;affaires Handelsblatt la semaine derni\u00e8re.<\/p>\n<p>Friedrich Merz compte sur un effort budg\u00e9taire cons\u00e9quent avec une enveloppe de plusieurs centaines de milliards d&rsquo;euros programm\u00e9e pour relancer la croissance, moderniser la d\u00e9fense et les infrastructures du pays.<\/p>\n<p>Il a pour cela bris\u00e9 un tabou en assouplissant les r\u00e8gles nationales strictes encadrant les d\u00e9ficits publics.<\/p>\n<p> \/ATS<\/p>\n","protected":false},"excerpt":{"rendered":"L&rsquo;Allemagne a connu un rebond plus important qu&rsquo;initialement annonc\u00e9 de sa croissance au premier trimestre 2025, selon des&hellip;\n","protected":false},"author":2,"featured_media":178561,"comment_status":"","ping_status":"","sticky":false,"template":"","format":"standard","meta":{"footnotes":""},"categories":[1587],"tags":[11,1829,672,1832,1836,1804,1805,1827,1803,1777,674,1830,1831,1801,1826,1844,1840,1839,1841,1838,12,1843,1828,1834,1825,1833,1802,1822,1823,1824,1837,1835,1842],"class_list":{"0":"post-178560","1":"post","2":"type-post","3":"status-publish","4":"format-standard","5":"has-post-thumbnail","7":"category-allemagne","8":"tag-actualites","9":"tag-ajoie","10":"tag-allemagne","11":"tag-animation","12":"tag-bienne","13":"tag-bundesrepublik-deutschland","14":"tag-de","15":"tag-delemont","16":"tag-deutschland","17":"tag-eu","18":"tag-europe","19":"tag-franches-montagnes","20":"tag-frequence","21":"tag-germany","22":"tag-jura","23":"tag-jura-bernois","24":"tag-la-chaux-de-fonds","25":"tag-moutier","26":"tag-neuchatel","27":"tag-neuveville","28":"tag-news","29":"tag-payerne","30":"tag-porrentruy","31":"tag-publicite","32":"tag-radio","33":"tag-redaction","34":"tag-republique-federale-dallemagne","35":"tag-rfj","36":"tag-rjb","37":"tag-rtn","38":"tag-tavannes","39":"tag-vallon-de-st-imier","40":"tag-yverdon"},"share_on_mastodon":{"url":"https:\/\/pubeurope.com\/@fr\/114687879643818880","error":""},"_links":{"self":[{"href":"https:\/\/www.europesays.com\/fr\/wp-json\/wp\/v2\/posts\/178560","targetHints":{"allow":["GET"]}}],"collection":[{"href":"https:\/\/www.europesays.com\/fr\/wp-json\/wp\/v2\/posts"}],"about":[{"href":"https:\/\/www.europesays.com\/fr\/wp-json\/wp\/v2\/types\/post"}],"author":[{"embeddable":true,"href":"https:\/\/www.europesays.com\/fr\/wp-json\/wp\/v2\/users\/2"}],"replies":[{"embeddable":true,"href":"https:\/\/www.europesays.com\/fr\/wp-json\/wp\/v2\/comments?post=178560"}],"version-history":[{"count":0,"href":"https:\/\/www.europesays.com\/fr\/wp-json\/wp\/v2\/posts\/178560\/revisions"}],"wp:featuredmedia":[{"embeddable":true,"href":"https:\/\/www.europesays.com\/fr\/wp-json\/wp\/v2\/media\/178561"}],"wp:attachment":[{"href":"https:\/\/www.europesays.com\/fr\/wp-json\/wp\/v2\/media?parent=178560"}],"wp:term":[{"taxonomy":"category","embeddable":true,"href":"https:\/\/www.europesays.com\/fr\/wp-json\/wp\/v2\/categories?post=178560"},{"taxonomy":"post_tag","embeddable":true,"href":"https:\/\/www.europesays.com\/fr\/wp-json\/wp\/v2\/tags?post=178560"}],"curies":[{"name":"wp","href":"https:\/\/api.w.org\/{rel}","templated":true}]}}