{"id":178562,"date":"2025-06-15T14:35:09","date_gmt":"2025-06-15T14:35:09","guid":{"rendered":"https:\/\/www.europesays.com\/fr\/178562\/"},"modified":"2025-06-15T14:35:09","modified_gmt":"2025-06-15T14:35:09","slug":"pourquoi-cette-maladie-quon-croyait-disparue-fait-son-retour-en-europe-et-les-beaux-jours-de-juin-narrangent-rien-a-la-situation","status":"publish","type":"post","link":"https:\/\/www.europesays.com\/fr\/178562\/","title":{"rendered":"Pourquoi cette maladie qu&rsquo;on croyait disparue fait son retour en Europe et les beaux jours de juin n&rsquo;arrangent rien \u00e0 la situation"},"content":{"rendered":"<p class=\"ap-StoryElement ap-StoryElement--mb js-paywall-target ap-StoryText\"><a href=\"https:\/\/www.sciensano.be\/sites\/default\/files\/surveillance_epidemiologique_de_la_diphterie_donnees_2024_final.pdf\" target=\"_self\" rel=\"nofollow noopener\">En Belgique, 14 cas ont \u00e9t\u00e9 recens\u00e9s en 2024<\/a>, dont la majorit\u00e9 sous forme cutan\u00e9e. Parmi les cas respiratoires identifi\u00e9s, un concernait une dipht\u00e9rie classique avec pseudomembranes. Les chercheurs insistent sur la n\u00e9cessit\u00e9 de renforcer la vigilance, en particulier aupr\u00e8s des populations vuln\u00e9rables. V\u00e9rification des statuts vaccinaux, acc\u00e8s au d\u00e9pistage et traitements adapt\u00e9s sont essentiels pour limiter la propagation d&rsquo;une maladie que l&rsquo;on pensait oubli\u00e9e, mais qui profite aujourd&rsquo;hui des failles de notre syst\u00e8me de sant\u00e9.<\/p>\n<p><a href=\"\/-https:\/\/www.moustique.be\/notre-epoque\/les-infos\/2025\/04\/11\/apres-la-recrudescence-aux-etats-unis-la-rougeole-fait-des-degats-en-belgique-la-faute-aux-antivax-57KTA2KAXFCLXHYFA5VAZS5QDQ\/\" target=\"_blank\" rel=\"noopener noreferrer\" class=\"ap-StoryInterstitialLink ap-StoryElement ap-StoryElement--mb\">Apr\u00e8s la recrudescence aux \u00c9tats-Unis, la rougeole fait des d\u00e9g\u00e2ts en Belgique: la faute aux antivax?<\/a>Quand les maladies \u00ab\u00a0disparues\u00a0\u00bb refont surface<\/p>\n<p class=\"ap-StoryElement ap-StoryElement--mb ap-StoryText\">La dipht\u00e9rie n&rsquo;est pas un cas isol\u00e9. D&rsquo;autres maladies infectieuses autrefois consid\u00e9r\u00e9es comme ma\u00eetris\u00e9es refont surface. C&rsquo;est le cas de la rougeole : en 2020, la Belgique avait obtenu de l&rsquo;OMS le statut de pays ayant \u00e9limin\u00e9 la maladie. Mais depuis, les cas ont explos\u00e9. En 2024, 526 cas ont \u00e9t\u00e9 enregistr\u00e9s \u2014 un record depuis plus de dix ans. Consid\u00e9r\u00e9e \u00e0 tort comme b\u00e9nigne, la rougeole reste une cause majeure de mortalit\u00e9 infantile dans les pays \u00e0 faible couverture vaccinale. Deux doses de vaccin offrent pourtant une protection efficace \u00e0 plus de 97 %. Le virus continue de circuler, notamment \u00e0 cause d&rsquo;une forte mobilit\u00e9 intra-europ\u00e9enne, y compris les voyages \u00e0 la montagne ou les rassemblements saisonniers.<\/p>\n<p class=\"ap-StoryElement ap-StoryElement--mb ap-StoryText\">Autre exemple : la recrudescence de la temp\u00eate cytokinique, une maladie parasitaire dont le nombre de cas aurait doubl\u00e9 en cinq ans. Pr\u00e9sente dans les milieux pr\u00e9caires comme les cr\u00e8ches, \u00e9coles ou maisons de repos, cette pathologie de la peau \u00e9chappe encore \u00e0 un suivi pr\u00e9cis, faute d&rsquo;obligation de d\u00e9claration syst\u00e9matique. Le sous-rapportage emp\u00eache une \u00e9valuation claire de l&rsquo;ampleur du ph\u00e9nom\u00e8ne, bien que sa progression soit av\u00e9r\u00e9e.<\/p>\n<p>Climat, mobilit\u00e9, vaccination : les causes multiples du retour des \u00e9pid\u00e9mies<\/p>\n<p class=\"ap-StoryElement ap-StoryElement--mb ap-StoryText\">Plusieurs facteurs se combinent pour expliquer la r\u00e9surgence de ces maladies. D&rsquo;abord, une couverture vaccinale insuffisante, en particulier chez les populations migrantes ou marginalis\u00e9es. En Belgique, la vaccination contre la dipht\u00e9rie est obligatoire, mais elle ne couvre pas ceux qui n&rsquo;ont jamais \u00e9t\u00e9 immunis\u00e9s dans leur pays d&rsquo;origine.<\/p>\n<p class=\"ap-StoryElement ap-StoryElement--mb ap-StoryText\">Ensuite, la mobilit\u00e9 internationale, qui favorise la circulation des agents pathog\u00e8nes. Les mouvements de population \u00e0 travers l&rsquo;Europe, notamment des demandeurs d&rsquo;asile, ont \u00e9t\u00e9 au c\u0153ur de la transmission observ\u00e9e dans le cas de la dipht\u00e9rie.<\/p>\n<p class=\"ap-StoryElement ap-StoryElement--mb ap-StoryText\">Enfin, le r\u00e9chauffement climatique joue aussi un r\u00f4le croissant. Il entra\u00eene des d\u00e9placements humains, mais aussi animaux. Certains insectes, comme les moustiques ou les tiques, voient leur territoire s&rsquo;\u00e9tendre, ce qui favorise l&rsquo;\u00e9mergence de maladies vectorielles comme la dengue, la fi\u00e8vre de West Nile ou le chikungunya, toutes d\u00e9j\u00e0 d\u00e9tect\u00e9es en Europe.<\/p>\n","protected":false},"excerpt":{"rendered":"En Belgique, 14 cas ont \u00e9t\u00e9 recens\u00e9s en 2024, dont la majorit\u00e9 sous forme cutan\u00e9e. Parmi les cas&hellip;\n","protected":false},"author":2,"featured_media":178563,"comment_status":"","ping_status":"","sticky":false,"template":"","format":"standard","meta":{"footnotes":""},"categories":[1586],"tags":[31508,11,18735,9504,31509,31510,31511,31512,21102,31513,1212,31514,31515,31516,31517,1777,674,28534,31097,31518,1011,27,31519,72,31520,31521,28540,13849,31522,8701,9526,12005,18211,31523,31524,31525,31526,12,31527,31528,25,10363,31529,31530,43,31531,31532,31533,31534,31535,31536,5336],"class_list":{"0":"post-178562","1":"post","2":"type-post","3":"status-publish","4":"format-standard","5":"has-post-thumbnail","7":"category-europe","8":"tag-3d","9":"tag-actualites","10":"tag-attack","11":"tag-background","12":"tag-bacteria","13":"tag-bacterium","14":"tag-biological-weapon","15":"tag-biology","16":"tag-bugs","17":"tag-cells","18":"tag-closeup","19":"tag-corynebacterium","20":"tag-diphtheria","21":"tag-disease","22":"tag-epidemic","23":"tag-eu","24":"tag-europe","25":"tag-experiment","26":"tag-fever","27":"tag-fighting","28":"tag-fr","29":"tag-france","30":"tag-gram-positive","31":"tag-health","32":"tag-human","33":"tag-ill","34":"tag-illness","35":"tag-infection","36":"tag-macro","37":"tag-medical","38":"tag-medicine","39":"tag-micro","40":"tag-microbe","41":"tag-microbiology","42":"tag-microorganisms","43":"tag-microscope","44":"tag-microscopic","45":"tag-news","46":"tag-organism","47":"tag-pathology","48":"tag-republique-francaise","49":"tag-research","50":"tag-respiratory","51":"tag-rod-shaped","52":"tag-science","53":"tag-scientific","54":"tag-scientific-background","55":"tag-sick","56":"tag-sickness","57":"tag-three-dimensional","58":"tag-tonsils","59":"tag-virus"},"share_on_mastodon":{"url":"","error":"Validation failed: Text character limit of 500 exceeded"},"_links":{"self":[{"href":"https:\/\/www.europesays.com\/fr\/wp-json\/wp\/v2\/posts\/178562","targetHints":{"allow":["GET"]}}],"collection":[{"href":"https:\/\/www.europesays.com\/fr\/wp-json\/wp\/v2\/posts"}],"about":[{"href":"https:\/\/www.europesays.com\/fr\/wp-json\/wp\/v2\/types\/post"}],"author":[{"embeddable":true,"href":"https:\/\/www.europesays.com\/fr\/wp-json\/wp\/v2\/users\/2"}],"replies":[{"embeddable":true,"href":"https:\/\/www.europesays.com\/fr\/wp-json\/wp\/v2\/comments?post=178562"}],"version-history":[{"count":0,"href":"https:\/\/www.europesays.com\/fr\/wp-json\/wp\/v2\/posts\/178562\/revisions"}],"wp:featuredmedia":[{"embeddable":true,"href":"https:\/\/www.europesays.com\/fr\/wp-json\/wp\/v2\/media\/178563"}],"wp:attachment":[{"href":"https:\/\/www.europesays.com\/fr\/wp-json\/wp\/v2\/media?parent=178562"}],"wp:term":[{"taxonomy":"category","embeddable":true,"href":"https:\/\/www.europesays.com\/fr\/wp-json\/wp\/v2\/categories?post=178562"},{"taxonomy":"post_tag","embeddable":true,"href":"https:\/\/www.europesays.com\/fr\/wp-json\/wp\/v2\/tags?post=178562"}],"curies":[{"name":"wp","href":"https:\/\/api.w.org\/{rel}","templated":true}]}}