{"id":178568,"date":"2025-06-15T14:38:10","date_gmt":"2025-06-15T14:38:10","guid":{"rendered":"https:\/\/www.europesays.com\/fr\/178568\/"},"modified":"2025-06-15T14:38:10","modified_gmt":"2025-06-15T14:38:10","slug":"interdire-les-ecrans-aux-moins-de-3-ans-y-compris-a-la-maison-la-proposition-radicale-de-catherine-vautrin","status":"publish","type":"post","link":"https:\/\/www.europesays.com\/fr\/178568\/","title":{"rendered":"Interdire les \u00e9crans aux moins de 3\u00a0ans \u00ab\u00a0y compris \u00e0 la maison\u00a0\u00bb\u00a0? La proposition radicale de Catherine Vautrin"},"content":{"rendered":"<p>        <img decoding=\"async\" loading=\"lazy\" src=\"https:\/\/www.europesays.com\/fr\/wp-content\/uploads\/2025\/06\/1c04d02_upload-1-rmlvdoc6cim3-000-46dg8vb.jpg\"  width=\"728\" height=\"409\" alt=\"Catherine Vautrin, ici \u00e0 l\u2019Assembl\u00e9e nationale \u00e0 Paris, le 12\u00a0mai 2025. \"\/>  <\/p>\n<p>LUDOVIC MARIN \/ AFP<\/p>\n<p>Catherine Vautrin, ici \u00e0 l\u2019Assembl\u00e9e nationale \u00e0 Paris, le 12\u00a0mai 2025. <\/p>\n<p class=\"asset asset-text\">POLITIQUE &#8211; La ministre de la Sant\u00e9 et des Solidarit\u00e9s en croisade contre les smartphones, les tablettes et la t\u00e9l\u00e9vision chez les enfants. <a href=\"https:\/\/www.huffingtonpost.fr\/politique\/article\/pour-le-1er-mai-catherine-vautrin-se-dit-favorable-a-une-evolution-de-la-loi-pour-les-boulangeries-mais_249085.html\" target=\"_blank\" rel=\"noopener nofollow\" title=\"Nouvelle fen\u00eatre\">Catherine\u00a0Vautrin<\/a>\u00a0promet \u00ab\u00a0d\u2019interdire l\u2019exposition aux \u00e9crans pour les plus petits, de la naissance \u00e0 l\u2019\u00e2ge de 3 ans\u00a0\u00bb <a href=\"https:\/\/www.lejdd.fr\/politique\/interdiction-des-ecrans-conge-de-naissance-rsa-conditionne-le-plan-choc-de-catherine-vautrin-159177\" target=\"_blank\" rel=\"noopener nofollow\" title=\"Nouvelle fen\u00eatre\">dans un entretien ce dimanche 15\u00a0juin au JDD<\/a>, m\u00eame si elle convient que cette \u00ab\u00a0id\u00e9e\u00a0\u00bb rel\u00e8ve d\u2019un changement de paradigme de toute la soci\u00e9t\u00e9.<\/p>\n<p class=\"asset asset-text\">Cette interdiction devra s\u2019appliquer \u00ab\u00a0partout, y compris \u00e0 la maison\u00a0\u00bb bien que les autorit\u00e9s \u00ab\u00a0ne soient pas chez les gens pour le v\u00e9rifier\u00a0\u00bb, pr\u00e9cise Catherine\u00a0Vautrin.<\/p>\n<p class=\"asset asset-text\">C\u2019est une fa\u00e7on \u00ab\u00a0d\u2019insuffler l\u2019id\u00e9e que \u00e7a ne se fait pas\u00a0\u00bb, justifie la ministre qui fait un parall\u00e8le avec \u00ab\u00a0l\u2019interdiction de la fess\u00e9e\u00a0\u00bb. \u00ab\u00a0La police n\u2019est pas all\u00e9e v\u00e9rifier dans les foyers si l\u2019interdiction \u00e9tait appliqu\u00e9e, mais le fait de la proclamer a fini par ancrer l\u2019id\u00e9e qu\u2019on ne tape pas un enfant, m\u00eame d\u2019une \u201cpetite\u201d fess\u00e9e\u00a0\u00bb, expose-t-elle.<\/p>\n<p class=\"asset asset-text\">La ministre pr\u00e9voit cependant de publier \u00ab\u00a0dans les toutes prochaines semaines un arr\u00eat\u00e9 interdisant les \u00e9crans dans les lieux d\u2019accueil des enfants de moins de trois\u00a0ans\u00a0\u00bb.<\/p>\n<p class=\"asset asset-text\">\u00ab\u00a0Les professionnels ont d\u00e9j\u00e0 une forte sensibilit\u00e9 \u00e0 l\u2019impact des \u00e9crans sur les tout-petits. Ils ont contribu\u00e9 \u00e0 l\u2019\u00e9laboration d\u2019un r\u00e9f\u00e9rentiel sur la qualit\u00e9 d\u2019accueil qui mentionne d\u00e9j\u00e0 cette interdiction, et cela leur donnera une assise encore plus forte pour conseiller les parents\u00a0\u00bb, a expliqu\u00e9 Catherine\u00a0Vautrin.<\/p>\n<p>    Mentions dans le carnet de sant\u00e9 et le carnet de maternit\u00e9    <\/p>\n<p class=\"asset asset-text\">Des informations seront \u00e9galement envoy\u00e9es aux parents via la Caisse d\u2019allocations familiales et la Caisse d\u2019assurance maladie, avec des mentions dans le carnet de sant\u00e9 et le carnet de maternit\u00e9, a-t-elle pr\u00e9cis\u00e9.<\/p>\n<p class=\"asset asset-text\">Le carnet de sant\u00e9 entr\u00e9 en vigueur au 1er\u00a0janvier stipule \u00ab\u00a0pas d\u2019\u00e9cran avant trois ans\u00a0\u00bb, et pr\u00e9conise un usage \u00ab\u00a0occasionnel, limit\u00e9 \u00e0 des contenus \u00e0 qualit\u00e9 \u00e9ducative et accompagn\u00e9 par un adulte\u00a0\u00bb entre \u00ab\u00a0trois et six ans\u00a0\u00bb.<\/p>\n<p class=\"asset asset-text\">Le gouvernement m\u00e8nera en outre \u00ab\u00a0des campagnes de communication, de fa\u00e7on \u00e0 ce que personne ne puisse nous dire\u00a0:\u00a0\u201cJe ne savais pas\u201d.\u00a0\u00bb<\/p>\n<p class=\"asset asset-text\">Fin avril, un rapport publi\u00e9 par des experts de la sant\u00e9 a appel\u00e9 \u00e0 une \u00ab\u00a0prise de conscience collective\u00a0\u00bb face aux effets d\u00e9l\u00e9t\u00e8res des \u00e9crans sur les plus jeunes, chez lesquels l\u2019exposition aux tablettes, \u00e0 la t\u00e9l\u00e9vision, aux ordinateurs, aux t\u00e9l\u00e9phones ou aux jeux vid\u00e9o \u00ab\u00a0alt\u00e8rent durablement la sant\u00e9 et les capacit\u00e9s intellectuelles\u00a0\u00bb.<\/p>\n<p class=\"asset asset-text\">En avril\u00a02024, une commission d\u2019experts avait remis au pr\u00e9sident de la R\u00e9publique Emmanuel Macron <a href=\"https:\/\/www.huffingtonpost.fr\/life\/article\/interdire-les-ecrans-aux-moins-de-trois-ans-c-est-ce-que-preconise-entre-autres-ce-rapport_233326.html\" rel=\"nofollow noopener\" target=\"_blank\">un rapport avec une batterie de pr\u00e9conisations<\/a> dont celle de ne pas exposer aux \u00e9crans les enfants de moins de trois ans.<\/p>\n","protected":false},"excerpt":{"rendered":"LUDOVIC MARIN \/ AFP Catherine Vautrin, ici \u00e0 l\u2019Assembl\u00e9e nationale \u00e0 Paris, le 12\u00a0mai 2025. POLITIQUE &#8211; La&hellip;\n","protected":false},"author":2,"featured_media":178569,"comment_status":"","ping_status":"","sticky":false,"template":"","format":"standard","meta":{"footnotes":""},"categories":[2],"tags":[11,6970,20210,1719,1011,27,12,316,25,71],"class_list":{"0":"post-178568","1":"post","2":"type-post","3":"status-publish","4":"format-standard","5":"has-post-thumbnail","7":"category-actualites","8":"tag-actualites","9":"tag-catherine-vautrin","10":"tag-ecrans","11":"tag-enfants","12":"tag-fr","13":"tag-france","14":"tag-news","15":"tag-politique","16":"tag-republique-francaise","17":"tag-sante"},"share_on_mastodon":{"url":"https:\/\/pubeurope.com\/@fr\/114687895538316179","error":""},"_links":{"self":[{"href":"https:\/\/www.europesays.com\/fr\/wp-json\/wp\/v2\/posts\/178568","targetHints":{"allow":["GET"]}}],"collection":[{"href":"https:\/\/www.europesays.com\/fr\/wp-json\/wp\/v2\/posts"}],"about":[{"href":"https:\/\/www.europesays.com\/fr\/wp-json\/wp\/v2\/types\/post"}],"author":[{"embeddable":true,"href":"https:\/\/www.europesays.com\/fr\/wp-json\/wp\/v2\/users\/2"}],"replies":[{"embeddable":true,"href":"https:\/\/www.europesays.com\/fr\/wp-json\/wp\/v2\/comments?post=178568"}],"version-history":[{"count":0,"href":"https:\/\/www.europesays.com\/fr\/wp-json\/wp\/v2\/posts\/178568\/revisions"}],"wp:featuredmedia":[{"embeddable":true,"href":"https:\/\/www.europesays.com\/fr\/wp-json\/wp\/v2\/media\/178569"}],"wp:attachment":[{"href":"https:\/\/www.europesays.com\/fr\/wp-json\/wp\/v2\/media?parent=178568"}],"wp:term":[{"taxonomy":"category","embeddable":true,"href":"https:\/\/www.europesays.com\/fr\/wp-json\/wp\/v2\/categories?post=178568"},{"taxonomy":"post_tag","embeddable":true,"href":"https:\/\/www.europesays.com\/fr\/wp-json\/wp\/v2\/tags?post=178568"}],"curies":[{"name":"wp","href":"https:\/\/api.w.org\/{rel}","templated":true}]}}