{"id":178580,"date":"2025-06-15T14:47:08","date_gmt":"2025-06-15T14:47:08","guid":{"rendered":"https:\/\/www.europesays.com\/fr\/178580\/"},"modified":"2025-06-15T14:47:08","modified_gmt":"2025-06-15T14:47:08","slug":"cyclisme-tour-de-suisse-femmes","status":"publish","type":"post","link":"https:\/\/www.europesays.com\/fr\/178580\/","title":{"rendered":"Cyclisme. Tour de Suisse Femmes"},"content":{"rendered":"<p><strong>Marlen Reusser<\/strong> (Movistar) a remport\u00e9 la quatri\u00e8me et derni\u00e8re \u00e9tape du <a href=\"https:\/\/www.cyclismactu.net\/..\/news-tour-de-suisse-femmes-route-elisa-balsamo-s-impose-d-un-rien-sur-3e-etape-88355.html\" target=\"_blank\" rel=\"nofollow noopener\"><strong>Tour de Suisse Women<\/strong><\/a>, disput\u00e9e autour de K\u00fcssnacht, et s\u2019est ainsi adjug\u00e9e le classement g\u00e9n\u00e9ral. Gr\u00e2ce \u00e0 une attaque d\u00e9cisive dans les derniers kilom\u00e8tres, la Suissesse a devanc\u00e9 <strong>Kasia Niewiadoma<\/strong> (Canyon\/\/SRAM Racing) et <strong>Demi Vollering<\/strong> (FDJ-SUEZ), incapables de r\u00e9pondre \u00e0 son acc\u00e9l\u00e9ration.<\/p>\n<p>Vid\u00e9o &#8211; La veille, Elisa Balsamo avait remport\u00e9 la 3e \u00e9tape Lire la suite de l&rsquo;article&#13;<\/p>\n<p>\u00a0<\/p>\n<p>&#13;<br \/>\nLe r\u00e9sum\u00e9&#13;<\/p>\n<p>La derni\u00e8re \u00e9tape, rendue pi\u00e9geuse par la pluie, a \u00e9t\u00e9 marqu\u00e9e par de nombreuses attaques et une course nerveuse d\u00e8s le d\u00e9part. Apr\u00e8s plusieurs tentatives, dont celles de<strong> Fariba Hashimi<\/strong> (Ceratizit-WNT Pro Cycling) et d\u2019un trio comprenant <strong>Henrietta Christie<\/strong> (EF Education\u2013Oatly), <strong>Julia Borgstr\u00f6m<\/strong> (AG Insurance\u2013Soudal Team) et <strong>Steffi H\u00e4berlin <\/strong>(SD Worx\u2013Protime), le peloton est revenu dans la derni\u00e8re difficult\u00e9, la Michaelskreuzstrasse. C\u2019est l\u00e0 que <strong>Marlen Reusser <\/strong>(Movistar Team) a pris les choses en main, imposant un rythme \u00e9lev\u00e9 pour isoler les favorites. Dans la descente, <strong>Kasia Niewiadoma <\/strong>(Canyon\/\/SRAM Racing) a tent\u00e9 de fausser compagnie au groupe, mais c\u2019est <strong>Reusser <\/strong>qui a port\u00e9 l\u2019attaque d\u00e9cisive \u00e0 10 kilom\u00e8tres de l\u2019arriv\u00e9e. <strong>Demi Vollering<\/strong> (FDJ-SUEZ), \u00e0 bout de forces, n\u2019a pas pu suivre, laissant la Suissesse filer vers la victoire d\u2019\u00e9tape et le g\u00e9n\u00e9ral.<\/p>\n<p>Tour de Suisse Femmes &#8211; Classement de la 4\u00e8 \u00e9tape Tour de Suisse Femmes &#8211; Classement g\u00e9n\u00e9ral<\/p>\n","protected":false},"excerpt":{"rendered":"Marlen Reusser (Movistar) a remport\u00e9 la quatri\u00e8me et derni\u00e8re \u00e9tape du Tour de Suisse Women, disput\u00e9e autour de&hellip;\n","protected":false},"author":2,"featured_media":178581,"comment_status":"","ping_status":"","sticky":false,"template":"","format":"standard","meta":{"footnotes":""},"categories":[1411],"tags":[1154,207,211,1011,27,209,60,210,31537,212,208,213],"class_list":{"0":"post-178580","1":"post","2":"type-post","3":"status-publish","4":"format-standard","5":"has-post-thumbnail","7":"category-cyclisme","8":"tag-cycling","9":"tag-cyclisme","10":"tag-ffc","11":"tag-fr","12":"tag-france","13":"tag-route","14":"tag-sports","15":"tag-tour-de-france","16":"tag-tour-de-suisse-femmes","17":"tag-uci","18":"tag-velo","19":"tag-world-tour"},"share_on_mastodon":{"url":"https:\/\/pubeurope.com\/@fr\/114687930807236506","error":""},"_links":{"self":[{"href":"https:\/\/www.europesays.com\/fr\/wp-json\/wp\/v2\/posts\/178580","targetHints":{"allow":["GET"]}}],"collection":[{"href":"https:\/\/www.europesays.com\/fr\/wp-json\/wp\/v2\/posts"}],"about":[{"href":"https:\/\/www.europesays.com\/fr\/wp-json\/wp\/v2\/types\/post"}],"author":[{"embeddable":true,"href":"https:\/\/www.europesays.com\/fr\/wp-json\/wp\/v2\/users\/2"}],"replies":[{"embeddable":true,"href":"https:\/\/www.europesays.com\/fr\/wp-json\/wp\/v2\/comments?post=178580"}],"version-history":[{"count":0,"href":"https:\/\/www.europesays.com\/fr\/wp-json\/wp\/v2\/posts\/178580\/revisions"}],"wp:featuredmedia":[{"embeddable":true,"href":"https:\/\/www.europesays.com\/fr\/wp-json\/wp\/v2\/media\/178581"}],"wp:attachment":[{"href":"https:\/\/www.europesays.com\/fr\/wp-json\/wp\/v2\/media?parent=178580"}],"wp:term":[{"taxonomy":"category","embeddable":true,"href":"https:\/\/www.europesays.com\/fr\/wp-json\/wp\/v2\/categories?post=178580"},{"taxonomy":"post_tag","embeddable":true,"href":"https:\/\/www.europesays.com\/fr\/wp-json\/wp\/v2\/tags?post=178580"}],"curies":[{"name":"wp","href":"https:\/\/api.w.org\/{rel}","templated":true}]}}