{"id":178610,"date":"2025-06-15T15:04:13","date_gmt":"2025-06-15T15:04:13","guid":{"rendered":"https:\/\/www.europesays.com\/fr\/178610\/"},"modified":"2025-06-15T15:04:13","modified_gmt":"2025-06-15T15:04:13","slug":"les-1-000-vies-de-maitre-andre-buffard-de-lasse-a-ses-grands-proces","status":"publish","type":"post","link":"https:\/\/www.europesays.com\/fr\/178610\/","title":{"rendered":"\u00ab\u00a0Les 1\u00a0000 vies de Ma\u00eetre Andr\u00e9 Buffard\u00a0\u00bb, de l\u2019ASSE \u00e0 ses grands proc\u00e8s"},"content":{"rendered":"<blockquote class=\"question\"><p>Comment a germ\u00e9 l\u2019id\u00e9e de faire ce livre ensemble\u00a0?<\/p><\/blockquote>\n<p>Andr\u00e9 Buffard\u00a0: \u00ab\u00a0J\u2019ai \u00e9crit des polars judiciaires, ce qui permet de se cacher derri\u00e8re les personnages. Mais j\u2019ai toujours gard\u00e9 un certain nombre de dossiers en me disant que, quand j\u2019aurais le temps, j\u2019\u00e9crirais. Le temps passe et je n\u2019ai toujours pas trouv\u00e9 le temps. Je connais Marie Perrin depuis une dizaine d\u2019ann\u00e9es, quand elle est devenue chroniqueuse judiciaire pour Le Progr\u00e8s. J\u2019ai alors trouv\u00e9 quelqu\u2019un judiciaire qui va raconter une histoire, saisir l\u2019humain et les tournants d\u2019un proc\u00e8s. Le chroniqueur judiciaire doit extraire la substantifique moelle du proc\u00e8s et Marie Perrin le fait tr\u00e8s bien. Je me suis dit qu\u2019elle \u00e9tait l\u2019interm\u00e9diaire la plus en phase pour \u00e9crire ces histoires qui rappellent que la r\u00e9alit\u00e9 d\u00e9passe souvent la fiction.\u00a0\u00bb<\/p>\n<p>\u00ab\u00a0Derri\u00e8re chaque proc\u00e8s, il y a un humain et des personnages hors normes\u00a0\u00bb<\/p>\n<blockquote class=\"question\"><p>Que retrouve-t-on dans ce livre\u00a0?<\/p><\/blockquote>\n<p>A. B.\u00a0: \u00ab\u00a0\u00c7a ne se veut pas des m\u00e9moires d\u2019un avocat, qui tournent souvent \u00e0 un r\u00e9cit d\u2019exploits ennuyeux. L\u2019id\u00e9e \u00e9tait de raconter des histoires et la vie des gens. Marie Perrin fait la synth\u00e8se de l\u2019affaire et je raconte les \u00e9v\u00e9nements. Je propose une histoire dans l\u2019histoire. Pour l\u2019affaire Romand par exemple, je raconte les trois reconstitutions. Derri\u00e8re chaque histoire, chaque proc\u00e8s, il y a un humain et des personnages hors normes.\u00a0\u00bb<\/p>\n<p>Marie Perrin\u00a0: \u00ab\u00a0On passe de dix grands proc\u00e8s qui ont d\u00e9fray\u00e9 la chronique, \u00e0 des affaires insolites comme celle de l\u2019empoisonneuse de Tarentaise, mais aussi \u00e0 des rencontres improbables, par exemple avec l\u2019acteur <a href=\"https:\/\/www.leprogres.fr\/p\/pierre-richard\" target=\"_blank\" rel=\"noopener\">Pierre Richard<\/a> ou l\u2019homme d\u2019affaires <a href=\"https:\/\/www.leprogres.fr\/p\/bernard-tapie\" target=\"_blank\" rel=\"noopener\">Bernard Tapie<\/a>. On ne fait pas le r\u00e9sum\u00e9 des proc\u00e8s. Ce n\u2019est pas un livre technique mais il s\u2019agit plut\u00f4t des 1\u00a0000 vies d\u2019Andr\u00e9 Buffard \u00e0 travers le monde et au coin de la rue.\u00a0\u00bb<\/p>\n<p>\u00ab\u00a0On d\u00e9couvre l\u2019affaire du c\u00f4t\u00e9 des coulisses. Cela permet de d\u00e9couvrir des choses incroyables. Je mets les lecteurs au d\u00e9fi de ne pas d\u00e9couvrir quelque chose dans chaque proc\u00e8s, m\u00eame sur une affaire aussi m\u00e9diatis\u00e9e que celle de Jean-Claude Romand, le faux m\u00e9decin qui a abattu ses parents, sa femme et ses deux enfants.\u00a0\u00bb<\/p>\n<p>  \u00ab\u00a0Le travail d\u2019un avocat est de rendre \u00e0 un accus\u00e9 son humanit\u00e9\u00a0\u00bb<\/p>\n<blockquote class=\"question\"><p>Ce qui ressort de ce livre, c\u2019est l\u2019humain. M\u00eame des assassins comme le terroriste Carlos ou Chanal retrouvent une part d\u2019humanit\u00e9\u2026<\/p><\/blockquote>\n<p>A. B.\u00a0: \u00ab\u00a0Le travail d\u2019un avocat est de rendre \u00e0 un accus\u00e9 son humanit\u00e9, peu importe le crime qu\u2019il a pu commettre. Je raconte par exemple l\u2019attitude de Chanal quand il \u00e9coute le nouveau disque de Johnny. Je raconte le c\u00f4t\u00e9 humain et \u00e7a casse avec l\u2019image du monstre.\u00a0\u00bb<\/p>\n<p>M. P.\u00a0: \u00ab\u00a0Cet aspect humain est tr\u00e8s important chez Andr\u00e9 Buffard. Il y a beaucoup de proc\u00e8s o\u00f9 l\u2019on s\u2019ennuie et d\u2019autres o\u00f9 les plan\u00e8tes s\u2019alignent. Avec lui, rien n\u2019est acquis. Le proc\u00e8s devient une mati\u00e8re vivante et l\u2019on comprend que la justice sert \u00e0 quelque chose.\u00a0\u00bb<\/p>\n<blockquote class=\"question\"><p>Ce livre permet \u00e9galement de retracer en filigrane votre carri\u00e8re qui a d\u00e9but\u00e9 dans le football\u2026<\/p><\/blockquote>\n<p>A. B.\u00a0: \u00ab\u00a0J\u2019ai eu deux vies professionnelles. Durant une dizaine d\u2019ann\u00e9es, j\u2019ai \u00e9t\u00e9 tr\u00e8s impliqu\u00e9 dans le sport. J\u2019ai pass\u00e9 mon DESS en 1972 avec un m\u00e9moire sur le statut du joueur professionnel. J\u2019\u00e9tais passionn\u00e9 de foot, supporter de l\u2019ASSE. Je suis rentr\u00e9 au conseil d\u2019administration de l\u2019AS Saint-\u00c9tienne en 1978, sous le r\u00e8gne de Roger Rocher. Certains administrateurs d\u00e9couvrent une double comptabilit\u00e9, ils me demandent de faire quelque chose. Je vais voir Rocher pour l\u2019avertir qu\u2019on va lui demander des pr\u00e9cisions au prochain CA. Il hurle, me fait sortir et en 24 heures tous les m\u00e9dias nationaux sont l\u00e0. Si j\u2019avais mesur\u00e9 la masse de menaces, de violences, je n\u2019aurais pas eu le courage de le faire. Mais quelque part, je pense qu\u2019on a emp\u00each\u00e9 que le club ne soit liquid\u00e9.\u00a0\u00bb<\/p>\n<p>  \u00ab\u00a0Il est plus difficile de se faire respecter qu\u2019avant\u00a0\u00bb<\/p>\n<blockquote class=\"question\"><p>Votre carri\u00e8re dans le football ne s\u2019est pas arr\u00eat\u00e9e l\u00e0 pour autant\u00a0?<\/p><\/blockquote>\n<p>A. B.\u00a0: \u00ab\u00a0Apr\u00e8s cette exp\u00e9rience, j\u2019ai c\u00f4toy\u00e9 les plus grands joueurs du championnat de France, conseill\u00e9 de grands entra\u00eeneurs comme <a href=\"https:\/\/www.leprogres.fr\/p\/aime-jacquet\" target=\"_blank\" rel=\"noopener\">Aim\u00e9 Jacquet<\/a>. Je me suis retir\u00e9 quand Bernard Tapie est rentr\u00e9 dans le foot. J\u2019ai d\u00e9fendu Alex, Aloisio et Levytsky dans l\u2019affaire des faux passeports. Il y a deux ans, j\u2019ai encore d\u00e9fendu les int\u00e9r\u00eats de Bayal Sall quand il \u00e9tait au Qatar. Mais dans l\u2019ensemble, j\u2019ai quitt\u00e9 le foot au d\u00e9but des ann\u00e9es 90 et je suis revenu \u00e0 mes premiers amours\u00a0: le p\u00e9nal. J\u2019ai eu rapidement de grands proc\u00e8s comme Chanal, Romand, Carlos ou Action directe.\u00a0\u00bb<\/p>\n<blockquote class=\"question\"><p>On voyage \u00e9galement dans ce livre\u2026<\/p><\/blockquote>\n<p>A. B.\u00a0: \u00ab\u00a0Pour d\u00e9fendre SNF pour un vol de brevets, je suis all\u00e9 \u00e0 P\u00e9kin. J\u2019ai plaid\u00e9 \u00e0 Los Angeles. J\u2019ai d\u00fb me rendre en Angola pour retrouver un assassin, mais aussi en Am\u00e9rique du sud,\u00a0etc.\u00a0\u00bb<\/p>\n<blockquote class=\"question\"><p>En 53 ans et 800 proc\u00e8s d\u2019assises, avez-vous not\u00e9 une \u00e9volution du m\u00e9tier d\u2019avocat\u00a0?<\/p><\/blockquote>\n<p>A. B.\u00a0: \u00ab\u00a0Les d\u00e9bats sont plus muscl\u00e9s qu\u2019avant. La d\u00e9fense est plus difficile, car la grande d\u00e9linquance est li\u00e9e au trafic de drogue. Il est plus difficile de se faire respecter qu\u2019avant.\u00a0\u00bb<\/p>\n<blockquote class=\"question\"><p>Un autre proc\u00e8s approche, celui de l\u2019affaire \u00e0 la sextape \u00e0 la mairie de Saint-\u00c9tienne. Qu\u2019est-ce qui vous a convaincu de d\u00e9fendre <a href=\"https:\/\/www.leprogres.fr\/p\/gilles-artigues\" target=\"_blank\" rel=\"noopener\">Gilles Artigues<\/a>\u00a0?<\/p><\/blockquote>\n<p>A. B.\u00a0: \u00ab\u00a0Il y a d\u2019abord le drame d\u2019un homme victime d\u2019un chantage odieux dont la vie a \u00e9t\u00e9 bris\u00e9e. J\u2019\u00e9tais incr\u00e9dule quand il m\u2019a racont\u00e9 cette histoire. Quand j\u2019entends cet enregistrement o\u00f9 le directeur de cabinet dit \u201cvos enfants ne s\u2019en remettront pas\u2026\u201d et que le maire ne r\u00e9agit pas, je d\u00e9cide de le d\u00e9fendre. Cette sc\u00e8ne pour moi r\u00e9sume tout. Le reste, c\u2019est \u00e0 la justice de dire qui a fait quoi.\u00a0\u00bb<\/p>\n<p>        &#13;<br \/>\n          <a href=\"https:\/\/cdn-s-www.leprogres.fr\/images\/cd287d38-baba-407e-99ea-17af099d2dc4\/NW_raw\/pour-acheter-ce-livre-scannez-ce-qr-code-1749902289.jpg\" title=\"Pour acheter ce livre, scannez ce QR code.\" class=\"chocolat-image GA-tracking\" data-ga_type=\"click\" data-ga_category=\"D\u00e9tail\" data-ga_action=\"zoomer\" data-ga_label=\"agrandir image\" target=\"_blank\" rel=\"noopener\">&#13;<br \/>\n            <img loading=\"lazy\" decoding=\"async\" src=\"https:\/\/www.europesays.com\/fr\/wp-content\/uploads\/2025\/06\/pour-acheter-ce-livre-scannez-ce-qr-code-1749902289.jpg\" alt=\"Pour acheter ce livre, scannez ce QR code.\"\/>&#13;<br \/>\n          <\/a>&#13;<br \/>\n          &#13;<\/p>\n<p class=\"insetTitle\">S\u00e9ance de d\u00e9dicaces au Progr\u00e8s le 21\u00a0juin<\/p>\n<p>Coups de Ma\u00eetre est \u00e9dit\u00e9 par Le Progr\u00e8s. Le livre est en vente au prix de 19,60\u00a0\u20ac chez les marchands de journaux et sur la boutique de notre site, ou en scannant ce QR code.<\/p>\n<p>Deux s\u00e9ances de d\u00e9dicaces de Marie Perrin et Andr\u00e9 Buffard sont programm\u00e9es\u00a0:<\/p>\n<p>&#8211; \u00c0 la Librairie de Paris, le 18\u00a0juin \u00e0 partir de 17\u00a0h\u00a030.<\/p>\n<p>&#8211; \u00c0 la r\u00e9daction du journal Le Progr\u00e8s (6 esplanade de France, quartier Ch\u00e2teaucreux), le 21\u00a0juin, de 10\u00a0h\u00a030 \u00e0 12 heures.<\/p>\n","protected":false},"excerpt":{"rendered":"Comment a germ\u00e9 l\u2019id\u00e9e de faire ce livre ensemble\u00a0? Andr\u00e9 Buffard\u00a0: \u00ab\u00a0J\u2019ai \u00e9crit des polars judiciaires, ce qui&hellip;\n","protected":false},"author":2,"featured_media":178611,"comment_status":"","ping_status":"","sticky":false,"template":"","format":"standard","meta":{"footnotes":""},"categories":[9653],"tags":[1111,11,2430,1687,7539,1777,674,274,107,1011,27,2410,3367,12,25,4001,7538,273,10806],"class_list":{"0":"post-178610","1":"post","2":"type-post","3":"status-publish","4":"format-standard","5":"has-post-thumbnail","7":"category-saint-etienne","8":"tag-actu","9":"tag-actualites","10":"tag-auvergne-rhone-alpes","11":"tag-culture-loisirs","12":"tag-edition-loire-sud","13":"tag-eu","14":"tag-europe","15":"tag-faits-divers-justice","16":"tag-fil-info","17":"tag-fr","18":"tag-france","19":"tag-livres-bd","20":"tag-loire","21":"tag-news","22":"tag-republique-francaise","23":"tag-saint-etienne","24":"tag-saint-etienne-ville","25":"tag-selection-de-la-redaction","26":"tag-selection-de-la-redaction-42"},"share_on_mastodon":{"url":"https:\/\/pubeurope.com\/@fr\/114687997646247751","error":""},"_links":{"self":[{"href":"https:\/\/www.europesays.com\/fr\/wp-json\/wp\/v2\/posts\/178610","targetHints":{"allow":["GET"]}}],"collection":[{"href":"https:\/\/www.europesays.com\/fr\/wp-json\/wp\/v2\/posts"}],"about":[{"href":"https:\/\/www.europesays.com\/fr\/wp-json\/wp\/v2\/types\/post"}],"author":[{"embeddable":true,"href":"https:\/\/www.europesays.com\/fr\/wp-json\/wp\/v2\/users\/2"}],"replies":[{"embeddable":true,"href":"https:\/\/www.europesays.com\/fr\/wp-json\/wp\/v2\/comments?post=178610"}],"version-history":[{"count":0,"href":"https:\/\/www.europesays.com\/fr\/wp-json\/wp\/v2\/posts\/178610\/revisions"}],"wp:featuredmedia":[{"embeddable":true,"href":"https:\/\/www.europesays.com\/fr\/wp-json\/wp\/v2\/media\/178611"}],"wp:attachment":[{"href":"https:\/\/www.europesays.com\/fr\/wp-json\/wp\/v2\/media?parent=178610"}],"wp:term":[{"taxonomy":"category","embeddable":true,"href":"https:\/\/www.europesays.com\/fr\/wp-json\/wp\/v2\/categories?post=178610"},{"taxonomy":"post_tag","embeddable":true,"href":"https:\/\/www.europesays.com\/fr\/wp-json\/wp\/v2\/tags?post=178610"}],"curies":[{"name":"wp","href":"https:\/\/api.w.org\/{rel}","templated":true}]}}