{"id":178612,"date":"2025-06-15T15:07:22","date_gmt":"2025-06-15T15:07:22","guid":{"rendered":"https:\/\/www.europesays.com\/fr\/178612\/"},"modified":"2025-06-15T15:07:22","modified_gmt":"2025-06-15T15:07:22","slug":"nancy-croissant-baguette-pate-lorrain-les-artisans-boulangers-patissiers-primes-a-la-foire-expo","status":"publish","type":"post","link":"https:\/\/www.europesays.com\/fr\/178612\/","title":{"rendered":"Nancy. Croissant, baguette, p\u00e2t\u00e9 lorrain, les artisans boulangers p\u00e2tissiers prim\u00e9s \u00e0 la Foire expo"},"content":{"rendered":"<p>Six concours ont anim\u00e9 le stand gourmand de la f\u00e9d\u00e9ration tout au long de la Foire expo.<\/p>\n<p><strong>Meilleur pain au chocolat<\/strong> \u00a0: duel nanc\u00e9ien au sommet. Benjamin Moeling (boulangerie Frencci, Nancy) s\u2019est impos\u00e9. Il devance Manon Coupaye (boulangerie G\u00e9rard, Nancy) et K\u00e9vin Sinic (boulangerie Lamidor\u00e9, Vandoeuvre).<\/p>\n<p><strong>Meilleur croissant courb\u00e9<\/strong> \u00a0: Manon Coupaye (boulangerie G\u00e9rard \u00e0 Nancy) a d\u00e9croch\u00e9 la premi\u00e8re place devant Adrien Florentin (boulangerie Florentin, Vandoeuvre) et Corentin Houdy (boulangerie Le Pain au levain, Frouard).<\/p>\n<p><strong>P\u00e2t\u00e9 lorrain<\/strong> \u00a0: le concours a couronn\u00e9 Jordan Martin (maison Martin JM, Toul). Louane Colin (L\u2019Atelier d\u2019Aline, Moncel-sur-Seille) et R\u00e9gis Wawrzyniak (Graines de boulanger, Labry) compl\u00e8tent le palmar\u00e8s.<\/p>\n<p><strong>Baguette tradition<\/strong> \u00a0: le jury a rendu son verdict\u00a0en primant K\u00e9vin Sinic (boulangerie Lamidor\u00e9, Vandoeuvre). Suivent Mathieu Thomas (Les Gourmands disent) et Adrien Florentin (boulangerie Florentin, Vandoeuvre).<\/p>\n<p><strong>Quiche Lorraine fa\u00e7on Jean-Pierre Coffe.<\/strong> Ana\u00efs Kieffer (boulangerie Sucr\u00e9 Sal\u00e9, Nancy) a su s\u00e9duire le jury. Elle devance Cyrille Henrion (Le Pain au levain, Frouard) et Julien Pitoy (Gourmandises de la seille, Nomeny).<\/p>\n<p><strong>Tarte au fromage blanc<\/strong>. Anita Florentin (boulangerie Florentin, Vandoeuvre) l\u2019emporte, suivie de Nicolas Kieffer (Sucr\u00e9 Sal\u00e9, Nancy) et Thomas Vidart (boulangerie Nathalie Lalonde, Nancy).<\/p>\n","protected":false},"excerpt":{"rendered":"Six concours ont anim\u00e9 le stand gourmand de la f\u00e9d\u00e9ration tout au long de la Foire expo. Meilleur&hellip;\n","protected":false},"author":2,"featured_media":178613,"comment_status":"","ping_status":"","sticky":false,"template":"","format":"standard","meta":{"footnotes":""},"categories":[9635],"tags":[1111,11,1687,1707,1704,1706,1705,1777,674,1685,28012,1011,27,775,1702,1703,12,25],"class_list":{"0":"post-178612","1":"post","2":"type-post","3":"status-publish","4":"format-standard","5":"has-post-thumbnail","7":"category-nancy","8":"tag-actu","9":"tag-actualites","10":"tag-culture-loisirs","11":"tag-edition-luneville","12":"tag-edition-nancy-et-agglomeration","13":"tag-edition-pont-a-mousson","14":"tag-edition-toul","15":"tag-eu","16":"tag-europe","17":"tag-foire-et-salon","18":"tag-foire-exposition-de-nancy","19":"tag-fr","20":"tag-france","21":"tag-grand-est","22":"tag-nancy","23":"tag-nancy-ville-54b","24":"tag-news","25":"tag-republique-francaise"},"share_on_mastodon":{"url":"https:\/\/pubeurope.com\/@fr\/114688009359669388","error":""},"_links":{"self":[{"href":"https:\/\/www.europesays.com\/fr\/wp-json\/wp\/v2\/posts\/178612","targetHints":{"allow":["GET"]}}],"collection":[{"href":"https:\/\/www.europesays.com\/fr\/wp-json\/wp\/v2\/posts"}],"about":[{"href":"https:\/\/www.europesays.com\/fr\/wp-json\/wp\/v2\/types\/post"}],"author":[{"embeddable":true,"href":"https:\/\/www.europesays.com\/fr\/wp-json\/wp\/v2\/users\/2"}],"replies":[{"embeddable":true,"href":"https:\/\/www.europesays.com\/fr\/wp-json\/wp\/v2\/comments?post=178612"}],"version-history":[{"count":0,"href":"https:\/\/www.europesays.com\/fr\/wp-json\/wp\/v2\/posts\/178612\/revisions"}],"wp:featuredmedia":[{"embeddable":true,"href":"https:\/\/www.europesays.com\/fr\/wp-json\/wp\/v2\/media\/178613"}],"wp:attachment":[{"href":"https:\/\/www.europesays.com\/fr\/wp-json\/wp\/v2\/media?parent=178612"}],"wp:term":[{"taxonomy":"category","embeddable":true,"href":"https:\/\/www.europesays.com\/fr\/wp-json\/wp\/v2\/categories?post=178612"},{"taxonomy":"post_tag","embeddable":true,"href":"https:\/\/www.europesays.com\/fr\/wp-json\/wp\/v2\/tags?post=178612"}],"curies":[{"name":"wp","href":"https:\/\/api.w.org\/{rel}","templated":true}]}}