{"id":178615,"date":"2025-06-15T15:09:09","date_gmt":"2025-06-15T15:09:09","guid":{"rendered":"https:\/\/www.europesays.com\/fr\/178615\/"},"modified":"2025-06-15T15:09:09","modified_gmt":"2025-06-15T15:09:09","slug":"arrete-de-jouer-tout-seul-quand-tuicuvu-recadre-sechement-serin-en-plein-match","status":"publish","type":"post","link":"https:\/\/www.europesays.com\/fr\/178615\/","title":{"rendered":"\u00abArr\u00eate de jouer tout seul\u00bb, quand Tuicuvu recadre s\u00e8chement Serin en plein match"},"content":{"rendered":"<p><strong>LE SCAN SPORT &#8211; <\/strong>\u00c9quip\u00e9 d\u2019un micro par Canal +, l\u2019ailier fidjien a interpell\u00e9 son demi de m\u00eal\u00e9e en plein barrage contre le CO, alors que Toulon \u00e9tait en difficult\u00e9.<\/p>\n<p class=\"fig-paragraph\"><a href=\"http:\/\/www.lefigaro.fr\/sports\/rugby\/top-14\/toulon-castres-wainiqolo-sur-puissant-jaminet-splendide-nonu-pour-l-histoire-les-tops-flops-du-barrage-20250615\" data-fig-type=\"NewsFlash\" data-gtm-custom-categorie=\"navigation\" data-gtm-custom-action=\"crossclick\" data-gtm-custom-label=\"Contextuel\" data-gtm-event=\"customEventSPE\" data-fig-domain=\"LEFIGARO\" target=\"_blank\" rel=\"noopener\">Toulon s\u2019est impos\u00e9 en barrage de Top 14<\/a>\u00a0contre Castres samedi (52-23), gr\u00e2ce \u00e0 une grande seconde p\u00e9riode o\u00f9 les Toulonnais ont marqu\u00e9 six essais. \u00c9limin\u00e9s \u00e0 ce m\u00eame stade de la comp\u00e9tition la saison pass\u00e9e,\u00a0<a href=\"http:\/\/www.lefigaro.fr\/sports\/rugby\/top-14\/top-14-ca-nous-apporte-un-peu-plus-de-confiance-pour-la-demi-finale-face-a-l-ubb-espere-mignoni-rct-20250615\" data-fig-type=\"NewsFlash\" data-gtm-custom-categorie=\"navigation\" data-gtm-custom-action=\"crossclick\" data-gtm-custom-label=\"Contextuel\" data-gtm-event=\"customEventSPE\" data-fig-domain=\"LEFIGARO\" target=\"_blank\" rel=\"noopener\">les Toulonnais<\/a>, troisi\u00e8mes du championnat, n\u2019ont pas laiss\u00e9 passer leur chance cette fois au stade Mayol, et ont surclass\u00e9 Castres en seconde p\u00e9riode, alors qu\u2019ils ne menaient que 12-10 \u00e0 la pause.<\/p>\n<p class=\"fig-paragraph\">Alors que les Varois \u00e9taient bouscul\u00e9s lors du premier acte, une s\u00e9quence in\u00e9dite a \u00e9t\u00e9 capt\u00e9e par Canal +.\u00a0<a href=\"http:\/\/www.lefigaro.fr\/sports\/rugby\/top-14\/top-14-tuicuvu-prolonge-au-rc-toulon-jusqu-en-2028-20250205\" data-fig-type=\"NewsFlash\" data-gtm-custom-categorie=\"navigation\" data-gtm-custom-action=\"crossclick\" data-gtm-custom-label=\"Contextuel\" data-gtm-event=\"customEventSPE\" data-fig-domain=\"LEFIGARO\" target=\"_blank\" rel=\"noopener\">Setariki Tuicuvu<\/a>\u00a0avait en effet un micro plac\u00e9 sur lui et la cha\u00eene crypt\u00e9e a enregistr\u00e9 un moment o\u00f9 l\u2019ailier fidjien interpelle directement son demi de m\u00eal\u00e9e\u00a0<a href=\"http:\/\/www.lefigaro.fr\/sports\/rugby\/xv-de-france\/xv-de-france-pourquoi-baptiste-serin-est-il-snobe-par-fabien-galthie-20250116\" data-fig-type=\"NewsFlash\" data-gtm-custom-categorie=\"navigation\" data-gtm-custom-action=\"crossclick\" data-gtm-custom-label=\"Contextuel\" data-gtm-event=\"customEventSPE\" data-fig-domain=\"LEFIGARO\" target=\"_blank\" rel=\"noopener\">Baptiste Serin<\/a>, en lui lan\u00e7ant\u00a0: \u00abBaptiste, arr\u00eate de jouer tout seul. Tu me casses les cou&#8230;. Pense \u00e0 l\u2019\u00e9quipe\u00a0!\u00bb<\/p>\n<p class=\"fig-paragraph\">Un message finalement bien re\u00e7u par le num\u00e9ro 9 international (46 s\u00e9lections), qui a particip\u00e9 au r\u00e9veil du RC Toulon en inscrivant le deuxi\u00e8me des six essais varois (55e), avant de c\u00e9der sa place \u00e0 la 63e minute. Les Toulonnais se sont qualifi\u00e9s pour les demi-finales huit ans apr\u00e8s leur derni\u00e8re apparition \u00e0 ce niveau de la comp\u00e9tition. Ils affronteront samedi (21h05)\u00a0<a href=\"http:\/\/www.lefigaro.fr\/sports\/rugby\/coupe-d-europe\/champions-cup-l-ubb-prend-date-une-deuxieme-ligne-de-mammouths-pollock-musele-les-coups-de-coeur-et-coups-de-griffe-de-notre-envoye-special-20250525\" data-fig-type=\"NewsFlash\" data-gtm-custom-categorie=\"navigation\" data-gtm-custom-action=\"crossclick\" data-gtm-custom-label=\"Contextuel\" data-gtm-event=\"customEventSPE\" data-fig-domain=\"LEFIGARO\" target=\"_blank\" rel=\"noopener\">Bordeaux-B\u00e8gles<\/a>, le nouveau champion d\u2019Europe.<\/p>\n","protected":false},"excerpt":{"rendered":"LE SCAN SPORT &#8211; \u00c9quip\u00e9 d\u2019un micro par Canal +, l\u2019ailier fidjien a interpell\u00e9 son demi de m\u00eal\u00e9e&hellip;\n","protected":false},"author":2,"featured_media":178616,"comment_status":"","ping_status":"","sticky":false,"template":"","format":"standard","meta":{"footnotes":""},"categories":[9619],"tags":[1111,11,525,4590,1981,2313,814,1777,674,1011,27,4977,955,12,4589,882,2311,3461,25,1980,479,10405,2259,478,2310,2312],"class_list":{"0":"post-178615","1":"post","2":"type-post","3":"status-publish","4":"format-standard","5":"has-post-thumbnail","7":"category-toulon","8":"tag-actu","9":"tag-actualites","10":"tag-calendrier","11":"tag-championnat-france","12":"tag-classement","13":"tag-clermont","14":"tag-direct","15":"tag-eu","16":"tag-europe","17":"tag-fr","18":"tag-france","19":"tag-le-scan-sport","20":"tag-match","21":"tag-news","22":"tag-phase-finale","23":"tag-provence-alpes-cote-dazur","24":"tag-racing","25":"tag-rct","26":"tag-republique-francaise","27":"tag-resultats","28":"tag-rugby","29":"tag-rugby-club-toulonnais","30":"tag-score","31":"tag-top-14","32":"tag-toulon","33":"tag-toulouse"},"share_on_mastodon":{"url":"https:\/\/pubeurope.com\/@fr\/114688017294474392","error":""},"_links":{"self":[{"href":"https:\/\/www.europesays.com\/fr\/wp-json\/wp\/v2\/posts\/178615","targetHints":{"allow":["GET"]}}],"collection":[{"href":"https:\/\/www.europesays.com\/fr\/wp-json\/wp\/v2\/posts"}],"about":[{"href":"https:\/\/www.europesays.com\/fr\/wp-json\/wp\/v2\/types\/post"}],"author":[{"embeddable":true,"href":"https:\/\/www.europesays.com\/fr\/wp-json\/wp\/v2\/users\/2"}],"replies":[{"embeddable":true,"href":"https:\/\/www.europesays.com\/fr\/wp-json\/wp\/v2\/comments?post=178615"}],"version-history":[{"count":0,"href":"https:\/\/www.europesays.com\/fr\/wp-json\/wp\/v2\/posts\/178615\/revisions"}],"wp:featuredmedia":[{"embeddable":true,"href":"https:\/\/www.europesays.com\/fr\/wp-json\/wp\/v2\/media\/178616"}],"wp:attachment":[{"href":"https:\/\/www.europesays.com\/fr\/wp-json\/wp\/v2\/media?parent=178615"}],"wp:term":[{"taxonomy":"category","embeddable":true,"href":"https:\/\/www.europesays.com\/fr\/wp-json\/wp\/v2\/categories?post=178615"},{"taxonomy":"post_tag","embeddable":true,"href":"https:\/\/www.europesays.com\/fr\/wp-json\/wp\/v2\/tags?post=178615"}],"curies":[{"name":"wp","href":"https:\/\/api.w.org\/{rel}","templated":true}]}}