{"id":178621,"date":"2025-06-15T15:12:14","date_gmt":"2025-06-15T15:12:14","guid":{"rendered":"https:\/\/www.europesays.com\/fr\/178621\/"},"modified":"2025-06-15T15:12:14","modified_gmt":"2025-06-15T15:12:14","slug":"le-projet-est-annule-pour-le-moment","status":"publish","type":"post","link":"https:\/\/www.europesays.com\/fr\/178621\/","title":{"rendered":"le projet est annul\u00e9 (pour le moment)"},"content":{"rendered":"<p>            Par<br \/>\n        <strong><br \/>\n            <a href=\"https:\/\/actu.fr\/auteur\/yann-rivallan\" title=\"Consulter tous les articles de Yann Rivallan\" target=\"_blank\" rel=\"noopener\">Yann Rivallan<\/a><br \/>\n        <\/strong><\/p>\n<p>        Publi\u00e9 le<\/p>\n<p>            15 juin 2025 \u00e0 16h46        <\/p>\n<p>Sacr\u00e9 coup dur pour les d\u00e9fenseurs du projet de <strong>ligne nouvelle entre Paris et la Normandie<\/strong>, aussi abr\u00e9g\u00e9 <a href=\"https:\/\/actu.fr\/tag\/lnpn-ligne-nouvelle-paris-normandie\" target=\"_blank\" rel=\"noopener\">LNPN<\/a>. Le Conseil d\u2019\u00c9tat a donn\u00e9 raison, jeudi 12\u00a0juin 2025, \u00e0 la R\u00e9gion \u00cele-de-France dans son combat pour l\u2019annulation du <a href=\"https:\/\/www.lnpn.fr\/la-carte-du-projet\" target=\"_blank\" rel=\"noopener\">trac\u00e9 de cette ligne ferroviaire<\/a>.<\/p>\n<p class=\" wall-content\">De fait, le projet est, pour le moment, <strong>annul\u00e9<\/strong>. Il ne pourra pas se faire en l\u2019\u00e9tat actuel. Voici pourquoi.<\/p>\n<p>\u00ab\u2009Particuli\u00e8rement n\u00e9faste pour les terres agricoles et le paysage\u2009\u00bb<\/p>\n<p class=\" wall-content\">Tout part d\u2019un d\u00e9cret rendu par la plus haute des juridictions de l\u2019ordre administratif. Jeudi, le conseil d\u2019\u00c9tat a valid\u00e9 <a href=\"https:\/\/www.iledefrance.fr\/presse\/le-sdrif-e-officiellement-valide-une-etape-decisive-pour-lavenir-de-lile-de-france\" target=\"_blank\" rel=\"noopener\">le sch\u00e9ma directeur<\/a> de la R\u00e9gion \u00cele-de-France portant sur l\u2019environnement (SDRIF-E).<\/p>\n<p class=\" wall-content\">Dans ce dernier, en plus de divers engagements environnementaux, la R\u00e9gion a sollicit\u00e9 une opposition au trac\u00e9 actuel du projet de LNPN, cens\u00e9 relier Rouen \u00e0 Paris en passant par diverses villes de l\u2019ancienne R\u00e9gion Haute-Normandie.<\/p>\n<p class=\" wall-content\">Via un communiqu\u00e9 de presse, <strong>la R\u00e9gion \u00cele-de-France se f\u00e9licite<\/strong> de cette d\u00e9cision\u2009: \u00ab\u2009Ce projet particuli\u00e8rement n\u00e9faste pour les terres agricoles et le paysage des territoires travers\u00e9s par ce projet ferroviaire, et notamment les Yvelines, a suscit\u00e9 de l\u00e9gitimes inqui\u00e9tudes et une opposition unanime des \u00e9lus et habitants concern\u00e9s.\u2009\u00bb<\/p>\n<p>Vid\u00e9os : en ce moment sur Actu\u00ab\u2009Que l\u2019\u00c9tat ne nous l\u00e2che pas\u2009\u00bb<\/p>\n<p class=\" wall-content\">En Normandie, les \u00e9lus assurent que le projet est encore <strong>loin d\u2019\u00eatre termin\u00e9<\/strong>. Sur le r\u00e9seau social X, le maire de Rouen et pr\u00e9sident de la M\u00e9tropole, Nicolas Mayer-Rossignol, souligne\u2009: \u00ab\u2009Ce serait une terrible nouvelle pour la M\u00e9tropole de Rouen et la R\u00e9gion Normandie [d\u2019annuler la LNPN, NDLR].\u2009\u00bb<\/p>\n<p class=\" wall-content\">Selon lui, \u00ab\u2009un Comit\u00e9 de Pilotage du projet est confirm\u00e9 d\u00e9but juillet\u2009\u00bb, pour faire, vraisemblablement, un point sur les suites du projet ferroviaire. \u00ab\u2009Que l\u2019\u00c9tat ne nous l\u00e2che pas\u2009\u00bb, conclut l\u2019\u00e9dile.<\/p>\n<p class=\" wall-content\">Pour rappel, le co\u00fbt global de la LNPN est estim\u00e9 \u00e0 <strong>11\u00a0milliards d\u2019euros<\/strong>.<\/p>\n<p>Suivez l\u2019actualit\u00e9 de Rouen sur <a href=\"https:\/\/www.whatsapp.com\/channel\/0029VaKfnf99hXF2ddApFB1D\" target=\"_blank\" rel=\"noopener\">notre cha\u00eene WhatsApp<\/a> et sur <a href=\"https:\/\/www.tiktok.com\/@76actu.fr?lang=fr\" target=\"_blank\" rel=\"noopener\">notre compte TikTok<\/a><\/p>\n<p class=\" wall-content\">Suivez toute l\u2019actualit\u00e9 de vos villes et m\u00e9dias favoris en vous inscrivant \u00e0 <a href=\"https:\/\/moncompte.actu.fr\" title=\"D\u00e9couvez Mon Actu\" rel=\"nofollow noopener\" data-trk=\"{&quot;cta&quot;:{&quot;action&quot;:&quot;https:\\\/\\\/moncompte.actu.fr&quot;,&quot;category&quot;:&quot;mon compte&quot;,&quot;from&quot;:&quot;article footer&quot;,&quot;name&quot;:&quot;Mon actu&quot;,&quot;type&quot;:&quot;cta&quot;}}\" target=\"_blank\">Mon Actu<\/a>.<\/p>\n<ul class=\"ac-article-tag wall-content\">\n<li><a href=\"https:\/\/actu.fr\/tag\/lnpn-ligne-nouvelle-paris-normandie\" data-trk=\"{&quot;cta&quot;:{&quot;action&quot;:&quot;LNPN (Ligne nouvelle Paris Normandie)&quot;,&quot;category&quot;:&quot;tag&quot;,&quot;from&quot;:&quot;article footer&quot;,&quot;name&quot;:&quot;LNPN (Ligne nouvelle Paris Normandie)&quot;,&quot;type&quot;:&quot;cta&quot;}}\" target=\"_blank\" rel=\"noopener\">#LNPN (Ligne nouvelle Paris Normandie)<\/a><\/li>\n<li><a href=\"https:\/\/actu.fr\/tag\/sncf\" data-trk=\"{&quot;cta&quot;:{&quot;action&quot;:&quot;SNCF&quot;,&quot;category&quot;:&quot;tag&quot;,&quot;from&quot;:&quot;article footer&quot;,&quot;name&quot;:&quot;SNCF&quot;,&quot;type&quot;:&quot;cta&quot;}}\" target=\"_blank\" rel=\"noopener\">#SNCF<\/a><\/li>\n<\/ul>\n<p>                    <script async src=\"\/\/www.tiktok.com\/embed.js\"><\/script><\/p>\n","protected":false},"excerpt":{"rendered":"Par Yann Rivallan Publi\u00e9 le 15 juin 2025 \u00e0 16h46 Sacr\u00e9 coup dur pour les d\u00e9fenseurs du projet&hellip;\n","protected":false},"author":2,"featured_media":178622,"comment_status":"","ping_status":"","sticky":false,"template":"","format":"standard","meta":{"footnotes":""},"categories":[9587],"tags":[1111,11,1777,674,1011,27,31551,12,5161,25,9590,2215,104],"class_list":{"0":"post-178621","1":"post","2":"type-post","3":"status-publish","4":"format-standard","5":"has-post-thumbnail","7":"category-rouen","8":"tag-actu","9":"tag-actualites","10":"tag-eu","11":"tag-europe","12":"tag-fr","13":"tag-france","14":"tag-lnpn-ligne-nouvelle-paris-normandie","15":"tag-news","16":"tag-normandie","17":"tag-republique-francaise","18":"tag-rouen","19":"tag-sncf","20":"tag-societe"},"share_on_mastodon":{"url":"https:\/\/pubeurope.com\/@fr\/114688029055934427","error":""},"_links":{"self":[{"href":"https:\/\/www.europesays.com\/fr\/wp-json\/wp\/v2\/posts\/178621","targetHints":{"allow":["GET"]}}],"collection":[{"href":"https:\/\/www.europesays.com\/fr\/wp-json\/wp\/v2\/posts"}],"about":[{"href":"https:\/\/www.europesays.com\/fr\/wp-json\/wp\/v2\/types\/post"}],"author":[{"embeddable":true,"href":"https:\/\/www.europesays.com\/fr\/wp-json\/wp\/v2\/users\/2"}],"replies":[{"embeddable":true,"href":"https:\/\/www.europesays.com\/fr\/wp-json\/wp\/v2\/comments?post=178621"}],"version-history":[{"count":0,"href":"https:\/\/www.europesays.com\/fr\/wp-json\/wp\/v2\/posts\/178621\/revisions"}],"wp:featuredmedia":[{"embeddable":true,"href":"https:\/\/www.europesays.com\/fr\/wp-json\/wp\/v2\/media\/178622"}],"wp:attachment":[{"href":"https:\/\/www.europesays.com\/fr\/wp-json\/wp\/v2\/media?parent=178621"}],"wp:term":[{"taxonomy":"category","embeddable":true,"href":"https:\/\/www.europesays.com\/fr\/wp-json\/wp\/v2\/categories?post=178621"},{"taxonomy":"post_tag","embeddable":true,"href":"https:\/\/www.europesays.com\/fr\/wp-json\/wp\/v2\/tags?post=178621"}],"curies":[{"name":"wp","href":"https:\/\/api.w.org\/{rel}","templated":true}]}}