{"id":178623,"date":"2025-06-15T15:15:11","date_gmt":"2025-06-15T15:15:11","guid":{"rendered":"https:\/\/www.europesays.com\/fr\/178623\/"},"modified":"2025-06-15T15:15:11","modified_gmt":"2025-06-15T15:15:11","slug":"municipales-2026-gieres-avenir-lance-sa-campagne-pour-les-prochaines-elections","status":"publish","type":"post","link":"https:\/\/www.europesays.com\/fr\/178623\/","title":{"rendered":"Municipales 2026. Gi\u00e8res avenir lance sa campagne pour les prochaines \u00e9lections"},"content":{"rendered":"<p>Les deux \u00e9lus, Sylvain Stamboulian et Daniel Finazzo, de l\u2019actuel groupe de l\u2019opposition au conseil municipal, Gi\u00e8res avenir, se lancent dans la campagne des prochaines municipales. Pour l\u2019occasion, ils organisent une r\u00e9union publique sur le th\u00e8me de l\u2019am\u00e9nagement du territoire. Ils ont invit\u00e9 le s\u00e9nateur de l\u2019Is\u00e8re et conseiller m\u00e9tropolitain, Michel Savin, et le conseiller r\u00e9gional et conseiller municipal de l\u2019opposition \u00e0 Eybens, Philippe Paliard, \u00e0 d\u00e9battre avec les Gi\u00e9rois. Ils aborderont des sujets tels que l\u2019urbanisme, la voirie, les d\u00e9placements et les zones d\u2019activit\u00e9, dans une perspective de d\u00e9veloppement harmonieux du territoire.<\/p>\n<p class=\"note\">Lundi 16\u00a0juin \u00e0 18 heures \u00e0 la grange Michal. Plus d\u2019infos\u00a0: <a href=\"http:\/\/www.facebook.com\/Gieresavenir\" target=\"_blank\" rel=\"noopener\">www.facebook.com\/Gieresavenir<\/a> <\/p>\n","protected":false},"excerpt":{"rendered":"Les deux \u00e9lus, Sylvain Stamboulian et Daniel Finazzo, de l\u2019actuel groupe de l\u2019opposition au conseil municipal, Gi\u00e8res avenir,&hellip;\n","protected":false},"author":2,"featured_media":178624,"comment_status":"","ping_status":"","sticky":false,"template":"","format":"standard","meta":{"footnotes":""},"categories":[9566],"tags":[1111,11,2430,112,4188,1777,674,1011,27,12505,2731,7000,12,316,25],"class_list":{"0":"post-178623","1":"post","2":"type-post","3":"status-publish","4":"format-standard","5":"has-post-thumbnail","7":"category-grenoble","8":"tag-actu","9":"tag-actualites","10":"tag-auvergne-rhone-alpes","11":"tag-edition-grenoble-agglomeration","12":"tag-elections-municipales","13":"tag-eu","14":"tag-europe","15":"tag-fr","16":"tag-france","17":"tag-gieres","18":"tag-grenoble","19":"tag-lagglomeration","20":"tag-news","21":"tag-politique","22":"tag-republique-francaise"},"share_on_mastodon":{"url":"https:\/\/pubeurope.com\/@fr\/114688040853176400","error":""},"_links":{"self":[{"href":"https:\/\/www.europesays.com\/fr\/wp-json\/wp\/v2\/posts\/178623","targetHints":{"allow":["GET"]}}],"collection":[{"href":"https:\/\/www.europesays.com\/fr\/wp-json\/wp\/v2\/posts"}],"about":[{"href":"https:\/\/www.europesays.com\/fr\/wp-json\/wp\/v2\/types\/post"}],"author":[{"embeddable":true,"href":"https:\/\/www.europesays.com\/fr\/wp-json\/wp\/v2\/users\/2"}],"replies":[{"embeddable":true,"href":"https:\/\/www.europesays.com\/fr\/wp-json\/wp\/v2\/comments?post=178623"}],"version-history":[{"count":0,"href":"https:\/\/www.europesays.com\/fr\/wp-json\/wp\/v2\/posts\/178623\/revisions"}],"wp:featuredmedia":[{"embeddable":true,"href":"https:\/\/www.europesays.com\/fr\/wp-json\/wp\/v2\/media\/178624"}],"wp:attachment":[{"href":"https:\/\/www.europesays.com\/fr\/wp-json\/wp\/v2\/media?parent=178623"}],"wp:term":[{"taxonomy":"category","embeddable":true,"href":"https:\/\/www.europesays.com\/fr\/wp-json\/wp\/v2\/categories?post=178623"},{"taxonomy":"post_tag","embeddable":true,"href":"https:\/\/www.europesays.com\/fr\/wp-json\/wp\/v2\/tags?post=178623"}],"curies":[{"name":"wp","href":"https:\/\/api.w.org\/{rel}","templated":true}]}}